{"id":10565,"date":"2011-10-29T15:42:04","date_gmt":"2011-10-29T14:42:04","guid":{"rendered":"http:\/\/www.wwwagner.tv\/?p=10565"},"modified":"2020-04-22T14:47:00","modified_gmt":"2020-04-22T12:47:00","slug":"romer-paul","status":"publish","type":"post","link":"https:\/\/www.wwwagner.tv\/?p=10565","title":{"rendered":"R\u00f6mer, Paul"},"content":{"rendered":"<h4>&#8222;Der Kampf Privat &#8211; \u00d6ffis ist verr\u00fcckt!&#8220;<\/h4>\n<div style=\"height:10px;\"><\/div>\n<p><figure id=\"attachment_10566\" aria-describedby=\"caption-attachment-10566\" style=\"width: 600px\" class=\"wp-caption alignnone\"><img loading=\"lazy\" decoding=\"async\" src=\"https:\/\/www.wwwagner.tv\/wp-content\/uploads\/20111027_roemer_paul_600.jpg\" alt=\"\" width=\"600\" height=\"374\" class=\"size-full wp-image-10566\" srcset=\"https:\/\/www.wwwagner.tv\/wp-content\/uploads\/20111027_roemer_paul_600.jpg 600w, https:\/\/www.wwwagner.tv\/wp-content\/uploads\/20111027_roemer_paul_600-300x187.jpg 300w\" sizes=\"auto, (max-width: 600px) 100vw, 600px\" \/><figcaption id=\"caption-attachment-10566\" class=\"wp-caption-text\">Paul R\u00f6mer | Foto: \u00a9 J\u00f6rg Wagner<\/figcaption><\/figure><br \/>\n<span style=\"font-size: 11pt; font-family: tahoma,arial,helvetica,sans-serif;\"><\/p>\n<blockquote><p><em>&#8222;Wenn wir nicht den Kampf um das Publikum verlieren wollen, m\u00fcssen wir die Schlachten gegen einander einstellen und uns auf die Bed\u00fcrfnisse des Publikums konzentrieren.&#8220;<\/em><\/p><\/blockquote>\n<div style=\"height:10px;\"><\/div>\n<p> <audio   controls > <source src=\"https:\/\/www.wwwagner.tv\/audio\/20111026_roemer_paul_128.mp3\" type='audio\/mpeg' \/> <object   type=\"application\/x-shockwave-flash\"  data=\"https:\/\/www.wwwagner.tv\/wp-content\/plugins\/wphtml5player\/inc\/flowplayer.swf\"  width=\"400\"  height=\"30\"> <param name=\"movie\" value='https:\/\/www.wwwagner.tv\/wp-content\/plugins\/wphtml5player\/inc\/flowplayer.swf' \/><param name=\"allowfullscreen\" value='false' \/><param name=\"cachebusting\" value='true' \/><param name=\"bgcolor\" value='#000000' \/><param name=\"flashvars\" value='config={\"plugins\":{\"controls\":{\"height\":30,\"autoHide\":false,\"fullscreen\":false}},\"clip\":{\"autoPlay\":false,\"url\":\"https:\\\/\\\/www.wwwagner.tv\\\/audio\\\/20111026_roemer_paul_128.mp3\"},\"playlist\":[{\"autoPlay\":false,\"url\":\"https:\\\/\\\/www.wwwagner.tv\\\/audio\\\/20111026_roemer_paul_128.mp3\"}],\"play\":{\"opacity\":0}}' \/>  No audio playback capabilities, please download the audio below<br \/><strong>Download Audio:<\/strong> Closed Format: <a href=\"https:\/\/www.wwwagner.tv\/audio\/20111026_roemer_paul_128.mp3\">MP3<\/a> <\/object> <!-- Generated by HTML5 Multimedia Framework (http:\/\/code.google.com\/p\/html5videoplayer) --> <\/audio>  <br \/>\n<a href=\"https:\/\/www.wwwagner.tv\/audio\/20111026_roemer_paul_128.mp3\">Download<\/a><\/p>\n<div style=\"height:10px;\"><\/div>\n<p><u>Wer<\/u>: Paul R\u00f6mer, <a href=\"https:\/\/www.ntr.nl\/\">NTR<\/a>-Manager und Ex-<a href=\"https:\/\/www.endemol.nl\/\" rel=\"noopener noreferrer\" target=\"_blank\">endemol<\/a>-Produzent<br \/>\n<u>Was<\/u>: Interview u. a. \u00fcber das Duale Rundfunksystem<br \/>\n<u>Wo<\/u>: Niederl\u00e4ndische Botschaft, Berlin<br \/>\n<u>Wann<\/u>: 26.10.2011<\/p>\n<div style=\"height:10px;\"><\/div>\n<p>Paul R\u00f6mer ist ein Wanderer zwischen den Medienwelten. 15 Jahre lang bei endemol, ab 1999 auch f\u00fcr Big Brother verantwortlich gewesen, steht er jetzt in den Diensten des \u00f6ffentlich-rechtlichen Rundfunks in den Niederlanden (NTR). In einem deutsch-englischen Interview erz\u00e4hlt er \u00fcber sich und den Fehler sich gegenseitig im Dualen System zu bek\u00e4mpfen.<\/span><\/p>\n<div style=\"height:20px;\"><\/div>\n<figure id=\"attachment_10643\" aria-describedby=\"caption-attachment-10643\" style=\"width: 300px\" class=\"wp-caption alignnone\"><img loading=\"lazy\" decoding=\"async\" src=\"https:\/\/www.wwwagner.tv\/wp-content\/uploads\/20111026_roemer_paul_rede_300.jpg\" alt=\"\" width=\"300\" height=\"200\" class=\"size-full wp-image-10643\" \/><figcaption id=\"caption-attachment-10643\" class=\"wp-caption-text\">Paul R\u00f6mer w\u00e4hrend des Prix Europa 2011 in der Niederl\u00e4ndischen Botschaft vor Popart-Bildern der K\u00f6nigin Beatrix | Foto: \u00a9 J\u00f6rg Wagner<\/figcaption><\/figure>\n<div style=\"height:10px;\"><\/div>\n<p> <audio   controls > <source src=\"http:\/\/www.wwwagner.tv\/audio\/20111026_roemer_paul_rede.mp3\" type='audio\/mpeg' \/> <object   type=\"application\/x-shockwave-flash\"  data=\"https:\/\/www.wwwagner.tv\/wp-content\/plugins\/wphtml5player\/inc\/flowplayer.swf\"  width=\"400\"  height=\"30\"> <param name=\"movie\" value='https:\/\/www.wwwagner.tv\/wp-content\/plugins\/wphtml5player\/inc\/flowplayer.swf' \/><param name=\"allowfullscreen\" value='false' \/><param name=\"cachebusting\" value='true' \/><param name=\"bgcolor\" value='#000000' \/><param name=\"flashvars\" value='config={\"plugins\":{\"controls\":{\"height\":30,\"autoHide\":false,\"fullscreen\":false}},\"clip\":{\"autoPlay\":false,\"url\":\"http:\\\/\\\/www.wwwagner.tv\\\/audio\\\/20111026_roemer_paul_rede.mp3\"},\"playlist\":[{\"autoPlay\":false,\"url\":\"http:\\\/\\\/www.wwwagner.tv\\\/audio\\\/20111026_roemer_paul_rede.mp3\"}],\"play\":{\"opacity\":0}}' \/>  No audio playback capabilities, please download the audio below<br \/><strong>Download Audio:<\/strong> Closed Format: <a href=\"http:\/\/www.wwwagner.tv\/audio\/20111026_roemer_paul_rede.mp3\">MP3<\/a> <\/object> <!-- Generated by HTML5 Multimedia Framework (http:\/\/code.google.com\/p\/html5videoplayer) --> <\/audio>  <br \/>\n<a href=\"http:\/\/www.wwwagner.tv\/audio\/20111026_roemer_paul_rede.mp3\">Download<\/a><\/p>\n<div style=\"height:10px;\"><\/div>\n<p><u>Wer<\/u>: Paul R\u00f6mer, NTR-Manager und Ex-endemol-Produzent<br \/>\n<u>Was<\/u>: Vortrag w\u00e4hrend des Prix Europa<br \/>\n<u>Wo<\/u>: Niederl\u00e4ndische Botschaft, Berlin<br \/>\n<u>Wann<\/u>: 26.10.2011<\/p>\n<div style=\"height:10px;\"><\/div>\n<div style=\"height:10px;\"><\/div>\n<hr \/>\n<div style=\"height: 5px;\"><\/div>\n<p><html><br \/>\n     <head><\/p>\n<style type=\"text\/css\">\n       body {\n                     background: #DADADA;\n       }\n      <\/style>\n<p>     <\/head><br \/>\n     <body><br \/>\n<\/body><br \/>\n    <\/html><br \/>\n<script src=\"https:\/\/apis.google.com\/js\/plusone.js\" type=\"text\/javascript\">\/\/ < ![CDATA[ {lang: 'de'} \/\/ ]]><\/script><br \/>\n<script src=\"http:\/\/twittercounter.com\/embed\/?username=medienmagazin&amp;style=avatar\" type=\"text\/javascript\"><\/script><\/p>\n","protected":false},"excerpt":{"rendered":"<p>&#8222;Der Kampf Privat &#8211; \u00d6ffis ist verr\u00fcckt!&#8220; &#8222;Wenn wir nicht den Kampf um das Publikum verlieren wollen, m\u00fcssen wir die Schlachten gegen einander einstellen und uns auf die Bed\u00fcrfnisse des Publikums konzentrieren.&#8220; No audio playback capabilities, please download the audio belowDownload Audio: Closed Format: MP3 Download Wer: Paul R\u00f6mer, NTR-Manager und Ex-endemol-Produzent Was: Interview u. [&hellip;]<\/p>\n","protected":false},"author":2,"featured_media":0,"comment_status":"open","ping_status":"open","sticky":false,"template":"","format":"standard","meta":{"_monsterinsights_skip_tracking":false,"_monsterinsights_sitenote_active":false,"_monsterinsights_sitenote_note":"","_monsterinsights_sitenote_category":0,"footnotes":""},"categories":[114,119],"tags":[40,283,282,281,13],"class_list":["post-10565","post","type-post","status-publish","format-standard","hentry","category-a-z","category-r","tag-big-brother","tag-endemol","tag-ntr","tag-paul-romer","tag-prix-europa"],"_links":{"self":[{"href":"https:\/\/www.wwwagner.tv\/index.php?rest_route=\/wp\/v2\/posts\/10565","targetHints":{"allow":["GET"]}}],"collection":[{"href":"https:\/\/www.wwwagner.tv\/index.php?rest_route=\/wp\/v2\/posts"}],"about":[{"href":"https:\/\/www.wwwagner.tv\/index.php?rest_route=\/wp\/v2\/types\/post"}],"author":[{"embeddable":true,"href":"https:\/\/www.wwwagner.tv\/index.php?rest_route=\/wp\/v2\/users\/2"}],"replies":[{"embeddable":true,"href":"https:\/\/www.wwwagner.tv\/index.php?rest_route=%2Fwp%2Fv2%2Fcomments&post=10565"}],"version-history":[{"count":30,"href":"https:\/\/www.wwwagner.tv\/index.php?rest_route=\/wp\/v2\/posts\/10565\/revisions"}],"predecessor-version":[{"id":46681,"href":"https:\/\/www.wwwagner.tv\/index.php?rest_route=\/wp\/v2\/posts\/10565\/revisions\/46681"}],"wp:attachment":[{"href":"https:\/\/www.wwwagner.tv\/index.php?rest_route=%2Fwp%2Fv2%2Fmedia&parent=10565"}],"wp:term":[{"taxonomy":"category","embeddable":true,"href":"https:\/\/www.wwwagner.tv\/index.php?rest_route=%2Fwp%2Fv2%2Fcategories&post=10565"},{"taxonomy":"post_tag","embeddable":true,"href":"https:\/\/www.wwwagner.tv\/index.php?rest_route=%2Fwp%2Fv2%2Ftags&post=10565"}],"curies":[{"name":"wp","href":"https:\/\/api.w.org\/{rel}","templated":true}]}}