{"id":11187,"date":"2011-11-23T16:45:48","date_gmt":"2011-11-23T15:45:48","guid":{"rendered":"http:\/\/www.wwwagner.tv\/?p=11187"},"modified":"2021-06-13T21:44:24","modified_gmt":"2021-06-13T19:44:24","slug":"fritzchef-ubernimmt-verantwortung-rbb-trennt-sich-von-ken-jebsen","status":"publish","type":"post","link":"https:\/\/www.wwwagner.tv\/?p=11187","title":{"rendered":"Fritzchef \u00fcbernimmt Verantwortung &#8211; rbb trennt sich von Ken Jebsen"},"content":{"rendered":"<figure id=\"attachment_11219\" aria-describedby=\"caption-attachment-11219\" style=\"width: 600px\" class=\"wp-caption alignnone\"><a href=\"http:\/\/www.wwwagner.tv\/wp-content\/uploads\/frit_mikro_kopfhoerer_600.jpg\"><img loading=\"lazy\" decoding=\"async\" src=\"http:\/\/www.wwwagner.tv\/wp-content\/uploads\/frit_mikro_kopfhoerer_600.jpg\" alt=\"\" width=\"600\" height=\"412\" class=\"size-full wp-image-11219\" srcset=\"https:\/\/www.wwwagner.tv\/wp-content\/uploads\/frit_mikro_kopfhoerer_600.jpg 600w, https:\/\/www.wwwagner.tv\/wp-content\/uploads\/frit_mikro_kopfhoerer_600-300x206.jpg 300w\" sizes=\"auto, (max-width: 600px) 100vw, 600px\" \/><\/a><figcaption id=\"caption-attachment-11219\" class=\"wp-caption-text\">Ken Jebsen: Mikro und Kopfh\u00f6rer abgegeben | Foto: \u00a9 rbb\/Thomas Ernst<\/figcaption><\/figure>\n<div style=\"height:10px;\"><\/div>\n<p><span style=\"font-size: 11pt; font-family: tahoma,arial,helvetica,sans-serif;\"><br \/>\nDie <a href=\"http:\/\/www.wwwagner.tv\/?p=10834\">Causa Jebsen<\/a> hat nach den letzten zwei Sendungen KenFM (13.11\/20.11.2011) im rbb-Programm Fritz zu neuen Konsequenzen gef\u00fchrt. Zun\u00e4chst hatte der rbb in intensiven Gespr\u00e4chen mit dem Fritz-Programm-Management und Moderator Ken Jebsen <em>&#8222;klare Absprachen getroffen&#8220;<\/em> (rbb-Presseinformation, 07.11.2011) infolge dessen u. a. die redaktionelle Unterst\u00fctzung verst\u00e4rkt wurde. Dabei getroffene verbindliche Vereinbarungen seien, so rbb-Programmdirektorin Claudia Nothelle jetzt, <em>&#8222;wiederholt nicht eingehalten&#8220;<\/em> worden. Zus\u00e4tzlich ist die Bestandsaufnahme von vergangenen Sendungen KenFM offenbar so negativ ausgefallen, dass KenFM aufgegeben wird: <\/span><\/p>\n<div style=\"height:10px;\"><\/div>\n<blockquote><p><em>&#8222;In der Sendung &#8218;KenFM&#8216; liefen in den vergangenen Monaten mehrere nicht ausreichend redaktionell gepr\u00fcfte und abgenommene Beitr\u00e4ge. Zudem hat der Moderator ohne Abstimmung mit der Redaktion Beitr\u00e4ge auf der Seite &#8222;<a href=\"http:\/\/www.KenFM.de\">KenFM.de<\/a>&#8220; online gestellt.&#8220; (rbb-Presseinformation vom 23.11.2011\/16:25)<\/em><\/p><\/blockquote>\n<div style=\"height:10px;\"><\/div>\n<p><span style=\"font-size: 11pt; font-family: tahoma,arial,helvetica,sans-serif;\"><br \/>\nDie Konsequenz:<br \/>\n1. Stefan Warbeck als Programmchef \u00fcbernimmt die Verantwortung f\u00fcr redaktionelle Vers\u00e4umnisse und gibt auf eigenen Wunsch die Chefposition auf.<br \/>\n2. Der rbb trennt sich von Ken Jebsen.<br \/>\n<span style=\"font-size: 11pt; font-family: tahoma,arial,helvetica,sans-serif;\"><br \/>\nKen Jebsens Reaktion am Mittwochabend 23.11.2011 ca. 19:25 Uhr<\/span><\/p>\n<div style=\"height:15px;\"><\/div>\n<div class=\"BorlabsCookie\"><div class=\"_brlbs-content-blocker\"> <div class=\"_brlbs-embed _brlbs-video-youtube\"> <img class=\"_brlbs-thumbnail\" src=\"https:\/\/www.wwwagner.tv\/wp-content\/plugins\/borlabs-cookie\/images\/cb-no-thumbnail.png\" alt=\"YouTube\"> <div class=\"_brlbs-caption\"> <p>Mit dem Laden des Videos akzeptieren Sie die Datenschutzerkl\u00e4rung von YouTube.<br><a href=\"https:\/\/policies.google.com\/privacy\" target=\"_blank\" rel=\"nofollow noopener noreferrer\">Mehr erfahren<\/a><\/p> <p><a class=\"_brlbs-btn _brlbs-icon-play-white\" href=\"#\" data-borlabs-cookie-unblock role=\"button\">Video laden<\/a><\/p> <p><label><input type=\"checkbox\" name=\"unblockAll\" value=\"1\" checked> <small>YouTube immer entsperren<\/small><\/label><\/p> <\/div> <\/div> <\/div><div class=\"borlabs-hide\" data-borlabs-cookie-type=\"content-blocker\" data-borlabs-cookie-id=\"youtube\"><script type=\"text\/template\">PHA+PGlmcmFtZSBsb2FkaW5nPSJsYXp5IiB3aWR0aD0iNjAwIiBoZWlnaHQ9IjMzNSIgc3JjPSJodHRwczovL3d3dy55b3V0dWJlLW5vY29va2llLmNvbS9lbWJlZC9wcUlSYnFDaXdhTSIgZnJhbWVib3JkZXI9IjAiIGFsbG93ZnVsbHNjcmVlbj48L2lmcmFtZT48L3A+<\/script><\/div><\/div>\n<div style=\"height: 20px;\"><\/div>\n<blockquote><p>\n<em>&#8222;Stellungnahme. Soeben erfahre ich aus der Presse, dass meine \u00fcber 18j\u00e4hrige T\u00e4tigkeit bei Radio Fritz mit sofortiger Wirkung beendet wurde. Als Begr\u00fcndung wird behauptet, ich h\u00e4tte mich zuletzt wiederholt nicht an verbindliche Vereinbarungen \u00fcber die Gestaltung der Sendung KenFM gehalten. Dieser Vorwurf wird von mir zur\u00fcck gewiesen. Auf Grund laufender Verhandlungen erfolgt derzeit keine weitere Stellungnahme. Euer Ken Jebsen.&#8220;<br \/>\n<\/em><\/p><\/blockquote>\n<p><span style=\"font-size: 11pt; font-family: tahoma,arial,helvetica,sans-serif;\"><br \/>\nMehr ist leider nicht zu erfahren. So bleibt auch im Dunkeln, warum Ken Jebsen seine Audiobotschaft mit einem Foto vom chinesischen Platz des Himmlischen Friedens 1989 kombiniert, als die Parteif\u00fchrung den Protest von Studenten mit Panzern niederwalzte. <\/span><\/p>\n<p><span style=\"font-size: 11pt; font-family: tahoma,arial,helvetica,sans-serif;\"><br \/>\nKurze Zeit sp\u00e4ter dann doch noch eine Stellungnahme. Sie ist als eine typische KenFM-Audioproduktion zu erkennen und erz\u00e4hlt indirekt den Fall Jebsen via Witz-Parabel aus seiner Sicht. Aus einem harmlosen Witz wird todernstes Spiel. <\/span><\/p>\n<div style=\"height:15px;\"><\/div>\n<blockquote><p><em>Das kann Sie Ihren Job kosten. Aus der Nummer kommen Sie nie wieder raus!<\/em><\/p><\/blockquote>\n<p><span style=\"font-size: 11pt; font-family: tahoma,arial,helvetica,sans-serif;\"><br \/>\nAm Ende Sch\u00fcsse. Als dieser Audiokommentar nach dem 06.11.2011, dem Aussetzen seiner Sendung wegen der Antisemitismus-Vorw\u00fcrfe, produziert wurde, hatte Ken Jebsen noch seinen Job.<\/p>\n<div style=\"height:15px;\"><\/div>\n<div class=\"BorlabsCookie\"><div class=\"_brlbs-content-blocker\"> <div class=\"_brlbs-embed _brlbs-video-youtube\"> <img class=\"_brlbs-thumbnail\" src=\"https:\/\/www.wwwagner.tv\/wp-content\/plugins\/borlabs-cookie\/images\/cb-no-thumbnail.png\" alt=\"YouTube\"> <div class=\"_brlbs-caption\"> <p>Mit dem Laden des Videos akzeptieren Sie die Datenschutzerkl\u00e4rung von YouTube.<br><a href=\"https:\/\/policies.google.com\/privacy\" target=\"_blank\" rel=\"nofollow noopener noreferrer\">Mehr erfahren<\/a><\/p> <p><a class=\"_brlbs-btn _brlbs-icon-play-white\" href=\"#\" data-borlabs-cookie-unblock role=\"button\">Video laden<\/a><\/p> <p><label><input type=\"checkbox\" name=\"unblockAll\" value=\"1\" checked> <small>YouTube immer entsperren<\/small><\/label><\/p> <\/div> <\/div> <\/div><div class=\"borlabs-hide\" data-borlabs-cookie-type=\"content-blocker\" data-borlabs-cookie-id=\"youtube\"><script type=\"text\/template\">PHA+PGlmcmFtZSBsb2FkaW5nPSJsYXp5IiB3aWR0aD0iNjAwIiBoZWlnaHQ9IjMzNSIgc3JjPSJodHRwczovL3d3dy55b3V0dWJlLW5vY29va2llLmNvbS9lbWJlZC9yLXVrMl9kemVRVSIgZnJhbWVib3JkZXI9IjAiIGFsbG93ZnVsbHNjcmVlbj48L2lmcmFtZT48L3A+<\/script><\/div><\/div>\n<div style=\"height:15px;\"><\/div>\n<p><span style=\"font-size: 11pt; font-family: tahoma,arial,helvetica,sans-serif;\"><br \/>\n<strong>Update 26.11.2011<\/strong><br \/>\nDie Nachrichtenlage ist \u00e4u\u00dferst d\u00fcnn. Die Bereitwilligkeit Informationen preiszugeben, wird von der Logik m\u00f6glicher juristischer Auseinandersetzungen bestimmt. Wer sich zu fr\u00fch in die Karten sehen l\u00e4sst, hat vermutlich einen Nachteil in einem wahrscheinlichen Prozess.<br \/>\n<span style=\"font-size: 11pt; font-family: tahoma,arial,helvetica,sans-serif;\"><br \/>\nDas ist das normale Ritual. Das ist g\u00e4ngige Praxis. Das empfiehlt Ihnen der Rechtsanwalt Ihres Vertrauens. Deshalb steht, anders als noch vor vierzehn Tagen, rbb-Programmdirektorin Claudia Nothelle nicht f\u00fcr ein Interview mit dem radioeins-Medienmagazin zur Verf\u00fcgung. Deshalb wird rbb-Unternehmenssprecher Justus Demmer die rbb-Position in relativ knappen Worten erl\u00e4utern und Ken Jebsen innerhalb einer Minute seine.<br \/>\n<span style=\"font-size: 11pt; font-family: tahoma,arial,helvetica,sans-serif;\"><br \/>\nDas ist unbefriedigend. Aber hier stehen zwei Interessen im Konflikt. Transparenz und Prozess-Taktik. Offenbar ist beides nicht vereinbar. Generell. Wie hei\u00dft es immer so sch\u00f6n: Sie haben das Recht zu schweigen &#8230; Das \u00f6ffnet leider Raum f\u00fcr Spekulationen und Verschw\u00f6rungstheorien. Die Deutungshoheit \u00fcbernehmen andere. Das wissen Prozessparteien. Sie nehmen es in Kauf.<br \/>\n<span style=\"font-size: 11pt; font-family: tahoma,arial,helvetica,sans-serif;\"><br \/>\nDie journalistischen Rahmenbedingungen sind daher \u00e4u\u00dferst eng. Vor solchen Interviews ist es unausweichlich auszuloten, was machbar ist. H\u00f6ren Sie das Resultat im konkreten Fall, bei dem zu Beginn rbb-Unternehmenssprecher Justus Demmer die Ereignisse Mitte der Woche zusammenfasst:<\/p>\n<div style=\"height:10px;\"><\/div>\n<p> <audio   controls > <source src=\"http:\/\/www.wwwagner.tv\/audio\/mm20111126_1_demmer_jebsen.mp3\" type='audio\/mpeg' \/> <object   type=\"application\/x-shockwave-flash\"  data=\"https:\/\/www.wwwagner.tv\/wp-content\/plugins\/wphtml5player\/inc\/flowplayer.swf\"  width=\"400\"  height=\"30\"> <param name=\"movie\" value='https:\/\/www.wwwagner.tv\/wp-content\/plugins\/wphtml5player\/inc\/flowplayer.swf' \/><param name=\"allowfullscreen\" value='false' \/><param name=\"cachebusting\" value='true' \/><param name=\"bgcolor\" value='#000000' \/><param name=\"flashvars\" value='config={\"plugins\":{\"controls\":{\"height\":30,\"autoHide\":false,\"fullscreen\":false}},\"clip\":{\"autoPlay\":false,\"url\":\"http:\\\/\\\/www.wwwagner.tv\\\/audio\\\/mm20111126_1_demmer_jebsen.mp3\"},\"playlist\":[{\"autoPlay\":false,\"url\":\"http:\\\/\\\/www.wwwagner.tv\\\/audio\\\/mm20111126_1_demmer_jebsen.mp3\"}],\"play\":{\"opacity\":0}}' \/>  No audio playback capabilities, please download the audio below<br \/><strong>Download Audio:<\/strong> Closed Format: <a href=\"http:\/\/www.wwwagner.tv\/audio\/mm20111126_1_demmer_jebsen.mp3\">MP3<\/a> <\/object> <!-- Generated by HTML5 Multimedia Framework (http:\/\/code.google.com\/p\/html5videoplayer) --> <\/audio>  <br \/>\n<a href=\"http:\/\/download.radioeins.de\/mp3\/medienmagazin\/mm20111126_1_demmer_jebsen.mp3\" target=\"_blank\" rel=\"noopener noreferrer\">Download<\/a> <span style=\"color: #888888;\">(verlinkte Audio-Quelle: radioeins-Medienmagazin, rbb, 26.11.2011)<\/span><\/p>\n<div style=\"height:10px;\"><\/div>\n<p><span style=\"font-size: 11pt; font-family: tahoma,arial,helvetica,sans-serif;\"><br \/>\n<strong>Update 27.11.2011<\/strong><br \/>\nSonntag. Der erste Sonntag nach der Absetzung der Sendung KenFM. Per <a href=\"http:\/\/www.facebook.com\/KenFM.de#!\/KenFM.de\">Facebook<\/a> teilt Ken Jebsen seinen H\u00f6rern mit, was er f\u00fcr die Sendung geplant hatte. Dieser Sendeplan wird hier vollst\u00e4ndig dokumentiert:<\/p>\n<blockquote><p><em>Liebe KenFm H\u00f6rer. Als Thema f\u00fcr diesen Sonntag hatten wir vorgeschlagen: \u201eZweierlei Ma\u00df?\u201c und wurde am 21.11.2011 der Chefredaktion von Fritz zur Abnahme im Haus vorgelegt.<\/em><br \/>\n<em>Wir hatten drei hochkar\u00e4tige Telefoninterviewpartner zu drei elementaren Themen recherchiert.<\/em>><em>1. Die USA stehen kurz vor der Zahlungsunf\u00e4higkeit,rangieren im Ranking aber immer noch auf AAA Status.Europ\u00e4ische Staaten mit ein&#8230;em deutlich geringeren Staatsdefizit werden hingegen abgewertet. Zweierlei Ma\u00df?<br \/>\nDiese Frage beantwortet uns Dirk M\u00fcller, genannt Mister Dax,das Gesicht der deutschen B\u00f6rse.<\/em><br \/>\n<a href=\"http:\/\/www.cashkurs.com\/Kontakt.71.0.html\">http:\/\/www.cashkurs.com\/Kontakt.71.0.html<\/a><\/p>\n<p><em>2.Der Konflikt mit dem Iran spitzt sich zu. Aus den aktuell vorgelegten Memoiren von Mohammed el-Baradei (bis November 2009 Generaldirektor der IAOE) geht hervor &#8222;es gibt keine Alternative zur Diplomatie, wenn man eine atomwaffenfreie Welt w\u00fcnscht&#8220;. Unsere Frage: wer beurteilt \u00fcberhaupt ,ob Atomwaffen in den H\u00e4nden von xy eine Gefahr f\u00fcr den Weltfrieden darstellen, oder aber das Konzept der Abschreckung unterst\u00fctzen? Unser Gespr\u00e4chspartner ist Daniele Ganser, Historiker und Friedensforscher an der Uni Basel.<\/em><br \/>\n<a href=\"http:\/\/www.danieleganser.ch\/Kontakt.html\">http:\/\/www.danieleganser.ch\/Kontakt.html<\/a><\/p>\n<p><em>3.Die Menschenrechtscharta von 1948 ist bindend f\u00fcr alle Staaten der Welt. Kriegsverbrecher werden in Den Haag vor den internationalen Gerichtshof gestellt und erhalten hier ein rechtsstaatliches Verfahren. Au\u00dfer sie sitzen in Guantanamo fest. Dann sehen die Gefangenen nicht einmal einen Anwalt. Widerspricht das nicht internationalem Recht? Unser Gespr\u00e4chspartner: Prof. Dr. Joachim Wieland, Lehrstuhl f\u00fcr \u00d6ffentliches Recht, Mitglied des Verfassungsgerichtshofes,vertritt in Rechtsfragen den Bundespr\u00e4sidenten.<\/em><br \/>\n<a href=\"http:\/\/www.dhv-speyer.de\/wieland\/Lehrstuhlinhaber.htm\">http:\/\/www.dhv-speyer.de\/wieland\/Lehrstuhlinhaber.htm<\/a><\/p>\n<p><em>Als Band war unter anderem \u201eNorthern Lite\u201c angefragt. Schade, dass diese Sendung jetzt nicht auf Radio Fritz ausgestrahlt wird.<\/em><\/p>\n<p><em>Euer Ken Jebsen &#038; Crew<\/em><\/p><\/blockquote>\n<div style=\"height:20px;\"><\/div>\n<p>Vgl.:<br \/>\n* KenFM 28.01.2007 (!)<br \/>\n<div class=\"BorlabsCookie\"><div class=\"_brlbs-content-blocker\"> <div class=\"_brlbs-embed _brlbs-video-youtube\"> <img class=\"_brlbs-thumbnail\" src=\"https:\/\/www.wwwagner.tv\/wp-content\/plugins\/borlabs-cookie\/images\/cb-no-thumbnail.png\" alt=\"YouTube\"> <div class=\"_brlbs-caption\"> <p>Mit dem Laden des Videos akzeptieren Sie die Datenschutzerkl\u00e4rung von YouTube.<br><a href=\"https:\/\/policies.google.com\/privacy\" target=\"_blank\" rel=\"nofollow noopener noreferrer\">Mehr erfahren<\/a><\/p> <p><a class=\"_brlbs-btn _brlbs-icon-play-white\" href=\"#\" data-borlabs-cookie-unblock role=\"button\">Video laden<\/a><\/p> <p><label><input type=\"checkbox\" name=\"unblockAll\" value=\"1\" checked> <small>YouTube immer entsperren<\/small><\/label><\/p> <\/div> <\/div> <\/div><div class=\"borlabs-hide\" data-borlabs-cookie-type=\"content-blocker\" data-borlabs-cookie-id=\"youtube\"><script type=\"text\/template\">PGlmcmFtZSBsb2FkaW5nPSJsYXp5IiB3aWR0aD0iMzAwIiBoZWlnaHQ9IjIzMyIgc3JjPSJodHRwczovL3d3dy55b3V0dWJlLW5vY29va2llLmNvbS9lbWJlZC9RSGxHcGh1cXNvRSIgZnJhbWVib3JkZXI9IjAiIGFsbG93ZnVsbHNjcmVlbj48L2lmcmFtZT4=<\/script><\/div><\/div><br \/>\n* <a href=\"http:\/\/www.wwwagner.tv\/?p=10948\">radioeins-Medienmagazin vom 12.11.2011<\/a><br \/>\n* rbb-Pressemitteilung vom 23.11.2011 auf <a href=\"http:\/\/www.fritz.de\/neues_wort\/aktuell\/2011\/11\/erklaerung.html\">fritz.de<\/a><br \/>\n* &#8222;Lieber Stefan &#8230;&#8220;, Blog <a href=\"http:\/\/holgi.blogger.de\/stories\/1944676\/\">Stackenblochen<\/a> von Holger Klein<br \/>\n* <a href=\"http:\/\/www.maerkischeallgemeine.de\/cms\/beitrag\/12226400\/63369\/Ken-Jebsen-nach-seinem-Rausschmiss-Ich-lasse-mich.html\">Ken Jebsen nach seinem Rausschmiss<\/a>, M\u00e4rkische Allgemeine Zeitung, 25.11.2011<br \/>\n* Krudes Geblubber, Die Zeit, 49\/2011 via <a href=\"http:\/\/www.zeit.de\/2011\/49\/RBB-Jebsen\">zeit.de<\/a><\/p>\n<div style=\"height: 10px;\"><\/div>\n<hr \/>\n<div style=\"height: 5px;\"><\/div>\n<p><html><br \/>\n     <head><\/p>\n<style type=\"text\/css\">\n       body {\n                     background: #DADADA;\n       }\n      <\/style>\n<p>     <\/head><br \/>\n     <body><br \/>\n<\/body><br \/>\n    <\/html><br \/>\n<script src=\"https:\/\/apis.google.com\/js\/plusone.js\" type=\"text\/javascript\">\/\/ < ![CDATA[ {lang: 'de'} \/\/ ]]><\/script><br \/>\n<script src=\"http:\/\/twittercounter.com\/embed\/?username=medienmagazin&amp;style=avatar\" type=\"text\/javascript\"><\/script><\/p>\n<p><noscript><a href=\"http:\/\/twittercounter.com\/medienmagazin\">medienmagazin on Twitter Counter<\/a><\/noscript>       <\/span><\/span><\/span><\/span><\/span><\/span><\/span><\/p>\n","protected":false},"excerpt":{"rendered":"<p>Die Causa Jebsen hat nach den letzten zwei Sendungen KenFM (13.11\/20.11.2011) im rbb-Programm Fritz zu neuen Konsequenzen gef\u00fchrt. Zun\u00e4chst hatte der rbb in intensiven Gespr\u00e4chen mit dem Fritz-Programm-Management und Moderator Ken Jebsen &#8222;klare Absprachen getroffen&#8220; (rbb-Presseinformation, 07.11.2011) infolge dessen u. a. die redaktionelle Unterst\u00fctzung verst\u00e4rkt wurde. Dabei getroffene verbindliche Vereinbarungen seien, so rbb-Programmdirektorin Claudia Nothelle [&hellip;]<\/p>\n","protected":false},"author":2,"featured_media":0,"comment_status":"open","ping_status":"open","sticky":false,"template":"","format":"standard","meta":{"_monsterinsights_skip_tracking":false,"_monsterinsights_sitenote_active":false,"_monsterinsights_sitenote_note":"","_monsterinsights_sitenote_category":0,"footnotes":""},"categories":[17],"tags":[291,111,288,287,88],"class_list":["post-11187","post","type-post","status-publish","format-standard","hentry","category-aktuell","tag-claudia-nothelle","tag-fritz","tag-ken-jebsen","tag-kenfm","tag-rbb"],"_links":{"self":[{"href":"https:\/\/www.wwwagner.tv\/index.php?rest_route=\/wp\/v2\/posts\/11187","targetHints":{"allow":["GET"]}}],"collection":[{"href":"https:\/\/www.wwwagner.tv\/index.php?rest_route=\/wp\/v2\/posts"}],"about":[{"href":"https:\/\/www.wwwagner.tv\/index.php?rest_route=\/wp\/v2\/types\/post"}],"author":[{"embeddable":true,"href":"https:\/\/www.wwwagner.tv\/index.php?rest_route=\/wp\/v2\/users\/2"}],"replies":[{"embeddable":true,"href":"https:\/\/www.wwwagner.tv\/index.php?rest_route=%2Fwp%2Fv2%2Fcomments&post=11187"}],"version-history":[{"count":108,"href":"https:\/\/www.wwwagner.tv\/index.php?rest_route=\/wp\/v2\/posts\/11187\/revisions"}],"predecessor-version":[{"id":49768,"href":"https:\/\/www.wwwagner.tv\/index.php?rest_route=\/wp\/v2\/posts\/11187\/revisions\/49768"}],"wp:attachment":[{"href":"https:\/\/www.wwwagner.tv\/index.php?rest_route=%2Fwp%2Fv2%2Fmedia&parent=11187"}],"wp:term":[{"taxonomy":"category","embeddable":true,"href":"https:\/\/www.wwwagner.tv\/index.php?rest_route=%2Fwp%2Fv2%2Fcategories&post=11187"},{"taxonomy":"post_tag","embeddable":true,"href":"https:\/\/www.wwwagner.tv\/index.php?rest_route=%2Fwp%2Fv2%2Ftags&post=11187"}],"curies":[{"name":"wp","href":"https:\/\/api.w.org\/{rel}","templated":true}]}}