{"id":11283,"date":"2011-11-26T23:58:24","date_gmt":"2011-11-26T22:58:24","guid":{"rendered":"http:\/\/www.wwwagner.tv\/?p=11283"},"modified":"2011-11-29T14:18:11","modified_gmt":"2011-11-29T13:18:11","slug":"medienmagazin-vom-26-11-2011","status":"publish","type":"post","link":"https:\/\/www.wwwagner.tv\/?p=11283","title":{"rendered":"Medienmagazin vom 26.11.2011"},"content":{"rendered":"<div style=\"height:70px;\"><\/div>\n<p>Gesamt-PodCast<br \/>\n <audio   controls > <source src=\"http:\/\/download.radioeins.de\/mp3\/medienmagazin\/mm20111126.mp3\" type='audio\/mpeg' \/> <object   type=\"application\/x-shockwave-flash\"  data=\"https:\/\/www.wwwagner.tv\/wp-content\/plugins\/wphtml5player\/inc\/flowplayer.swf\"  width=\"400\"  height=\"30\"> <param name=\"movie\" value='https:\/\/www.wwwagner.tv\/wp-content\/plugins\/wphtml5player\/inc\/flowplayer.swf' \/><param name=\"allowfullscreen\" value='false' \/><param name=\"cachebusting\" value='true' \/><param name=\"bgcolor\" value='#000000' \/><param name=\"flashvars\" value='config={\"plugins\":{\"controls\":{\"height\":30,\"autoHide\":false,\"fullscreen\":false}},\"clip\":{\"autoPlay\":false,\"url\":\"http:\\\/\\\/download.radioeins.de\\\/mp3\\\/medienmagazin\\\/mm20111126.mp3\"},\"playlist\":[{\"autoPlay\":false,\"url\":\"http:\\\/\\\/download.radioeins.de\\\/mp3\\\/medienmagazin\\\/mm20111126.mp3\"}],\"play\":{\"opacity\":0}}' \/>  No audio playback capabilities, please download the audio below<br \/><strong>Download Audio:<\/strong> Closed Format: <a href=\"http:\/\/download.radioeins.de\/mp3\/medienmagazin\/mm20111126.mp3\">MP3<\/a> <\/object> <!-- Generated by HTML5 Multimedia Framework (http:\/\/code.google.com\/p\/html5videoplayer) --> <\/audio>  <br \/>\n<a href=\"http:\/\/download.radioeins.de\/mp3\/medienmagazin\/mm20111126.mp3\" target=\"_blank\">Download<\/a><span style=\"color: #888888;\"> (verlinkte Audio-Quelle: radioeins)<\/span><\/p>\n<div style=\"height:50px;\"><\/div>\n<p><span style=\"color: #FFA500;\"><FONT SIZE=\"4\"><em>INTRO: Freunde der Medienkritik<\/em><\/FONT><\/span><br \/>\n<a href=\"http:\/\/www.wwwagner.tv\/wp-content\/uploads\/nevendumont_konstantin_facebook_300.jpg\"><img loading=\"lazy\" decoding=\"async\" src=\"http:\/\/www.wwwagner.tv\/wp-content\/uploads\/nevendumont_konstantin_facebook_300.jpg\" alt=\"\" title=\"nevendumont_konstantin_facebook_300\" width=\"300\" height=\"200\" class=\"alignright size-full wp-image-11291\" \/><\/a><br \/>\n<em>&#8222;Ja. Willkommen liebe Freunde der Medienkritik!&#8220;<\/em><\/p>\n<div style=\"height:160px;\"><\/div>\n<p>O-Ton: Konstantin Neven Dumont<br \/>\n <audio   controls > <source src=\"http:\/\/download.radioeins.de\/mp3\/medienmagazin\/mm20111126_0.mp3\" type='audio\/mpeg' \/> <object   type=\"application\/x-shockwave-flash\"  data=\"https:\/\/www.wwwagner.tv\/wp-content\/plugins\/wphtml5player\/inc\/flowplayer.swf\"  width=\"400\"  height=\"30\"> <param name=\"movie\" value='https:\/\/www.wwwagner.tv\/wp-content\/plugins\/wphtml5player\/inc\/flowplayer.swf' \/><param name=\"allowfullscreen\" value='false' \/><param name=\"cachebusting\" value='true' \/><param name=\"bgcolor\" value='#000000' \/><param name=\"flashvars\" value='config={\"plugins\":{\"controls\":{\"height\":30,\"autoHide\":false,\"fullscreen\":false}},\"clip\":{\"autoPlay\":false,\"url\":\"http:\\\/\\\/download.radioeins.de\\\/mp3\\\/medienmagazin\\\/mm20111126_0.mp3\"},\"playlist\":[{\"autoPlay\":false,\"url\":\"http:\\\/\\\/download.radioeins.de\\\/mp3\\\/medienmagazin\\\/mm20111126_0.mp3\"}],\"play\":{\"opacity\":0}}' \/>  No audio playback capabilities, please download the audio below<br \/><strong>Download Audio:<\/strong> Closed Format: <a href=\"http:\/\/download.radioeins.de\/mp3\/medienmagazin\/mm20111126_0.mp3\">MP3<\/a> <\/object> <!-- Generated by HTML5 Multimedia Framework (http:\/\/code.google.com\/p\/html5videoplayer) --> <\/audio>  <br \/>\n<a href=\"http:\/\/download.radioeins.de\/mp3\/medienmagazin\/mm20111126_0.mp3\" target=\"_blank\">Download<\/a><span style=\"color: #888888;\"> (verlinkte Audio-Quelle: radioeins)<\/span><\/p>\n<div style=\"height:10px;\"><\/div>\n<p>Vgl.:<br \/>\n* <a href=\"http:\/\/www.facebook.com\/photo.php?v=1947832634315&#038;set=vb.1797549804&#038;type=2&#038;theater\">Medienkritik-Video<\/a> von Konstantin Neven DuMont bei facebook<\/p>\n<div style=\"height:30px;\"><\/div>\n<p><span style=\"color: #FFA500;\"><FONT SIZE=\"4\"><em>1. Fritz-Programmchef tritt zur\u00fcck &#8211; rbb trennt sich vom Moderator Ken Jebsen<\/em><\/FONT><\/span><br \/>\n<a href=\"http:\/\/www.wwwagner.tv\/wp-content\/uploads\/fritz_mikro_kopfhoerer_300.jpg\"><img loading=\"lazy\" decoding=\"async\" src=\"http:\/\/www.wwwagner.tv\/wp-content\/uploads\/fritz_mikro_kopfhoerer_300.jpg\" alt=\"\" title=\"fritz_mikro_kopfhoerer_300\" width=\"300\" height=\"200\" class=\"alignright size-full wp-image-11294\" \/><\/a><br \/>\n<em>&#8222;Das hei\u00dft, ich habe n\u00e4chsten Sonntag frei?&#8220;<\/em><\/p>\n<div style=\"height:160px;\"><\/div>\n<p>O-Ton: Ken Jebsen<br \/>\nInterview mit Justus Demmer, rbb-Unternehmenssprecher<br \/>\n <audio   controls > <source src=\"http:\/\/download.radioeins.de\/mp3\/medienmagazin\/mm20111126_1.mp3\" type='audio\/mpeg' \/> <object   type=\"application\/x-shockwave-flash\"  data=\"https:\/\/www.wwwagner.tv\/wp-content\/plugins\/wphtml5player\/inc\/flowplayer.swf\"  width=\"400\"  height=\"30\"> <param name=\"movie\" value='https:\/\/www.wwwagner.tv\/wp-content\/plugins\/wphtml5player\/inc\/flowplayer.swf' \/><param name=\"allowfullscreen\" value='false' \/><param name=\"cachebusting\" value='true' \/><param name=\"bgcolor\" value='#000000' \/><param name=\"flashvars\" value='config={\"plugins\":{\"controls\":{\"height\":30,\"autoHide\":false,\"fullscreen\":false}},\"clip\":{\"autoPlay\":false,\"url\":\"http:\\\/\\\/download.radioeins.de\\\/mp3\\\/medienmagazin\\\/mm20111126_1.mp3\"},\"playlist\":[{\"autoPlay\":false,\"url\":\"http:\\\/\\\/download.radioeins.de\\\/mp3\\\/medienmagazin\\\/mm20111126_1.mp3\"}],\"play\":{\"opacity\":0}}' \/>  No audio playback capabilities, please download the audio below<br \/><strong>Download Audio:<\/strong> Closed Format: <a href=\"http:\/\/download.radioeins.de\/mp3\/medienmagazin\/mm20111126_1.mp3\">MP3<\/a> <\/object> <!-- Generated by HTML5 Multimedia Framework (http:\/\/code.google.com\/p\/html5videoplayer) --> <\/audio>  <br \/>\n<a href=\"http:\/\/download.radioeins.de\/mp3\/medienmagazin\/mm20111126_1.mp3\" target=\"_blank\">Download<\/a><span style=\"color: #888888;\"> (verlinkte Audio-Quelle: radioeins)<\/span><\/p>\n<div style=\"height:10px;\"><\/div>\n<p>Vgl.:<br \/>\n* <a href=\"http:\/\/www.wwwagner.tv\/?p=11187\">Causa Jebsen<\/a><br \/>\n* radioeins-Medienmagazin vom <a href=\"http:\/\/www.wwwagner.tv\/?p=10948\">12.11.2011<\/a><\/p>\n<div style=\"height:30px;\"><\/div>\n<p><span style=\"color: #FFA500;\"><FONT SIZE=\"4\"><em>2. Wikipedia auf Spendentour und Autorensuche<\/em><\/FONT><\/span><br \/>\n<a href=\"http:\/\/www.wwwagner.tv\/wp-content\/uploads\/gardner_sue_300.jpg\"><img loading=\"lazy\" decoding=\"async\" src=\"http:\/\/www.wwwagner.tv\/wp-content\/uploads\/gardner_sue_300.jpg\" alt=\"\" title=\"gardner_sue_300\" width=\"300\" height=\"200\" class=\"alignright size-full wp-image-11299\" \/><\/a><br \/>\n<em>&#8222;Unsere vordringlichste Aufgabe ist es, das menschliche Wissen auch in den L\u00e4ndern des globalen S\u00fcdens zug\u00e4nglich zu machen.&#8220;<\/em><\/p>\n<div style=\"height:160px;\"><\/div>\n<p>Interview mit Sue Gardner, Executive Director der Wikimedia Foundation<br \/>\nAutorin: <a href=\"http:\/\/www.klotsikas.de\">Eleni Klotsikas<\/a><br \/>\n <audio   controls > <source src=\"http:\/\/download.radioeins.de\/mp3\/medienmagazin\/mm20111126_2.mp3\" type='audio\/mpeg' \/> <object   type=\"application\/x-shockwave-flash\"  data=\"https:\/\/www.wwwagner.tv\/wp-content\/plugins\/wphtml5player\/inc\/flowplayer.swf\"  width=\"400\"  height=\"30\"> <param name=\"movie\" value='https:\/\/www.wwwagner.tv\/wp-content\/plugins\/wphtml5player\/inc\/flowplayer.swf' \/><param name=\"allowfullscreen\" value='false' \/><param name=\"cachebusting\" value='true' \/><param name=\"bgcolor\" value='#000000' \/><param name=\"flashvars\" value='config={\"plugins\":{\"controls\":{\"height\":30,\"autoHide\":false,\"fullscreen\":false}},\"clip\":{\"autoPlay\":false,\"url\":\"http:\\\/\\\/download.radioeins.de\\\/mp3\\\/medienmagazin\\\/mm20111126_2.mp3\"},\"playlist\":[{\"autoPlay\":false,\"url\":\"http:\\\/\\\/download.radioeins.de\\\/mp3\\\/medienmagazin\\\/mm20111126_2.mp3\"}],\"play\":{\"opacity\":0}}' \/>  No audio playback capabilities, please download the audio below<br \/><strong>Download Audio:<\/strong> Closed Format: <a href=\"http:\/\/download.radioeins.de\/mp3\/medienmagazin\/mm20111126_2.mp3\">MP3<\/a> <\/object> <!-- Generated by HTML5 Multimedia Framework (http:\/\/code.google.com\/p\/html5videoplayer) --> <\/audio>  <br \/>\n<a href=\"http:\/\/download.radioeins.de\/mp3\/medienmagazin\/mm20111126_2.mp3\" target=\"_blank\">Download<\/a><span style=\"color: #888888;\"> (verlinkte Audio-Quelle: radioeins)<\/span><\/p>\n<div style=\"height:10px;\"><\/div>\n<p>Vgl.:<br \/>\n* <a href=\"http:\/\/www.wwwagner.tv\/?p=11331\">w\u00f6rtliches Transkript<\/a><br \/>\n* <a href=\"http:\/\/www.wwwagner.tv\/?p=5018\">Wales, Jimbo<\/a><br \/>\n* <a href=\"http:\/\/www.wikipedia.org\">Wikipedia<\/a><\/p>\n<div style=\"height:30px;\"><\/div>\n<p><span style=\"color: #FFA500;\"><FONT SIZE=\"4\"><em>3. Otto-Brenner-Preis 2011: Kritische Journalisten geehrt<\/em><\/FONT><\/span><br \/>\n<a href=\"http:\/\/www.wwwagner.tv\/wp-content\/uploads\/20101106_schumann_harald_300.jpg\"><img loading=\"lazy\" decoding=\"async\" src=\"http:\/\/www.wwwagner.tv\/wp-content\/uploads\/20101106_schumann_harald_300.jpg\" alt=\"\" title=\"20101106_schumann_harald_300\" width=\"300\" height=\"200\" class=\"alignright size-full wp-image-3661\" \/><\/a><br \/>\n<em>&#8222;Kritischer Journalismus ist risikobehaftet.&#8220;<\/em> <\/p>\n<div style=\"height:160px;\"><\/div>\n<p>Was zeichnet kritische Journalisten aus?<br \/>\nInterview mit dem Jury-Mitglied Harald Schumann, Journalist beim Tagesspiegel und selbst Preistr\u00e4ger (Foto bei der \u00dcberreichung des Journalistenpreises &#8222;Langer Atem 2010&#8220;)<br \/>\n <audio   controls > <source src=\"http:\/\/download.radioeins.de\/mp3\/medienmagazin\/mm20111126_3.mp3\" type='audio\/mpeg' \/> <object   type=\"application\/x-shockwave-flash\"  data=\"https:\/\/www.wwwagner.tv\/wp-content\/plugins\/wphtml5player\/inc\/flowplayer.swf\"  width=\"400\"  height=\"30\"> <param name=\"movie\" value='https:\/\/www.wwwagner.tv\/wp-content\/plugins\/wphtml5player\/inc\/flowplayer.swf' \/><param name=\"allowfullscreen\" value='false' \/><param name=\"cachebusting\" value='true' \/><param name=\"bgcolor\" value='#000000' \/><param name=\"flashvars\" value='config={\"plugins\":{\"controls\":{\"height\":30,\"autoHide\":false,\"fullscreen\":false}},\"clip\":{\"autoPlay\":false,\"url\":\"http:\\\/\\\/download.radioeins.de\\\/mp3\\\/medienmagazin\\\/mm20111126_3.mp3\"},\"playlist\":[{\"autoPlay\":false,\"url\":\"http:\\\/\\\/download.radioeins.de\\\/mp3\\\/medienmagazin\\\/mm20111126_3.mp3\"}],\"play\":{\"opacity\":0}}' \/>  No audio playback capabilities, please download the audio below<br \/><strong>Download Audio:<\/strong> Closed Format: <a href=\"http:\/\/download.radioeins.de\/mp3\/medienmagazin\/mm20111126_3.mp3\">MP3<\/a> <\/object> <!-- Generated by HTML5 Multimedia Framework (http:\/\/code.google.com\/p\/html5videoplayer) --> <\/audio>  <br \/>\n<a href=\"http:\/\/download.radioeins.de\/mp3\/medienmagazin\/mm20111126_3.mp3\" target=\"_blank\">Download<\/a><span style=\"color: #888888;\"> (verlinkte Audio-Quelle: radioeins)<\/span><\/p>\n<div style=\"height:10px;\"><\/div>\n<p>Vgl.:<br \/>\n* <a href=\"http:\/\/www.otto-brenner-preis.de\/\">Otto-Brenner-Preis<\/a><\/p>\n<div style=\"height:30px;\"><\/div>\n<p><span style=\"color: #FFA500;\"><FONT SIZE=\"4\"><em>4. ZDF verl\u00e4sst am Vormittag Info-Kooperation mit ARD<\/em><\/FONT><\/span><br \/>\n<a href=\"http:\/\/www.wwwagner.tv\/wp-content\/uploads\/schaechter_markus_ardzdf_300.jpg\"><img loading=\"lazy\" decoding=\"async\" src=\"http:\/\/www.wwwagner.tv\/wp-content\/uploads\/schaechter_markus_ardzdf_300.jpg\" alt=\"\" title=\"schaechter_markus_ardzdf_300\" width=\"300\" height=\"200\" class=\"alignright size-full wp-image-11312\" \/><\/a><br \/>\n<em>&#8222;Ich habe keine Form von Verst\u00e4ndnis.&#8220;<\/em><\/p>\n<div style=\"height:160px;\"><\/div>\n<p>O-Ton: Lutz Marmor, NDR-Intendant<br \/>\n<span style=\"color: #888888;\">(Quelle: T\u00f6ne, Texte, Bilder &#8211; WDR-Medienmagazin, WDR 5, 26.11.2011)<\/span><br \/>\nInterview mit Markus Sch\u00e4chter, ZDF-Intendant (Foto)<br \/>\n <audio   controls > <source src=\"http:\/\/download.radioeins.de\/mp3\/medienmagazin\/mm20111126_4.mp3\" type='audio\/mpeg' \/> <object   type=\"application\/x-shockwave-flash\"  data=\"https:\/\/www.wwwagner.tv\/wp-content\/plugins\/wphtml5player\/inc\/flowplayer.swf\"  width=\"400\"  height=\"30\"> <param name=\"movie\" value='https:\/\/www.wwwagner.tv\/wp-content\/plugins\/wphtml5player\/inc\/flowplayer.swf' \/><param name=\"allowfullscreen\" value='false' \/><param name=\"cachebusting\" value='true' \/><param name=\"bgcolor\" value='#000000' \/><param name=\"flashvars\" value='config={\"plugins\":{\"controls\":{\"height\":30,\"autoHide\":false,\"fullscreen\":false}},\"clip\":{\"autoPlay\":false,\"url\":\"http:\\\/\\\/download.radioeins.de\\\/mp3\\\/medienmagazin\\\/mm20111126_4.mp3\"},\"playlist\":[{\"autoPlay\":false,\"url\":\"http:\\\/\\\/download.radioeins.de\\\/mp3\\\/medienmagazin\\\/mm20111126_4.mp3\"}],\"play\":{\"opacity\":0}}' \/>  No audio playback capabilities, please download the audio below<br \/><strong>Download Audio:<\/strong> Closed Format: <a href=\"http:\/\/download.radioeins.de\/mp3\/medienmagazin\/mm20111126_4.mp3\">MP3<\/a> <\/object> <!-- Generated by HTML5 Multimedia Framework (http:\/\/code.google.com\/p\/html5videoplayer) --> <\/audio>  <br \/>\n<a href=\"http:\/\/download.radioeins.de\/mp3\/medienmagazin\/mm20111126_4.mp3\" target=\"_blank\">Download<\/a><span style=\"color: #888888;\"> (verlinkte Audio-Quelle: radioeins)<\/span><\/p>\n<div style=\"height:30px;\"><\/div>\n<p>PodCast-Bonus-Track:<\/p>\n<p><span style=\"color: #FFA500;\"><FONT SIZE=\"4\"><em>5. VideoWeb &#8211; Adventsverlosung<\/em><\/FONT><\/span><br \/>\n<a href=\"http:\/\/www.wwwagner.tv\/wp-content\/uploads\/videoweb_300.jpg\"><img loading=\"lazy\" decoding=\"async\" src=\"http:\/\/www.wwwagner.tv\/wp-content\/uploads\/videoweb_300.jpg\" alt=\"\" title=\"videoweb_300\" width=\"300\" height=\"200\" class=\"alignright size-full wp-image-11321\" \/><\/a><br \/>\n\u00dcber hbb-TV und Smart-TV<br \/>\nInterview mit Matthias Greve, CEO <a href=\"http:\/\/videoweb.de\/\">VideoWeb<\/a><br \/>\n <audio   controls > <source src=\"http:\/\/download.radioeins.de\/mp3\/medienmagazin\/mm20111126_5.mp3\" type='audio\/mpeg' \/> <object   type=\"application\/x-shockwave-flash\"  data=\"https:\/\/www.wwwagner.tv\/wp-content\/plugins\/wphtml5player\/inc\/flowplayer.swf\"  width=\"400\"  height=\"30\"> <param name=\"movie\" value='https:\/\/www.wwwagner.tv\/wp-content\/plugins\/wphtml5player\/inc\/flowplayer.swf' \/><param name=\"allowfullscreen\" value='false' \/><param name=\"cachebusting\" value='true' \/><param name=\"bgcolor\" value='#000000' \/><param name=\"flashvars\" value='config={\"plugins\":{\"controls\":{\"height\":30,\"autoHide\":false,\"fullscreen\":false}},\"clip\":{\"autoPlay\":false,\"url\":\"http:\\\/\\\/download.radioeins.de\\\/mp3\\\/medienmagazin\\\/mm20111126_5.mp3\"},\"playlist\":[{\"autoPlay\":false,\"url\":\"http:\\\/\\\/download.radioeins.de\\\/mp3\\\/medienmagazin\\\/mm20111126_5.mp3\"}],\"play\":{\"opacity\":0}}' \/>  No audio playback capabilities, please download the audio below<br \/><strong>Download Audio:<\/strong> Closed Format: <a href=\"http:\/\/download.radioeins.de\/mp3\/medienmagazin\/mm20111126_5.mp3\">MP3<\/a> <\/object> <!-- Generated by HTML5 Multimedia Framework (http:\/\/code.google.com\/p\/html5videoplayer) --> <\/audio>  <br \/>\n<a href=\"http:\/\/download.radioeins.de\/mp3\/medienmagazin\/mm20111126_5.mp3\" target=\"_blank\">Download<\/a><\/p>\n<div style=\"height:10px;\"><\/div>\n<p>Frage: Wann wurde das erste Medienmagazin bei radioeins ausgestrahlt?<br \/>\nGewinn: 1 Settop-Box VideoWeb TV. Macht \u00e4ltere HD-Fernseher hbb-TV-f\u00e4hig.<br \/>\nAntworten bitte <a href=\"http:\/\/www.radioeins.de\/kontakt\/kontakt\/medienmagazin.beitrag.!content!rbb!rad!programm!sendungen!medienmagazin!index.html\">hier einwerfen<\/a>.<\/p>\n<div style=\"height:70px;\"><\/div>\n<p><span style=\"color: #888888;\">(Fotos: \u00a9 Konstantin Neven DuMont; rbb\/Thomas Ernst; <a href=\"http:\/\/commons.wikimedia.org\/wiki\/File:Bookshelf_Sue.ogv\">Frank Schulenburg<\/a>, CC Attribution-Share Alike 3.0 Unported license; J\u00f6rg Wagner [2], Videoweb [M])<\/span><\/p>\n<div style=\"height:20px;\"><\/div>\n<p><script type=\"text\/javascript\" src=\"https:\/\/apis.google.com\/js\/plusone.js\">\n  {lang: 'de'}\n<\/script><g:plusone><\/g:plusone><br \/>\n<script type=\"text\/javascript\" src=\"http:\/\/twittercounter.com\/embed\/?username=medienmagazin&#038;style=avatar\"><\/script><noscript><a href=\"http:\/\/twittercounter.com\/medienmagazin\">medienmagazin on Twitter Counter<\/a><\/noscript><\/p>\n","protected":false},"excerpt":{"rendered":"<p>Gesamt-PodCast No audio playback capabilities, please download the audio belowDownload Audio: Closed Format: MP3 Download (verlinkte Audio-Quelle: radioeins) INTRO: Freunde der Medienkritik &#8222;Ja. Willkommen liebe Freunde der Medienkritik!&#8220; O-Ton: Konstantin Neven Dumont No audio playback capabilities, please download the audio belowDownload Audio: Closed Format: MP3 Download (verlinkte Audio-Quelle: radioeins) Vgl.: * Medienkritik-Video von Konstantin Neven [&hellip;]<\/p>\n","protected":false},"author":2,"featured_media":0,"comment_status":"open","ping_status":"open","sticky":false,"template":"","format":"standard","meta":{"_monsterinsights_skip_tracking":false,"_monsterinsights_sitenote_active":false,"_monsterinsights_sitenote_note":"","_monsterinsights_sitenote_category":0,"footnotes":""},"categories":[4],"tags":[30,287,237,88,301,300,50],"class_list":["post-11283","post","type-post","status-publish","format-standard","hentry","category-medienmagazin","tag-ard","tag-kenfm","tag-otto-brenner-stiftung","tag-rbb","tag-sue-gardner","tag-wikipedia","tag-zdf"],"_links":{"self":[{"href":"https:\/\/www.wwwagner.tv\/index.php?rest_route=\/wp\/v2\/posts\/11283","targetHints":{"allow":["GET"]}}],"collection":[{"href":"https:\/\/www.wwwagner.tv\/index.php?rest_route=\/wp\/v2\/posts"}],"about":[{"href":"https:\/\/www.wwwagner.tv\/index.php?rest_route=\/wp\/v2\/types\/post"}],"author":[{"embeddable":true,"href":"https:\/\/www.wwwagner.tv\/index.php?rest_route=\/wp\/v2\/users\/2"}],"replies":[{"embeddable":true,"href":"https:\/\/www.wwwagner.tv\/index.php?rest_route=%2Fwp%2Fv2%2Fcomments&post=11283"}],"version-history":[{"count":50,"href":"https:\/\/www.wwwagner.tv\/index.php?rest_route=\/wp\/v2\/posts\/11283\/revisions"}],"predecessor-version":[{"id":11372,"href":"https:\/\/www.wwwagner.tv\/index.php?rest_route=\/wp\/v2\/posts\/11283\/revisions\/11372"}],"wp:attachment":[{"href":"https:\/\/www.wwwagner.tv\/index.php?rest_route=%2Fwp%2Fv2%2Fmedia&parent=11283"}],"wp:term":[{"taxonomy":"category","embeddable":true,"href":"https:\/\/www.wwwagner.tv\/index.php?rest_route=%2Fwp%2Fv2%2Fcategories&post=11283"},{"taxonomy":"post_tag","embeddable":true,"href":"https:\/\/www.wwwagner.tv\/index.php?rest_route=%2Fwp%2Fv2%2Ftags&post=11283"}],"curies":[{"name":"wp","href":"https:\/\/api.w.org\/{rel}","templated":true}]}}