{"id":11653,"date":"2012-01-13T20:09:35","date_gmt":"2012-01-13T19:09:35","guid":{"rendered":"http:\/\/www.wwwagner.tv\/?p=11653"},"modified":"2020-04-15T22:16:47","modified_gmt":"2020-04-15T20:16:47","slug":"jahn-roland","status":"publish","type":"post","link":"https:\/\/www.wwwagner.tv\/?p=11653","title":{"rendered":"Jahn, Roland"},"content":{"rendered":"<h4>&#8222;Transparenz ist kein Wert ansich&#8220;<\/h4>\n<div style=\"height:10px;\"><\/div>\n<figure id=\"attachment_37245\" aria-describedby=\"caption-attachment-37245\" style=\"width: 1100px\" class=\"wp-caption alignnone\"><a href=\"http:\/\/www.wwwagner.tv\/wp-content\/uploads\/20120113_DSC_5442_jahn_roland_1100\u2006\u00d7\u2006685.jpg\"><img loading=\"lazy\" decoding=\"async\" src=\"http:\/\/www.wwwagner.tv\/wp-content\/uploads\/20120113_DSC_5442_jahn_roland_1100\u2006\u00d7\u2006685.jpg\" alt=\"Roland Jahn | Foto: \u00a9 J\u00f6rg Wagner\" width=\"1100\" height=\"685\" class=\"size-full wp-image-37245\" srcset=\"https:\/\/www.wwwagner.tv\/wp-content\/uploads\/20120113_DSC_5442_jahn_roland_1100\u2006\u00d7\u2006685.jpg 1100w, https:\/\/www.wwwagner.tv\/wp-content\/uploads\/20120113_DSC_5442_jahn_roland_1100\u2006\u00d7\u2006685-300x187.jpg 300w, https:\/\/www.wwwagner.tv\/wp-content\/uploads\/20120113_DSC_5442_jahn_roland_1100\u2006\u00d7\u2006685-768x478.jpg 768w, https:\/\/www.wwwagner.tv\/wp-content\/uploads\/20120113_DSC_5442_jahn_roland_1100\u2006\u00d7\u2006685-1024x638.jpg 1024w\" sizes=\"auto, (max-width: 1100px) 100vw, 1100px\" \/><\/a><figcaption id=\"caption-attachment-37245\" class=\"wp-caption-text\">Roland Jahn | Foto: \u00a9 J\u00f6rg Wagner<\/figcaption><\/figure>\n<div style=\"height:10px;\"><\/div>\n<p> <audio   controls > <source src=\"https:\/\/www.wwwagner.tv\/audio\/mm20120114_2.mp3\" type='audio\/mpeg' \/> <object   type=\"application\/x-shockwave-flash\"  data=\"https:\/\/www.wwwagner.tv\/wp-content\/plugins\/wphtml5player\/inc\/flowplayer.swf\"  width=\"400\"  height=\"30\"> <param name=\"movie\" value='https:\/\/www.wwwagner.tv\/wp-content\/plugins\/wphtml5player\/inc\/flowplayer.swf' \/><param name=\"allowfullscreen\" value='false' \/><param name=\"cachebusting\" value='true' \/><param name=\"bgcolor\" value='#000000' \/><param name=\"flashvars\" value='config={\"plugins\":{\"controls\":{\"height\":30,\"autoHide\":false,\"fullscreen\":false}},\"clip\":{\"autoPlay\":false,\"url\":\"https:\\\/\\\/www.wwwagner.tv\\\/audio\\\/mm20120114_2.mp3\"},\"playlist\":[{\"autoPlay\":false,\"url\":\"https:\\\/\\\/www.wwwagner.tv\\\/audio\\\/mm20120114_2.mp3\"}],\"play\":{\"opacity\":0}}' \/>  No audio playback capabilities, please download the audio below<br \/><strong>Download Audio:<\/strong> Closed Format: <a href=\"https:\/\/www.wwwagner.tv\/audio\/mm20120114_2.mp3\">MP3<\/a> <\/object> <!-- Generated by HTML5 Multimedia Framework (http:\/\/code.google.com\/p\/html5videoplayer) --> <\/audio>  <br \/>\n<a href=\"http:\/\/download.radioeins.de\/mp3\/medienmagazin\/mm20120114_2.mp3\" target=\"_blank\" rel=\"noopener noreferrer\">Download<\/a><span style=\"color: #888888;\"> (verlinkte Audio-Quelle: radioeins)<\/span><\/p>\n<div style=\"height:20px;\"><\/div>\n<p><u>Was<\/u>: Interview zum Wechselverh\u00e4ltnis von Datenschutz und Aufkl\u00e4rungsarbeit<br \/>\n<u>Wer<\/u>: Roland Jahn, Der Bundesbeauftragte f\u00fcr die Unterlagen des Staatssicherheitsdienstes der ehemaligen Deutschen Demokratischen Republik<br \/>\n<u>Wo<\/u>: Berlin, Mitte<br \/>\n<u>Wann<\/u>: rec.: 13.01.2012; ver\u00f6ffentlicht am <a href=\"http:\/\/bit.ly\/2gV2y4L\" target=\"_blank\" rel=\"noopener noreferrer\">14.01.2012<\/a>\/ 18:23 Uhr im radioeins-Medienmagazin, rbb<\/p>\n<p><u>Vgl<\/u>.:<br \/>\n* <a href=\"http:\/\/www.bstu.bund.de\/SharedDocs\/Veranstaltungen\/Region-Berlin\/0114_berlin_20-jahre-akteneinsicht.html\">Wissen wie es war<\/a> &#8211; B\u00fcrgertag in der Stasizentrale, 14.01.2012, 11:00-18:00 Uhr<\/p>\n<div style=\"height: 10px;\"><\/div>\n<hr \/>\n<div style=\"height: 5px;\"><\/div>\n<p><html><br \/>\n     <head><\/p>\n<style type=\"text\/css\">\n       body {\n                     background: #DADADA;\n       }\n      <\/style>\n<p>     <\/head><br \/>\n     <body><br \/>\n<\/body><br \/>\n    <\/html><br \/>\n<script src=\"https:\/\/apis.google.com\/js\/plusone.js\" type=\"text\/javascript\">\/\/ < ![CDATA[ {lang: 'de'} \/\/ ]]><\/script><br \/>\n<script src=\"http:\/\/twittercounter.com\/embed\/?username=medienmagazin&amp;style=avatar\" type=\"text\/javascript\"><\/script><\/p>\n<p><noscript><a href=\"http:\/\/twittercounter.com\/medienmagazin\">medienmagazin on Twitter Counter<\/a><\/noscript><\/p>\n","protected":false},"excerpt":{"rendered":"<p>&#8222;Transparenz ist kein Wert ansich&#8220; No audio playback capabilities, please download the audio belowDownload Audio: Closed Format: MP3 Download (verlinkte Audio-Quelle: radioeins) Was: Interview zum Wechselverh\u00e4ltnis von Datenschutz und Aufkl\u00e4rungsarbeit Wer: Roland Jahn, Der Bundesbeauftragte f\u00fcr die Unterlagen des Staatssicherheitsdienstes der ehemaligen Deutschen Demokratischen Republik Wo: Berlin, Mitte Wann: rec.: 13.01.2012; ver\u00f6ffentlicht am 14.01.2012\/ 18:23 [&hellip;]<\/p>\n","protected":false},"author":2,"featured_media":0,"comment_status":"open","ping_status":"open","sticky":false,"template":"","format":"standard","meta":{"_monsterinsights_skip_tracking":false,"_monsterinsights_sitenote_active":false,"_monsterinsights_sitenote_note":"","_monsterinsights_sitenote_category":0,"footnotes":""},"categories":[114,118],"tags":[316,313,314],"class_list":["post-11653","post","type-post","status-publish","format-standard","hentry","category-a-z","category-j","tag-mfs","tag-roland-jahn","tag-stasi"],"_links":{"self":[{"href":"https:\/\/www.wwwagner.tv\/index.php?rest_route=\/wp\/v2\/posts\/11653","targetHints":{"allow":["GET"]}}],"collection":[{"href":"https:\/\/www.wwwagner.tv\/index.php?rest_route=\/wp\/v2\/posts"}],"about":[{"href":"https:\/\/www.wwwagner.tv\/index.php?rest_route=\/wp\/v2\/types\/post"}],"author":[{"embeddable":true,"href":"https:\/\/www.wwwagner.tv\/index.php?rest_route=\/wp\/v2\/users\/2"}],"replies":[{"embeddable":true,"href":"https:\/\/www.wwwagner.tv\/index.php?rest_route=%2Fwp%2Fv2%2Fcomments&post=11653"}],"version-history":[{"count":43,"href":"https:\/\/www.wwwagner.tv\/index.php?rest_route=\/wp\/v2\/posts\/11653\/revisions"}],"predecessor-version":[{"id":46568,"href":"https:\/\/www.wwwagner.tv\/index.php?rest_route=\/wp\/v2\/posts\/11653\/revisions\/46568"}],"wp:attachment":[{"href":"https:\/\/www.wwwagner.tv\/index.php?rest_route=%2Fwp%2Fv2%2Fmedia&parent=11653"}],"wp:term":[{"taxonomy":"category","embeddable":true,"href":"https:\/\/www.wwwagner.tv\/index.php?rest_route=%2Fwp%2Fv2%2Fcategories&post=11653"},{"taxonomy":"post_tag","embeddable":true,"href":"https:\/\/www.wwwagner.tv\/index.php?rest_route=%2Fwp%2Fv2%2Ftags&post=11653"}],"curies":[{"name":"wp","href":"https:\/\/api.w.org\/{rel}","templated":true}]}}