{"id":11911,"date":"2012-01-23T02:40:57","date_gmt":"2012-01-23T01:40:57","guid":{"rendered":"http:\/\/www.wwwagner.tv\/?p=11911"},"modified":"2018-10-03T15:19:29","modified_gmt":"2018-10-03T14:19:29","slug":"protest-beim-orf","status":"publish","type":"post","link":"https:\/\/www.wwwagner.tv\/?p=11911","title":{"rendered":"Protest beim ORF &#8211; &#8222;Form des organisierten Widerstands&#8220;"},"content":{"rendered":"<figure id=\"attachment_11916\" aria-describedby=\"caption-attachment-11916\" style=\"width: 600px\" class=\"wp-caption alignnone\"><a href=\"http:\/\/www.wwwagner.tv\/wp-content\/uploads\/201201120_bornemann_dieter_youtube.jpg\"><img loading=\"lazy\" decoding=\"async\" src=\"http:\/\/www.wwwagner.tv\/wp-content\/uploads\/201201120_bornemann_dieter_youtube.jpg\" alt=\"Screenshot: Dieter Bornemann im YouTube-Video der ZIB2-Redaktion\" width=\"600\" height=\"512\" class=\"size-full wp-image-11916\" srcset=\"https:\/\/www.wwwagner.tv\/wp-content\/uploads\/201201120_bornemann_dieter_youtube.jpg 600w, https:\/\/www.wwwagner.tv\/wp-content\/uploads\/201201120_bornemann_dieter_youtube-300x256.jpg 300w\" sizes=\"auto, (max-width: 600px) 100vw, 600px\" \/><\/a><figcaption id=\"caption-attachment-11916\" class=\"wp-caption-text\">Screenshot: Dieter Bornemann im YouTube-Video der ZIB2-Redaktion<\/figcaption><\/figure>\n<div style=\"height:10px;\"><\/div>\n<blockquote><p><em>&#8222;Wie verhindern wir die ganze Geschichte?&#8220;<\/em><\/p><\/blockquote>\n<div style=\"height:10px;\"><\/div>\n<p> <audio   controls > <source src=\"http:\/\/download.radioeins.de\/mp3\/medienmagazin\/mm20120121_1.mp3\" type='audio\/mpeg' \/> <object   type=\"application\/x-shockwave-flash\"  data=\"https:\/\/www.wwwagner.tv\/wp-content\/plugins\/wphtml5player\/inc\/flowplayer.swf\"  width=\"400\"  height=\"30\"> <param name=\"movie\" value='https:\/\/www.wwwagner.tv\/wp-content\/plugins\/wphtml5player\/inc\/flowplayer.swf' \/><param name=\"allowfullscreen\" value='false' \/><param name=\"cachebusting\" value='true' \/><param name=\"bgcolor\" value='#000000' \/><param name=\"flashvars\" value='config={\"plugins\":{\"controls\":{\"height\":30,\"autoHide\":false,\"fullscreen\":false}},\"clip\":{\"autoPlay\":false,\"url\":\"http:\\\/\\\/download.radioeins.de\\\/mp3\\\/medienmagazin\\\/mm20120121_1.mp3\"},\"playlist\":[{\"autoPlay\":false,\"url\":\"http:\\\/\\\/download.radioeins.de\\\/mp3\\\/medienmagazin\\\/mm20120121_1.mp3\"}],\"play\":{\"opacity\":0}}' \/>  No audio playback capabilities, please download the audio below<br \/><strong>Download Audio:<\/strong> Closed Format: <a href=\"http:\/\/download.radioeins.de\/mp3\/medienmagazin\/mm20120121_1.mp3\">MP3<\/a> <\/object> <!-- Generated by HTML5 Multimedia Framework (http:\/\/code.google.com\/p\/html5videoplayer) --> <\/audio>  <br \/>\n<a href=\"http:\/\/download.radioeins.de\/mp3\/medienmagazin\/mm20120121_1.mp3\" target=\"_blank\">Download<\/a><span style=\"color: #888888;\"> (verlinkte Audio-Quelle: radioeins)<\/span><\/p>\n<div style=\"height:10px;\"><\/div>\n<p><u>Was<\/u>: VoIP-Telefonat \u00fcber den ORF-Protest gegen Parteieneinfluss<br \/>\n<u>Wer<\/u>: <a href=\"https:\/\/twitter.com\/#!\/dieterbornemann\">Dieter Bornemann<\/a> (Screenshot) + J\u00f6rg Wagner<br \/>\nO-T\u00f6ne:<br \/>\n* Dr. <a href=\"http:\/\/www.wwwagner.tv\/?p=11817\">Alexander Wrabetz<\/a>, ORF-Generaldirektor, Quelle: radioeins-Medienmagazin, 19.08.2006<br \/>\n* Protest-Video der ORF-ZIB2-Redaktion<br \/>\n* Dr. <a href=\"http:\/\/about.me\/arminwolf#\">Armin Wolf<\/a>, stellv. Chefredakteur des ORF-Fernsehens, Quelle: Dankesrede Robert-Hochner-Preis 2006, 17.05.2006<br \/>\n<u>Wo<\/u>: Potsdam\/Berlin < ---> Wien<br \/>\n<u>Wann<\/u>: rec.: 20.01.2012, ver\u00f6ffentlicht 21.01.2012, 18:10 Uhr, radioeins-Medienmagazins, rbb<\/p>\n<div style=\"height:10px;\"><\/div>\n<p><u>Vgl<\/u>.:<br \/>\n* <a href=\"http:\/\/www.ots.at\/presseaussendung\/OTS_20120119_OTS0166\/erklaerung-von-orf-generaldirektor-dr-alexander-wrabetz\">Erkl\u00e4rung von ORF-Generaldirektor Dr. Alexander Wrabetz<\/a>, 19.01.2012<\/p>\n<div style=\"height:10px;\"><\/div>\n<p>* ORF-Protest-Video:<br \/>\n<div class=\"BorlabsCookie\"><div class=\"_brlbs-content-blocker\"> <div class=\"_brlbs-embed _brlbs-video-youtube\"> <img class=\"_brlbs-thumbnail\" src=\"https:\/\/www.wwwagner.tv\/wp-content\/plugins\/borlabs-cookie\/images\/cb-no-thumbnail.png\" alt=\"YouTube\"> <div class=\"_brlbs-caption\"> <p>Mit dem Laden des Videos akzeptieren Sie die Datenschutzerkl\u00e4rung von YouTube.<br><a href=\"https:\/\/policies.google.com\/privacy\" target=\"_blank\" rel=\"nofollow noopener noreferrer\">Mehr erfahren<\/a><\/p> <p><a class=\"_brlbs-btn _brlbs-icon-play-white\" href=\"#\" data-borlabs-cookie-unblock role=\"button\">Video laden<\/a><\/p> <p><label><input type=\"checkbox\" name=\"unblockAll\" value=\"1\" checked> <small>YouTube immer entsperren<\/small><\/label><\/p> <\/div> <\/div> <\/div><div class=\"borlabs-hide\" data-borlabs-cookie-type=\"content-blocker\" data-borlabs-cookie-id=\"youtube\"><script type=\"text\/template\">PGlmcmFtZSBsb2FkaW5nPSJsYXp5IiB3aWR0aD0iNDAwIiBoZWlnaHQ9IjIzMyIgc3JjPSJodHRwczovL3d3dy55b3V0dWJlLW5vY29va2llLmNvbS9lbWJlZC9vNlN6Wm1NTmZOZz9yZWw9MCIgZnJhbWVib3JkZXI9IjAiIGFsbG93ZnVsbHNjcmVlbj48L2lmcmFtZT48L3A+<\/script><\/div><\/div>\n<div style=\"height:10px;\"><\/div>\n<p>* SOS beim ORF?<br \/>\nKritik formiert sich beim ORF gegen die besonders seit 1999 ausge\u00fcbte politische Einflussnahme und gipfelt in der Internetaktion &#8222;SOS ORF&#8220;, die Intellektuelle, Politiker und ORF-Mitarbeiter ins Leben gerufen haben. Telefoninterview mit Peter Huemer, langj\u00e4hriger ORF-H\u00f6rfunkleiter &#8222;Club 2&#8220; und Moderator der Reihe &#8222;Im Gespr\u00e4ch&#8220;, Sprecher Plattform &#8222;SOS ORF&#8220;<br \/>\nQuelle: radioeins-Medienmagazin im Inforadio vom 11.06.2006<\/p>\n<div style=\"height:10px;\"><\/div>\n<p> <audio   controls > <source src=\"http:\/\/download.radioeins.de\/mp3\/medienmagazin\/mm20060611_1.mp3\" type='audio\/mpeg' \/> <object   type=\"application\/x-shockwave-flash\"  data=\"https:\/\/www.wwwagner.tv\/wp-content\/plugins\/wphtml5player\/inc\/flowplayer.swf\"  width=\"400\"  height=\"30\"> <param name=\"movie\" value='https:\/\/www.wwwagner.tv\/wp-content\/plugins\/wphtml5player\/inc\/flowplayer.swf' \/><param name=\"allowfullscreen\" value='false' \/><param name=\"cachebusting\" value='true' \/><param name=\"bgcolor\" value='#000000' \/><param name=\"flashvars\" value='config={\"plugins\":{\"controls\":{\"height\":30,\"autoHide\":false,\"fullscreen\":false}},\"clip\":{\"autoPlay\":false,\"url\":\"http:\\\/\\\/download.radioeins.de\\\/mp3\\\/medienmagazin\\\/mm20060611_1.mp3\"},\"playlist\":[{\"autoPlay\":false,\"url\":\"http:\\\/\\\/download.radioeins.de\\\/mp3\\\/medienmagazin\\\/mm20060611_1.mp3\"}],\"play\":{\"opacity\":0}}' \/>  No audio playback capabilities, please download the audio below<br \/><strong>Download Audio:<\/strong> Closed Format: <a href=\"http:\/\/download.radioeins.de\/mp3\/medienmagazin\/mm20060611_1.mp3\">MP3<\/a> <\/object> <!-- Generated by HTML5 Multimedia Framework (http:\/\/code.google.com\/p\/html5videoplayer) --> <\/audio>  <br \/>\n<a href=\"http:\/\/download.radioeins.de\/mp3\/medienmagazin\/mm20060611_1.mp3\" target=\"_blank\">Download<\/a><span style=\"color: #888888;\"> (verlinkte Audio-Quelle: radioeins)<\/span><\/p>\n<div style=\"height:20px;\"><\/div>\n<p>* Der ORF stellt sich Kritik<br \/>\nSeit Mai 2006 sieht sich der ORF verst\u00e4rkter Kritik von Innen und Au\u00dfen ausgesetzt. Verflachung des Programms und politische Abh\u00e4ngigkeit sind die wichtigsten Vorw\u00fcrfe. Ein Beitrag in der 3sat-&#8222;kulturzeit&#8220;, der dies thematisieren wollte, wurde geschoben. Am 16.06.2006 konnte er gesendet werden, nachdem sich die ORF-Generalsekret\u00e4rin Dr. Monika Lindner der Kritik stellte.<br \/>\nO-T\u00f6ne: Armin Wolf bei der Verleihung des Robert-Hochner-Preises; Franz-Ferdinand Wolf, \u00d6VP Wien; Dr. Monika Lindner, ORF-Generalsekret\u00e4rin (Quelle: 3sat, 16.06.2006)<br \/>\nTelefon-Interview mit Tilman Jens, kulturzeit-Autor<br \/>\nQuelle: radioeins-Medienmagazin im Inforadio vom 18.06.2006<\/p>\n<div style=\"height:10px;\"><\/div>\n<p> <audio   controls > <source src=\"http:\/\/download.radioeins.de\/mp3\/medienmagazin\/mm20060618_3.mp3\" type='audio\/mpeg' \/> <object   type=\"application\/x-shockwave-flash\"  data=\"https:\/\/www.wwwagner.tv\/wp-content\/plugins\/wphtml5player\/inc\/flowplayer.swf\"  width=\"400\"  height=\"30\"> <param name=\"movie\" value='https:\/\/www.wwwagner.tv\/wp-content\/plugins\/wphtml5player\/inc\/flowplayer.swf' \/><param name=\"allowfullscreen\" value='false' \/><param name=\"cachebusting\" value='true' \/><param name=\"bgcolor\" value='#000000' \/><param name=\"flashvars\" value='config={\"plugins\":{\"controls\":{\"height\":30,\"autoHide\":false,\"fullscreen\":false}},\"clip\":{\"autoPlay\":false,\"url\":\"http:\\\/\\\/download.radioeins.de\\\/mp3\\\/medienmagazin\\\/mm20060618_3.mp3\"},\"playlist\":[{\"autoPlay\":false,\"url\":\"http:\\\/\\\/download.radioeins.de\\\/mp3\\\/medienmagazin\\\/mm20060618_3.mp3\"}],\"play\":{\"opacity\":0}}' \/>  No audio playback capabilities, please download the audio below<br \/><strong>Download Audio:<\/strong> Closed Format: <a href=\"http:\/\/download.radioeins.de\/mp3\/medienmagazin\/mm20060618_3.mp3\">MP3<\/a> <\/object> <!-- Generated by HTML5 Multimedia Framework (http:\/\/code.google.com\/p\/html5videoplayer) --> <\/audio>  <br \/>\n<a href=\"http:\/\/download.radioeins.de\/mp3\/medienmagazin\/mm20060618_3.mp3\" target=\"_blank\">Download<\/a><span style=\"color: #888888;\"> (verlinkte Audio-Quelle: radioeins)<\/span><\/p>\n<div style=\"height:20px;\"><\/div>\n<p>* Der ORF hat einen neuen Generaldirektor<br \/>\nO-Ton: ORF-Nachrichtenenchor Armin Wolf zur Generaldirektorenwahl, ZIB2, ORF2, 17.08.2006<br \/>\nTelefoninterview mit Dr. Alexander Wrabetz, designierter ORF-Generaldirektor<br \/>\nQuelle: radioeins-Medienmagazin vom 19.08.2006<\/p>\n<div style=\"height:10px;\"><\/div>\n<p> <audio   controls > <source src=\"http:\/\/www.wwwagner.tv\/audio\/20060819_wrabetz_alexander.mp3\" type='audio\/mpeg' \/> <object   type=\"application\/x-shockwave-flash\"  data=\"https:\/\/www.wwwagner.tv\/wp-content\/plugins\/wphtml5player\/inc\/flowplayer.swf\"  width=\"400\"  height=\"30\"> <param name=\"movie\" value='https:\/\/www.wwwagner.tv\/wp-content\/plugins\/wphtml5player\/inc\/flowplayer.swf' \/><param name=\"allowfullscreen\" value='false' \/><param name=\"cachebusting\" value='true' \/><param name=\"bgcolor\" value='#000000' \/><param name=\"flashvars\" value='config={\"plugins\":{\"controls\":{\"height\":30,\"autoHide\":false,\"fullscreen\":false}},\"clip\":{\"autoPlay\":false,\"url\":\"http:\\\/\\\/www.wwwagner.tv\\\/audio\\\/20060819_wrabetz_alexander.mp3\"},\"playlist\":[{\"autoPlay\":false,\"url\":\"http:\\\/\\\/www.wwwagner.tv\\\/audio\\\/20060819_wrabetz_alexander.mp3\"}],\"play\":{\"opacity\":0}}' \/>  No audio playback capabilities, please download the audio below<br \/><strong>Download Audio:<\/strong> Closed Format: <a href=\"http:\/\/www.wwwagner.tv\/audio\/20060819_wrabetz_alexander.mp3\">MP3<\/a> <\/object> <!-- Generated by HTML5 Multimedia Framework (http:\/\/code.google.com\/p\/html5videoplayer) --> <\/audio>  <br \/>\n<a href=\"audio:http:\/\/www.wwwagner.tv\/audio\/20060819_wrabetz_alexander.mp3\" target=\"_blank\">Download<\/a><span style=\"color: #888888;\"> (verlinkte Audio-Quelle: radioeins)<\/span><\/p>\n<div style=\"height:10px;\"><\/div>\n<hr \/>\n<div style=\"height: 5px;\"><\/div>\n<p><html><br \/>\n     <head><\/p>\n<style type=\"text\/css\">\n       body {\n                     background: #DADADA;\n       }\n      <\/style>\n<p>     <\/head><br \/>\n     <body><br \/>\n<\/body><br \/>\n    <\/html><br \/>\n<script src=\"https:\/\/apis.google.com\/js\/plusone.js\" type=\"text\/javascript\">\/\/ < ![CDATA[ {lang: 'de'} \/\/ ]]><\/script><br \/>\n<script src=\"http:\/\/twittercounter.com\/embed\/?username=medienmagazin&amp;style=avatar\" type=\"text\/javascript\"><\/script><\/p>\n<p><noscript><a href=\"http:\/\/twittercounter.com\/medienmagazin\">medienmagazin on Twitter Counter<\/a><\/noscript><\/p>\n","protected":false},"excerpt":{"rendered":"<p>&#8222;Wie verhindern wir die ganze Geschichte?&#8220; No audio playback capabilities, please download the audio belowDownload Audio: Closed Format: MP3 Download (verlinkte Audio-Quelle: radioeins) Was: VoIP-Telefonat \u00fcber den ORF-Protest gegen Parteieneinfluss Wer: Dieter Bornemann (Screenshot) + J\u00f6rg Wagner O-T\u00f6ne: * Dr. Alexander Wrabetz, ORF-Generaldirektor, Quelle: radioeins-Medienmagazin, 19.08.2006 * Protest-Video der ORF-ZIB2-Redaktion * Dr. Armin Wolf, stellv. [&hellip;]<\/p>\n","protected":false},"author":2,"featured_media":0,"comment_status":"open","ping_status":"open","sticky":false,"template":"","format":"standard","meta":{"_monsterinsights_skip_tracking":false,"_monsterinsights_sitenote_active":false,"_monsterinsights_sitenote_note":"","_monsterinsights_sitenote_category":0,"footnotes":""},"categories":[17],"tags":[68,321,601,959,76,322],"class_list":["post-11911","post","type-post","status-publish","format-standard","hentry","category-aktuell","tag-internet","tag-orf","tag-oesterreich","tag-wien","tag-youtube","tag-zib2"],"_links":{"self":[{"href":"https:\/\/www.wwwagner.tv\/index.php?rest_route=\/wp\/v2\/posts\/11911","targetHints":{"allow":["GET"]}}],"collection":[{"href":"https:\/\/www.wwwagner.tv\/index.php?rest_route=\/wp\/v2\/posts"}],"about":[{"href":"https:\/\/www.wwwagner.tv\/index.php?rest_route=\/wp\/v2\/types\/post"}],"author":[{"embeddable":true,"href":"https:\/\/www.wwwagner.tv\/index.php?rest_route=\/wp\/v2\/users\/2"}],"replies":[{"embeddable":true,"href":"https:\/\/www.wwwagner.tv\/index.php?rest_route=%2Fwp%2Fv2%2Fcomments&post=11911"}],"version-history":[{"count":55,"href":"https:\/\/www.wwwagner.tv\/index.php?rest_route=\/wp\/v2\/posts\/11911\/revisions"}],"predecessor-version":[{"id":40915,"href":"https:\/\/www.wwwagner.tv\/index.php?rest_route=\/wp\/v2\/posts\/11911\/revisions\/40915"}],"wp:attachment":[{"href":"https:\/\/www.wwwagner.tv\/index.php?rest_route=%2Fwp%2Fv2%2Fmedia&parent=11911"}],"wp:term":[{"taxonomy":"category","embeddable":true,"href":"https:\/\/www.wwwagner.tv\/index.php?rest_route=%2Fwp%2Fv2%2Fcategories&post=11911"},{"taxonomy":"post_tag","embeddable":true,"href":"https:\/\/www.wwwagner.tv\/index.php?rest_route=%2Fwp%2Fv2%2Ftags&post=11911"}],"curies":[{"name":"wp","href":"https:\/\/api.w.org\/{rel}","templated":true}]}}