{"id":12656,"date":"2012-02-16T15:46:39","date_gmt":"2012-02-16T14:46:39","guid":{"rendered":"http:\/\/www.wwwagner.tv\/?p=12656"},"modified":"2012-02-18T14:13:55","modified_gmt":"2012-02-18T13:13:55","slug":"spekulationen-um-wetten-dass","status":"publish","type":"post","link":"https:\/\/www.wwwagner.tv\/?p=12656","title":{"rendered":"Spekulationen um &#8222;Wetten, dass ..?&#8220;"},"content":{"rendered":"<div style=\"height:50px;\"><\/div>\n<p><a href=\"http:\/\/www.wwwagner.tv\/wp-content\/uploads\/20111214_lanz_markus.jpg\"><img loading=\"lazy\" decoding=\"async\" src=\"http:\/\/www.wwwagner.tv\/wp-content\/uploads\/20111214_lanz_markus.jpg\" alt=\"\" title=\"20111214_lanz_markus\" width=\"600\" height=\"338\" class=\"alignright size-full wp-image-12660\" srcset=\"https:\/\/www.wwwagner.tv\/wp-content\/uploads\/20111214_lanz_markus.jpg 600w, https:\/\/www.wwwagner.tv\/wp-content\/uploads\/20111214_lanz_markus-300x169.jpg 300w\" sizes=\"auto, (max-width: 600px) 100vw, 600px\" \/><\/a><\/p>\n<div style=\"height:30px;\"><\/div>\n<p>Am 14. Februar 1981 startete das ZDF mit seinen Partnern ORF und SRG die erfolgreichste Fernsehshow Europas: \u201cWetten, dass \u2026?\u201d<\/p>\n<p>31 Jahre sp\u00e4ter, fast auf den Tag genau, am 15. Februar 2012 ver\u00f6ffentlichten <a href=\"http:\/\/www.bunte.de\/society\/markus-lanz-insider-er-ist-der-favorit-fuer-wetten-dass-_aid_30327.html\">bunte.de<\/a>, <a href=\"http:\/\/www.stern.de\/kultur\/tv\/kurz-vor-einigung-mit-dem-zdf-markus-lanz-wird-wetten-dass-moderator-1787008.html\">stern.de<\/a> und <a href=\"http:\/\/www.spiegel.de\/kultur\/tv\/0,1518,815475,00.html\">spiegel.de<\/a> unabh\u00e4ngig und doch nahezu zeitgleich Spekulationen \u00fcber Markus Lanz als Nachfolger von Thomas Gottschalk in der Moderatorenrolle.<\/p>\n<p>Die Art und Weise, wie die Worte gew\u00e4hlt wurden, vermitteln den Eindruck, dass man es genau wei\u00df. Dennoch l\u00e4sst man sich mit kleinen relativierenden W\u00f6rtern eine Hintert\u00fcr offen. Schlie\u00dflich gab es vor Wochen \u00e4hnliche \u201charte Fakten\u201d \u00fcber Hape Kerkeling.<\/p>\n<p><span style=\"color: #FFA500;\">Stern.de<\/span>:<br \/>\n<span style=\"color: #c0c0c0;\"><em>&#8222;Das ZDF ist offenbar bei der Suche nach einem neuen &#8222;Wetten, dass ..?&#8220;-Moderator f\u00fcndig geworden. Wie stern.de aus mehreren Quellen erfahren hat, soll Markus Lanz k\u00fcnftig die Samstagabendshow im Zweiten \u00fcbernehmen. Das ZDF und der Talkmaster sind sich so gut wie einig.&#8220;<\/em><\/FONT><\/span><\/p>\n<p>Offenbar. So gut wie.<br \/>\n<span style=\"color: #FFA500;\">Der Spiegel<\/span> mit demselben Vokabular:<br \/>\n<span style=\"color: #c0c0c0;\"><em>&#8222;Jetzt ist offenbar endlich ein Moderator f\u00fcr den Showklassiker &#8222;Wetten, dass..?&#8220; gefunden: Markus Lanz. Nach Informationen des SPIEGEL ist es so gut wie sicher, dass der 42-J\u00e4hrige das Format \u00fcbernimmt.&#8220;<\/em><\/FONT><\/span><\/p>\n<p>Bei <span style=\"color: #FFA500;\">bunte.de<\/span> ist man nicht so suggestiv :<br \/>\n<span style=\"color: #c0c0c0;\"><em>\u201cVergangene Woche war der 42-j\u00e4hrige S\u00fcdtiroler laut BUNTE zu Gespr\u00e4chen beim Sender in Mainz. Wenn alles glatt geht, k\u00f6nnte er im Herbst einsteigen.\u201d<\/em><\/FONT><\/span><\/p>\n<p>Es gibt vielleicht etwas mehr als eine Hand voll Menschen, die wirklich die Wahrheit kennen, weil sie in diesen Vorgang direkt involviert sind. Alle anderen sind auf Informationen aus diesem Kreis angewiesen.<\/p>\n<p>Ich halte es f\u00fcr unwahrscheinlich, dass jemand aus diesem engsten ZDF-Kreis, zu dem der Noch-Intendant Markus Sch\u00e4chter und der zuk\u00fcnftige Intendant\/Noch-Programmdirektor Thomas Bellut geh\u00f6ren, bei Bunte, stern oder Spiegel angerufen und gesagt haben, also der Markus Lanz wird im Herbst \u201cWetten, dass ..?\u201d moderieren.<\/p>\n<p>Was k\u00f6nnte daher passiert sein? Es gibt mindestens zwei Varianten.<\/p>\n<p><span style=\"color: #FFA500;\">Variante 1:<\/span><br \/>\nDa man in manchen Redaktionen wei\u00df, das \u201cWetten, dass ..?\u201d sehr starke Aufmerksamkeit bindet, damit Klickzahlen oder Auflage verspricht, wartet man nicht auf gesicherte ZDF-Informationen sondern spekuliert. <\/p>\n<p>Das muss gar nicht unseri\u00f6s sein. Man sieht sich die \u00fcberschaubare Anzahl m\u00f6glicher Nachfolger an und streicht die unwahrscheinlichsten weg. Die anderen spricht man an und sieht, wie sie sich verhalten. Dementieren sie? Dementieren sie glaubhaft? <\/p>\n<p>Dann zeigt man sich dem ZDF helfend, in dem man diese Liste pr\u00e4sentiert, fragt das Publikum, beauftragt ein Meinungsforschungsinstitut: wen will das Publikum? Usw. Das ist alles im letzten Jahr passiert. Es gibt keinen m\u00f6glichen Kandidaten, der nicht irgendwie besprochen wurde. Damit setzt man das ZDF von au\u00dfen unter Druck und hofft, dass es irgendwelche Anhaltspunkte gibt, die verr\u00e4terisch sind.<\/p>\n<p><span style=\"color: #FFA500;\">Variante 2:<\/span><br \/>\nMan begibt sich recherchierend ins Innere des ZDF und sucht Schwachstellen in der Geheimhaltung. Beobachtet, wer, wann, wo, zu welchen Terminen auftaucht. Da kann vielleicht schon mal der Schrankenw\u00e4rter auf dem Mainzer Lerchenberg bei gezielter Nachfrage unfreiwillig oder bewusst einen Tipp geben u. \u00e4. Anschlie\u00dfend spricht man direkt ZDF-Offizielle an und kann aus der Art und Weise, wie dementiert wird R\u00fcckschl\u00fcsse ziehen:<\/p>\n<p>Interessant ist, wie wortkarg den Spekulationen um Markus Lanz am 15.02.2012 begegnet wurde. Meine Anfrage an den ZDF-Sprecher Alexander Stock wurde per SMS so beantwortet: <\/p>\n<p><span style=\"color: #c0c0c0;\"><em>&#8222;Es gibt noch keine Entscheidung in der Sache \u2013 dass Lanz ein m\u00f6glicher Kandidat ist, ist ja seit Wochen zu lesen \u2013 Mehr ist zur Zeit nicht zu sagen.&#8220;<\/em><\/span><\/p>\n<p>Via twitter hie\u00df es bei @zdf auf Nachfrage, ob es ein offizielles Statement g\u00e4be:<\/p>\n<blockquote class=\"twitter-tweet\" data-in-reply-to=\"169805552136896513\" lang=\"de\">\n<p>@<a href=\"https:\/\/twitter.com\/medienmagazin\">medienmagazin<\/a> Bitte mal einen der letzten Tweets angucken&#8230; Da haben wir etwas dazu geschrieben.<\/p>\n<p>&mdash; ZDF (@ZDF) <a href=\"https:\/\/twitter.com\/ZDF\/status\/169805741123846146\" data-datetime=\"2012-02-15T15:30:18+00:00\">Februar 15, 2012<\/a><\/p><\/blockquote>\n<p><script src=\"\/\/platform.twitter.com\/widgets.js\" charset=\"utf-8\"><\/script><\/p>\n<p>Der folgende Tweet geht wohl in die Mediengeschichte ein, als eine der worteffizientesten Unternehmens-Erkl\u00e4rungen.<\/p>\n<blockquote class=\"twitter-tweet\" lang=\"de\">\n<p>Es gibt keine Entscheidung. <a href=\"https:\/\/twitter.com\/search\/%2523markuslanz\">#markuslanz<\/a> <a href=\"https:\/\/twitter.com\/search\/%2523wettendass\">#wettendass<\/a><\/p>\n<p>&mdash; ZDF (@ZDF) <a href=\"https:\/\/twitter.com\/ZDF\/status\/169789224558661632\" data-datetime=\"2012-02-15T14:24:40+00:00\">Februar 15, 2012<\/a><\/p><\/blockquote>\n<p><script src=\"\/\/platform.twitter.com\/widgets.js\" charset=\"utf-8\"><\/script><\/p>\n<p>Am Nachmittag dementiert ZDF-Intendant Sch\u00e4chter als Rangh\u00f6chster unscharf im Online-<a href=\"http:\/\/www.tagesspiegel.de\/medien\/zdf-intendant-markus-schaechter-bei-thomas-gottschalk-habe-ich-keine-schadenfreude\/6214356.html\">Tagesspiegel<\/a>. <\/p>\n<p>Wenn ein Sender so sparsam ist in der Kommunikation, weckt dies geradezu die Neugier von Medien. Andererseits ist das verbale Schweigen eine praktikable Methode, um Unsicherheit zu erzeugen. Die Online-Ausgabe der BILD stocherte sch\u00f6n nachvollziehbar mit ihren \u00dcberschriften im Nebel. Das zeigt, man wei\u00df es nicht wirklich. (Vgl.: <a href=\"http:\/\/www.mediensalat.info\/wordpress\/?p=12384\">Mediensalat.info<\/a>)<\/p>\n<p><span style=\"color: #c0c0c0;\"><em>Markus Lanz \u00fcbernimmt \u201cWetten, dass ..?\u201d<\/em><\/span><\/p>\n<p><span style=\"color: #c0c0c0;\"><em>Wird Markus Lanz Gottschalks Nachfolger?<\/em><\/span> <\/p>\n<p><span style=\"color: #c0c0c0;\"><em>Wetten dass .. Markus Lanz Gottschalks Nachfolger wird?<\/em><\/span> <\/p>\n<p>Auch der Tag danach hat keine Erhellung gebracht. Thomas Gottschalk wird mit Artigkeiten \u00fcber Markus Lanz <a href=\"http:\/\/www.spiegel.de\/kultur\/tv\/0,1518,815613,00.html\">zitiert<\/a>. Keine Belege, Beweise, Quellen. Wozu das Ganze also? Um zu zeigen, wie toll man recherchieren kann?<\/p>\n<p>Ich halte es f\u00fcr legitim, dass man wissen will, wer Europas gr\u00f6\u00dfte TV-Show moderiert, aber das wissen wir mit derselben Genauigkeit bereits seit dem 14.12.2011 durch Markus Lanz im ZDF selbst mit Hilfe von Dr. Elisabeth Teissier:  \ud83d\ude09<\/p>\n<div class=\"BorlabsCookie\"><div class=\"_brlbs-content-blocker\"> <div class=\"_brlbs-embed _brlbs-video-vimeo\"> <img class=\"_brlbs-thumbnail\" src=\"https:\/\/www.wwwagner.tv\/wp-content\/plugins\/borlabs-cookie\/images\/cb-no-thumbnail.png\" alt=\"Vimeo\"> <div class=\"_brlbs-caption\"> <p>Mit dem Laden des Videos akzeptieren Sie die Datenschutzerkl\u00e4rung von Vimeo.<br><a href=\"https:\/\/vimeo.com\/privacy\" target=\"_blank\" rel=\"nofollow noopener noreferrer\">Mehr erfahren<\/a><\/p> <p><a class=\"_brlbs-btn _brlbs-icon-play-white\" href=\"#\" data-borlabs-cookie-unblock role=\"button\">Video laden<\/a><\/p> <p><label><input type=\"checkbox\" name=\"unblockAll\" value=\"1\" checked> <small>Vimeo immer entsperren<\/small><\/label><\/p> <\/div> <\/div> <\/div><div class=\"borlabs-hide\" data-borlabs-cookie-type=\"content-blocker\" data-borlabs-cookie-id=\"vimeo\"><script type=\"text\/template\">PHA+PGlmcmFtZSBsb2FkaW5nPSJsYXp5IiBzcmM9Imh0dHA6Ly9wbGF5ZXIudmltZW8uY29tL3ZpZGVvLzM3MDEzNjAyP3RpdGxlPTAmYW1wO2J5bGluZT0wJmFtcDtwb3J0cmFpdD0wJmFtcDtjb2xvcj1mZjk5MzMiIHdpZHRoPSI2MDAiIGhlaWdodD0iMzM4IiBmcmFtZWJvcmRlcj0iMCIgd2Via2l0QWxsb3dGdWxsU2NyZWVuIG1vemFsbG93ZnVsbHNjcmVlbiBhbGxvd0Z1bGxTY3JlZW4+PC9pZnJhbWU+PC9wPg==<\/script><\/div><\/div>\n<div style=\"height:70px;\"><\/div>\n<p><span style=\"color: #888888;\">(Screenshot+Video: ZDF)<\/span><\/p>\n<p><script type=\"text\/javascript\" src=\"https:\/\/apis.google.com\/js\/plusone.js\">\n  {lang: 'de'}\n<\/script><g:plusone><\/g:plusone><br \/>\n<script type=\"text\/javascript\" src=\"http:\/\/twittercounter.com\/embed\/?username=medienmagazin&#038;style=avatar\"><\/script><noscript><a href=\"http:\/\/twittercounter.com\/medienmagazin\">medienmagazin on Twitter Counter<\/a><\/noscript> <\/p>\n","protected":false},"excerpt":{"rendered":"<p>Am 14. Februar 1981 startete das ZDF mit seinen Partnern ORF und SRG die erfolgreichste Fernsehshow Europas: \u201cWetten, dass \u2026?\u201d 31 Jahre sp\u00e4ter, fast auf den Tag genau, am 15. Februar 2012 ver\u00f6ffentlichten bunte.de, stern.de und spiegel.de unabh\u00e4ngig und doch nahezu zeitgleich Spekulationen \u00fcber Markus Lanz als Nachfolger von Thomas Gottschalk in der Moderatorenrolle. Die [&hellip;]<\/p>\n","protected":false},"author":2,"featured_media":0,"comment_status":"open","ping_status":"open","sticky":false,"template":"","format":"standard","meta":{"_monsterinsights_skip_tracking":false,"_monsterinsights_sitenote_active":false,"_monsterinsights_sitenote_note":"","_monsterinsights_sitenote_category":0,"footnotes":""},"categories":[17],"tags":[106,50],"class_list":["post-12656","post","type-post","status-publish","format-standard","hentry","category-aktuell","tag-wetten-dass","tag-zdf"],"_links":{"self":[{"href":"https:\/\/www.wwwagner.tv\/index.php?rest_route=\/wp\/v2\/posts\/12656","targetHints":{"allow":["GET"]}}],"collection":[{"href":"https:\/\/www.wwwagner.tv\/index.php?rest_route=\/wp\/v2\/posts"}],"about":[{"href":"https:\/\/www.wwwagner.tv\/index.php?rest_route=\/wp\/v2\/types\/post"}],"author":[{"embeddable":true,"href":"https:\/\/www.wwwagner.tv\/index.php?rest_route=\/wp\/v2\/users\/2"}],"replies":[{"embeddable":true,"href":"https:\/\/www.wwwagner.tv\/index.php?rest_route=%2Fwp%2Fv2%2Fcomments&post=12656"}],"version-history":[{"count":59,"href":"https:\/\/www.wwwagner.tv\/index.php?rest_route=\/wp\/v2\/posts\/12656\/revisions"}],"predecessor-version":[{"id":12722,"href":"https:\/\/www.wwwagner.tv\/index.php?rest_route=\/wp\/v2\/posts\/12656\/revisions\/12722"}],"wp:attachment":[{"href":"https:\/\/www.wwwagner.tv\/index.php?rest_route=%2Fwp%2Fv2%2Fmedia&parent=12656"}],"wp:term":[{"taxonomy":"category","embeddable":true,"href":"https:\/\/www.wwwagner.tv\/index.php?rest_route=%2Fwp%2Fv2%2Fcategories&post=12656"},{"taxonomy":"post_tag","embeddable":true,"href":"https:\/\/www.wwwagner.tv\/index.php?rest_route=%2Fwp%2Fv2%2Ftags&post=12656"}],"curies":[{"name":"wp","href":"https:\/\/api.w.org\/{rel}","templated":true}]}}