{"id":14839,"date":"2012-05-27T06:30:15","date_gmt":"2012-05-27T05:30:15","guid":{"rendered":"http:\/\/www.wwwagner.tv\/?p=14839"},"modified":"2021-04-05T21:37:36","modified_gmt":"2021-04-05T19:37:36","slug":"eurovision-song-contest-2012","status":"publish","type":"post","link":"https:\/\/www.wwwagner.tv\/?p=14839","title":{"rendered":"Eurovision Song Contest 2012"},"content":{"rendered":"<p><a href=\"http:\/\/www.wwwagner.tv\/wp-content\/uploads\/Adlershof.jpg\"><img loading=\"lazy\" decoding=\"async\" src=\"http:\/\/www.wwwagner.tv\/wp-content\/uploads\/Adlershof.jpg\" alt=\"\" title=\"Adlershof\" width=\"600\" height=\"360\" class=\"alignnone size-full wp-image-14840\" srcset=\"https:\/\/www.wwwagner.tv\/wp-content\/uploads\/Adlershof.jpg 600w, https:\/\/www.wwwagner.tv\/wp-content\/uploads\/Adlershof-300x180.jpg 300w\" sizes=\"auto, (max-width: 600px) 100vw, 600px\" \/><\/a><\/p>\n<div style=\"height:30px;\"><\/div>\n<blockquote><p>&#8222;Heute Abend konnte niemand f\u00fcr sein eigenes Land abstimmen. Aber es ist gut, abstimmen zu k\u00f6nnen. Und es ist gut, eine Wahl zu haben. Viel Gl\u00fcck auf Deiner Reise, Aserbaidschan! Europa beobachtet Dich!&#8220;<\/p><\/blockquote>\n<div style=\"height:40px;\"><\/div>\n<div class=\"BorlabsCookie\"><div class=\"_brlbs-content-blocker\"> <div class=\"_brlbs-embed _brlbs-video-youtube\"> <img class=\"_brlbs-thumbnail\" src=\"https:\/\/www.wwwagner.tv\/wp-content\/plugins\/borlabs-cookie\/images\/cb-no-thumbnail.png\" alt=\"YouTube\"> <div class=\"_brlbs-caption\"> <p>Mit dem Laden des Videos akzeptieren Sie die Datenschutzerkl\u00e4rung von YouTube.<br><a href=\"https:\/\/policies.google.com\/privacy\" target=\"_blank\" rel=\"nofollow noopener noreferrer\">Mehr erfahren<\/a><\/p> <p><a class=\"_brlbs-btn _brlbs-icon-play-white\" href=\"#\" data-borlabs-cookie-unblock role=\"button\">Video laden<\/a><\/p> <p><label><input type=\"checkbox\" name=\"unblockAll\" value=\"1\" checked> <small>YouTube immer entsperren<\/small><\/label><\/p> <\/div> <\/div> <\/div><div class=\"borlabs-hide\" data-borlabs-cookie-type=\"content-blocker\" data-borlabs-cookie-id=\"youtube\"><script type=\"text\/template\">PHA+PGlmcmFtZSBsb2FkaW5nPSJsYXp5IiB3aWR0aD0iNDAwIiBoZWlnaHQ9IjIyMCIgc3JjPSJodHRwczovL3d3dy55b3V0dWJlLW5vY29va2llLmNvbS9lbWJlZC9CemtnOVZHUE40WSIgZnJhbWVib3JkZXI9IjAiIGFsbG93ZnVsbHNjcmVlbj48L2lmcmFtZT48L3A+<\/script><\/div><\/div>\n<div style=\"height:20px;\"><\/div>\n<p><u>Was<\/u>: ESC<br \/>\n<u>Wo<\/u>: Baku, Aserbaidschan | Hamburg, Deutschland<br \/>\n<u>Wann<\/u>: 27.05.2012, kurz nach Mitternacht, Das Erste, ARD<br \/>\n<u>Wer<\/u>: Anke Engelke<\/p>\n<div style=\"height:20px;\"><\/div>\n<p><a href=\"http:\/\/www.wwwagner.tv\/wp-content\/uploads\/schreiber_thomas_400.jpg\"><img loading=\"lazy\" decoding=\"async\" src=\"http:\/\/www.wwwagner.tv\/wp-content\/uploads\/schreiber_thomas_400.jpg\" alt=\"\" title=\"schreiber_thomas_400\" width=\"400\" height=\"261\" class=\"alignnone size-full wp-image-14862\" srcset=\"https:\/\/www.wwwagner.tv\/wp-content\/uploads\/schreiber_thomas_400.jpg 400w, https:\/\/www.wwwagner.tv\/wp-content\/uploads\/schreiber_thomas_400-300x195.jpg 300w\" sizes=\"auto, (max-width: 400px) 100vw, 400px\" \/><\/a><\/p>\n<div style=\"height:20px;\"><\/div>\n<p><u>Was<\/u>: Leitungsgespr\u00e4ch vor dem ESC<br \/>\n<u>Wo<\/u>: Berlin <--> Baku, Aserbaidschan<br \/>\n<u>Wann<\/u>: <a href=\"http:\/\/bit.ly\/K1BGrW\" target=\"_blank\" rel=\"noopener noreferrer\">26.05.2012<\/a>, radioeins-Medienmagazin<br \/>\n<u>Wer<\/u>: Thomas Schreiber, ARD-Unterhaltungschef<\/p>\n<div style=\"height:10px;\"><\/div>\n <audio   controls > <source src=\"http:\/\/www.wwwagner.tv\/audio\/mm20120526_1.mp3\" type='audio\/mpeg' \/> <object   type=\"application\/x-shockwave-flash\"  data=\"https:\/\/www.wwwagner.tv\/wp-content\/plugins\/wphtml5player\/inc\/flowplayer.swf\"  width=\"400\"  height=\"30\"> <param name=\"movie\" value='https:\/\/www.wwwagner.tv\/wp-content\/plugins\/wphtml5player\/inc\/flowplayer.swf' \/><param name=\"allowfullscreen\" value='false' \/><param name=\"cachebusting\" value='true' \/><param name=\"bgcolor\" value='#000000' \/><param name=\"flashvars\" value='config={\"plugins\":{\"controls\":{\"height\":30,\"autoHide\":false,\"fullscreen\":false}},\"clip\":{\"autoPlay\":false,\"url\":\"http:\\\/\\\/www.wwwagner.tv\\\/audio\\\/mm20120526_1.mp3\"},\"playlist\":[{\"autoPlay\":false,\"url\":\"http:\\\/\\\/www.wwwagner.tv\\\/audio\\\/mm20120526_1.mp3\"}],\"play\":{\"opacity\":0}}' \/>  No audio playback capabilities, please download the audio below<br \/><strong>Download Audio:<\/strong> Closed Format: <a href=\"http:\/\/www.wwwagner.tv\/audio\/mm20120526_1.mp3\">MP3<\/a> <\/object> <!-- Generated by HTML5 Multimedia Framework (http:\/\/code.google.com\/p\/html5videoplayer) --> <\/audio>  \n<div style=\"height:20px;\"><\/div>\n<p><a href=\"http:\/\/www.wwwagner.tv\/wp-content\/uploads\/20120523_ismayilova_khadija_400.jpg\"><img loading=\"lazy\" decoding=\"async\" src=\"http:\/\/www.wwwagner.tv\/wp-content\/uploads\/20120523_ismayilova_khadija_400.jpg\" alt=\"\" title=\"20120523_ismayilova_khadija_400\" width=\"400\" height=\"261\" class=\"alignnone size-full wp-image-14863\" srcset=\"https:\/\/www.wwwagner.tv\/wp-content\/uploads\/20120523_ismayilova_khadija_400.jpg 400w, https:\/\/www.wwwagner.tv\/wp-content\/uploads\/20120523_ismayilova_khadija_400-300x195.jpg 300w\" sizes=\"auto, (max-width: 400px) 100vw, 400px\" \/><\/a><\/p>\n<div style=\"height:20px;\"><\/div>\n<p><u>Was<\/u>: Interview zur Arbeit als Freelancerin in Baku<br \/>\n<u>Wo<\/u>: Berlin<br \/>\n<u>Wann<\/u>: 23.05.2012; ver\u00f6ffentlicht im radioeins-Medienmagazin am <a href=\"http:\/\/bit.ly\/K1BGrW\" target=\"_blank\" rel=\"noopener noreferrer\">26.05.2012<\/a><br \/>\n<u>Wer<\/u>: Khadija Ismayilova, Freie Journalistin u. a. <a href=\"http:\/\/www.rferl.org\/content\/press_release_khadija_ismayilova_iwmf_courage_in_journalism_award\/24568700.html\" target=\"_blank\" rel=\"noopener noreferrer\">RFE\/RL<\/a><\/p>\n<div style=\"height:10px;\"><\/div>\n <audio   controls > <source src=\"http:\/\/www.wwwagner.tv\/audio\/mm20120526_2.mp3\" type='audio\/mpeg' \/> <object   type=\"application\/x-shockwave-flash\"  data=\"https:\/\/www.wwwagner.tv\/wp-content\/plugins\/wphtml5player\/inc\/flowplayer.swf\"  width=\"400\"  height=\"30\"> <param name=\"movie\" value='https:\/\/www.wwwagner.tv\/wp-content\/plugins\/wphtml5player\/inc\/flowplayer.swf' \/><param name=\"allowfullscreen\" value='false' \/><param name=\"cachebusting\" value='true' \/><param name=\"bgcolor\" value='#000000' \/><param name=\"flashvars\" value='config={\"plugins\":{\"controls\":{\"height\":30,\"autoHide\":false,\"fullscreen\":false}},\"clip\":{\"autoPlay\":false,\"url\":\"http:\\\/\\\/www.wwwagner.tv\\\/audio\\\/mm20120526_2.mp3\"},\"playlist\":[{\"autoPlay\":false,\"url\":\"http:\\\/\\\/www.wwwagner.tv\\\/audio\\\/mm20120526_2.mp3\"}],\"play\":{\"opacity\":0}}' \/>  No audio playback capabilities, please download the audio below<br \/><strong>Download Audio:<\/strong> Closed Format: <a href=\"http:\/\/www.wwwagner.tv\/audio\/mm20120526_2.mp3\">MP3<\/a> <\/object> <!-- Generated by HTML5 Multimedia Framework (http:\/\/code.google.com\/p\/html5videoplayer) --> <\/audio>  \n<div style=\"height:20px;\"><\/div>\n<p>Vgl.:<br \/>\n* <a href=\"http:\/\/www.presseportal.de\/pm\/105475\/2257988\/aserbaidschanische-botschaft-nimmt-stellung-zur-kritik-in-den-deutschen-medien\" target=\"_blank\" rel=\"noopener noreferrer\">Aserbaidschanische Botschaft nimmt Stellung zur Kritik in den deutschen Medien<\/a>, 23.05.2012<br \/>\n* ROG-Bericht: Zwischen Staatskontrolle und Selbstzensur, 24.05.2012, <a href=\"https:\/\/www.reporter-ohne-grenzen.de\/fileadmin\/Redaktion\/News\/Downloads\/120524_ROG-Bericht_Aserbaidschan.pdf\" rel=\"noopener\" target=\"_blank\">PDF<\/a><\/p>\n<div style=\"height:20px;\"><\/div>\n<p>(Fotos bzw. Screenshot: \u00a9 NDR bzw. NDR\/Marcus Kr\u00fcger, J\u00f6rg Wagner)<\/p>\n<div style=\"height:20px;\"><\/div>\n<hr \/>\n<div style=\"height: 5px;\"><\/div>\n<p><html><br \/>\n     <head><\/p>\n<style type=\"text\/css\">\n       body {\n                     background: #DADADA;\n       }\n      <\/style>\n<p>     <\/head><br \/>\n     <body><br \/>\n<\/body><br \/>\n    <\/html><br \/>\n<script src=\"https:\/\/apis.google.com\/js\/plusone.js\" type=\"text\/javascript\">\/\/ < ![CDATA[ {lang: 'de'} \/\/ ]]><\/script><br \/>\n<script src=\"http:\/\/twittercounter.com\/embed\/?username=medienmagazin&amp;style=avatar\" type=\"text\/javascript\"><\/script><\/p>\n<p><noscript><a href=\"http:\/\/twittercounter.com\/medienmagazin\">medienmagazin on Twitter Counter<\/a><\/noscript><\/p>\n","protected":false},"excerpt":{"rendered":"<p>&#8222;Heute Abend konnte niemand f\u00fcr sein eigenes Land abstimmen. Aber es ist gut, abstimmen zu k\u00f6nnen. Und es ist gut, eine Wahl zu haben. Viel Gl\u00fcck auf Deiner Reise, Aserbaidschan! Europa beobachtet Dich!&#8220; Mit dem Laden des Videos akzeptieren Sie die Datenschutzerkl\u00e4rung von YouTube.Mehr erfahren Video laden YouTube immer entsperren Was: ESC Wo: Baku, Aserbaidschan [&hellip;]<\/p>\n","protected":false},"author":2,"featured_media":0,"comment_status":"open","ping_status":"open","sticky":false,"template":"","format":"standard","meta":{"_monsterinsights_skip_tracking":false,"_monsterinsights_sitenote_active":false,"_monsterinsights_sitenote_note":"","_monsterinsights_sitenote_category":0,"footnotes":""},"categories":[17],"tags":[25],"class_list":["post-14839","post","type-post","status-publish","format-standard","hentry","category-aktuell","tag-esc"],"_links":{"self":[{"href":"https:\/\/www.wwwagner.tv\/index.php?rest_route=\/wp\/v2\/posts\/14839","targetHints":{"allow":["GET"]}}],"collection":[{"href":"https:\/\/www.wwwagner.tv\/index.php?rest_route=\/wp\/v2\/posts"}],"about":[{"href":"https:\/\/www.wwwagner.tv\/index.php?rest_route=\/wp\/v2\/types\/post"}],"author":[{"embeddable":true,"href":"https:\/\/www.wwwagner.tv\/index.php?rest_route=\/wp\/v2\/users\/2"}],"replies":[{"embeddable":true,"href":"https:\/\/www.wwwagner.tv\/index.php?rest_route=%2Fwp%2Fv2%2Fcomments&post=14839"}],"version-history":[{"count":51,"href":"https:\/\/www.wwwagner.tv\/index.php?rest_route=\/wp\/v2\/posts\/14839\/revisions"}],"predecessor-version":[{"id":49439,"href":"https:\/\/www.wwwagner.tv\/index.php?rest_route=\/wp\/v2\/posts\/14839\/revisions\/49439"}],"wp:attachment":[{"href":"https:\/\/www.wwwagner.tv\/index.php?rest_route=%2Fwp%2Fv2%2Fmedia&parent=14839"}],"wp:term":[{"taxonomy":"category","embeddable":true,"href":"https:\/\/www.wwwagner.tv\/index.php?rest_route=%2Fwp%2Fv2%2Fcategories&post=14839"},{"taxonomy":"post_tag","embeddable":true,"href":"https:\/\/www.wwwagner.tv\/index.php?rest_route=%2Fwp%2Fv2%2Ftags&post=14839"}],"curies":[{"name":"wp","href":"https:\/\/api.w.org\/{rel}","templated":true}]}}