{"id":15331,"date":"2012-06-16T18:45:56","date_gmt":"2012-06-16T17:45:56","guid":{"rendered":"http:\/\/www.wwwagner.tv\/?p=15331"},"modified":"2021-08-13T01:38:40","modified_gmt":"2021-08-12T23:38:40","slug":"heker-harald","status":"publish","type":"post","link":"https:\/\/www.wwwagner.tv\/?p=15331","title":{"rendered":"Heker, Harald"},"content":{"rendered":"<h4><em>&#8222;Keine Endverbraucher kriminalisieren.&#8220;<\/em><\/h4>\n<div style=\"height:10px;\"><\/div>\n<p><figure id=\"attachment_15337\" aria-describedby=\"caption-attachment-15337\" style=\"width: 600px\" class=\"wp-caption alignnone\"><img loading=\"lazy\" decoding=\"async\" src=\"https:\/\/www.wwwagner.tv\/wp-content\/uploads\/20120613_heker_harald_3_600.jpg\" alt=\"\" width=\"600\" height=\"376\" class=\"size-full wp-image-15337\" srcset=\"https:\/\/www.wwwagner.tv\/wp-content\/uploads\/20120613_heker_harald_3_600.jpg 600w, https:\/\/www.wwwagner.tv\/wp-content\/uploads\/20120613_heker_harald_3_600-300x188.jpg 300w\" sizes=\"auto, (max-width: 600px) 100vw, 600px\" \/><figcaption id=\"caption-attachment-15337\" class=\"wp-caption-text\">Harald Heker | Foto: \u00a9 J\u00f6rg Wagner<\/figcaption><\/figure><br \/>\n<span style=\"font-size: 11pt; font-family: tahoma,arial,helvetica,sans-serif;\"><\/p>\n<div style=\"height:10px;\"><\/div>\n<p> <audio   controls > <source src=\"http:\/\/www.wwwagner.tv\/audio\/20120613_heker_harald_128.mp3\" type='audio\/mpeg' \/> <object   type=\"application\/x-shockwave-flash\"  data=\"https:\/\/www.wwwagner.tv\/wp-content\/plugins\/wphtml5player\/inc\/flowplayer.swf\"  width=\"400\"  height=\"30\"> <param name=\"movie\" value='https:\/\/www.wwwagner.tv\/wp-content\/plugins\/wphtml5player\/inc\/flowplayer.swf' \/><param name=\"allowfullscreen\" value='false' \/><param name=\"cachebusting\" value='true' \/><param name=\"bgcolor\" value='#000000' \/><param name=\"flashvars\" value='config={\"plugins\":{\"controls\":{\"height\":30,\"autoHide\":false,\"fullscreen\":false}},\"clip\":{\"autoPlay\":false,\"url\":\"http:\\\/\\\/www.wwwagner.tv\\\/audio\\\/20120613_heker_harald_128.mp3\"},\"playlist\":[{\"autoPlay\":false,\"url\":\"http:\\\/\\\/www.wwwagner.tv\\\/audio\\\/20120613_heker_harald_128.mp3\"}],\"play\":{\"opacity\":0}}' \/>  No audio playback capabilities, please download the audio below<br \/><strong>Download Audio:<\/strong> Closed Format: <a href=\"http:\/\/www.wwwagner.tv\/audio\/20120613_heker_harald_128.mp3\">MP3<\/a> <\/object> <!-- Generated by HTML5 Multimedia Framework (http:\/\/code.google.com\/p\/html5videoplayer) --> <\/audio>  <br \/>\n<a href=\"http:\/\/www.wwwagner.tv\/audio\/20120613_heker_harald_128.mp3\" target=\"_blank\" rel=\"noopener\">Download<\/a><\/p>\n<div style=\"height:20px;\"><\/div>\n<p><u>Was<\/u>: Interview zum Urheberrecht<br \/>\n<u>Wer<\/u>: Dr. <a href=\"https:\/\/www.gema.de\/die-gema\/organisation\/vorstand\/dr-harald-heker.html\" target=\"_blank\" rel=\"noopener\">Harald Heker<\/a>, Vorstandsvorsitzender der <a href=\"https:\/\/www.gema.de\/\" target=\"_blank\" rel=\"noopener\">GEMA<\/a><br \/>\n<u>Wo<\/u>: Berlin, Bertelsmann-Repr\u00e4sentanz<br \/>\n<u>Wann<\/u>: 13.06.2012, ver\u00f6ffentlich am 16.06.2012 im radioeins-Medienmagazin, rbb<\/p>\n<div style=\"height:20px;\"><\/div>\n<div id='stb-container-8633' class='stb-container-css stb-custom-container stb-no-caption stb-image-none stb-ltr stb-border stb-side'><aside class='stb-icon'><img src='http:\/\/www.wwwagner.tv\/wp-content\/plugins\/wp-special-textboxes\/themes\/stb-dark\/heart.png'><\/aside><div id='stb-box-8633' class='stb-custom_box stb-box' ><\/p>\n<p>(w\u00f6rtliches Transkript)<\/p>\n<div style=\"height: 20px;\"><\/div>\n<blockquote>\n<p>0:00<br \/>\n<u>Dr. Harald Heker<\/u>: Die Position der GEMA ist, was die Nutzung von Urheberrechten im Internet anbelangt, ganz klar. Wir wollen keine Endverbraucher kriminalisieren. Wir wollen keine Gesch\u00e4fte mit Endverbrauchern, sondern wir wollen uns halten &#8211; wie auch schon in der analogen Welt &#8211; an diejenigen, die mit der Nutzung von Musik-Werken im Internet Geld verdienen. Mit denen wollen wir entsprechende Lizenzvertr\u00e4ge schlie\u00dfen und daf\u00fcr brauchen wir, da die Rechtslage in Deutschland nicht eindeutig ist, die Hilfe des Gesetzgebers. Und die ist dringend gefordert.<\/p>\n<p>0:32<br \/>\n<u>J\u00f6rg Wagner<\/u>: <strong>Nun ist ja bei Google der Vorwurf gar nicht so sehr, dass sie nicht wollen, sondern, dass Google mit YouTube nicht gen\u00fcgend bezahlt. Also, es geht um eine angemessene Bezahlung derjenigen, die Sie vertreten. Wird man sich da auf kurze oder mittelfristige Sicht einigen k\u00f6nnen, was angemessen ist? Oder brauchen Sie tats\u00e4chlich die Hilfe anderer daf\u00fcr?<\/strong><\/p>\n<p><u>Dr. Harald Heker<\/u>: Also, die Position, die Google\/YouTube in unserem Rechtsstreit beim Landgericht Hamburg vertritt, ist ganz klar. YouTube argumentiert, dass sie nicht verantwortlich seien f\u00fcr die Inhalte, die fremde Uploader auf den YouTube-Server hoch laden. Und diese Position ist f\u00fcr uns nicht akzeptabel. Und das ist f\u00fcr uns auch keine Grundlage, um dann letztendlich auch zu Vertragsabschl\u00fcssen mit YouTube zu kommen, sondern wir brauchen eine klare Rechtslage, aufgrund derer wir dann auch mit YouTube verhandeln und abschlie\u00dfen k\u00f6nnen.<\/p>\n<p>1:26<br \/>\n<u>J\u00f6rg Wagner<\/u>: <strong>Nun gibt es aber leider auch Probleme in der analogen Welt. Man h\u00f6rt immer, vielleicht k\u00f6nnen Sie das dementieren, von Kinderg\u00e4rten, die keine Kinderlieder mehr singen d\u00fcrfen, wenn sie keine GEMA entrichten. Es gibt von Clubbesitzern Beispielrechnungen, dass sie demn\u00e4chst <a href=\"http:\/\/www.heise.de\/tp\/artikel\/37\/37068\/1.html\" target=\"_blank\" rel=\"noopener\">2600 % mehr bezahlen<\/a> m\u00fcssen, dass Sie eine ganze Clubszene tot machen zum Beispiel. Was entgegnen Sie da?<\/strong><\/p>\n<p>1:32<br \/>\n<u>Dr. Harald Heker<\/u>: Beide Behauptungen sind nachweislich falsch. Die GEMA kassiert nicht f\u00fcr das Singen von Liedern in Kinderg\u00e4rten. Das ist ein Thema, was vor etwa anderthalb Jahren durch die Presse geisterte, ist mittlerweile auch dadurch, dass auch niemand mehr dar\u00fcber spricht, erledigt, weil es kein Thema war. Und, was das Thema von Clubbesitzern anbelangt, auch hier ein ganz klares Dementi. Richtig ist, dass die GEMA einen <a href=\"https:\/\/www.gema.de\/veranstaltungstarife\" target=\"_blank\" rel=\"noopener\">neuen Tarif publiziert<\/a> hat, der ab dem n\u00e4chsten Jahr, ab dem Jahr 2013 neue Bedingungen f\u00fcr die Nutzung von Musik in Veranstaltungen schafft. Dieser Tarif wird dazu f\u00fchren, dass insbesondere die kleinen und mittleren Veranstaltungen ENTlastet werden. Es wird also f\u00fcr 60 % aller Veranstaltungen in Deutschland, die Musik nutzen, billiger mit der GEMA einen Vertrag zu schlie\u00dfen, w\u00e4hrend es f\u00fcr die GROSS-Veranstaltungen, also die gro\u00dfen Diskotheken, die 5000 G\u00e4ste an einem Abend durchschleusen und daf\u00fcr 50 Euro Eintritt nehmen, f\u00fcr diese Gro\u00dfveranstalter wird es tats\u00e4chlich teurer. Aber, dieser Tarif ist jetzt publiziert. Wir erwarten, dass die entsprechenden Berufsverb\u00e4nde mit uns Gesamt-Vertragsverhandlungen aufnehmen, um, wenn es in dem einen oder anderen Fall H\u00e4rten geben sollte, diese dann auch abzufedern. Dazu sind wir selbstverst\u00e4ndlich bereit.<\/p>\n<p>3:15<br \/>\n<u>J\u00f6rg Wagner<\/u>: <strong>Ganz kurze Nachfrage. Es wird auch immer kritisiert, dass Sie als Verwertungsgesellschaft Pauschalen in Clubs erheben, wo zum Beispiel Techno-Leute ihr eigenes Material spielen, was sie selber sampeln, was sie selber kreieren, aber dann trotzdem, weil sie ein Club sind an die GEMA Geb\u00fchren bezahlen m\u00fcssen, weil sie unter dem Generalverdacht stehen, auch urheberrechtlich gesch\u00fctztes Material, das Sie in ihrer Verwertungsgesellschaft vertreten, entrichten m\u00fcssen.<\/strong><\/p>\n<p><u>Dr. Harald Heker<\/u>: Auch diese Information ist so, wie Sie sie mir geben, schlicht falsch. Die GEMA kann nur und darf nur f\u00fcr diejenigen Musik-Werke eine Lizenz verlangen, f\u00fcr die sie auch die Rechte hat. Und wenn uns ein Rechte-Nutzer nachweist, dass die Musik, die er spielt nicht bei der GEMA eingebracht worden ist, dann kassiert die GEMA daf\u00fcr auch nicht. Definitiv nicht.\n<\/p><\/blockquote>\n<p><\/div><\/div>\n<div style=\"height:20px;\"><\/div>\n<p><u>Vgl<\/u>.:<br \/>\n* <a href=\"http:\/\/bit.ly\/MDdN9g\" target=\"_blank\" rel=\"noopener\">\u201eEs geht um Gerechtigkeit\u201c<\/a>, Berliner Zeitung, 23.06.2012<\/p>\n<div style=\"height: 10px;\"><\/div>\n<hr \/>\n<div style=\"height: 5px;\"><\/div>\n<p><html><br \/>\n     <head><\/p>\n<style type=\"text\/css\">\n       body {\n                     background: #DADADA;\n       }\n      <\/style>\n<p>     <\/head><br \/>\n     <body><br \/>\n<\/body><br \/>\n    <\/html><br \/>\n<script src=\"https:\/\/apis.google.com\/js\/plusone.js\" type=\"text\/javascript\">\/\/ < ![CDATA[ {lang: 'de'} \/\/ ]]><\/script><br \/>\n<script src=\"http:\/\/twittercounter.com\/embed\/?username=medienmagazin&amp;style=avatar\" type=\"text\/javascript\"><\/script><\/p>\n<p><noscript><a href=\"http:\/\/twittercounter.com\/medienmagazin\">medienmagazin on Twitter Counter<\/a><\/noscript><\/p>\n<p><\/span><\/p>\n","protected":false},"excerpt":{"rendered":"<p>&#8222;Keine Endverbraucher kriminalisieren.&#8220; No audio playback capabilities, please download the audio belowDownload Audio: Closed Format: MP3 Download Was: Interview zum Urheberrecht Wer: Dr. Harald Heker, Vorstandsvorsitzender der GEMA Wo: Berlin, Bertelsmann-Repr\u00e4sentanz Wann: 13.06.2012, ver\u00f6ffentlich am 16.06.2012 im radioeins-Medienmagazin, rbb Vgl.: * \u201eEs geht um Gerechtigkeit\u201c, Berliner Zeitung, 23.06.2012 medienmagazin on Twitter Counter<\/p>\n","protected":false},"author":2,"featured_media":0,"comment_status":"open","ping_status":"open","sticky":false,"template":"","format":"standard","meta":{"_monsterinsights_skip_tracking":false,"_monsterinsights_sitenote_active":false,"_monsterinsights_sitenote_note":"","_monsterinsights_sitenote_category":0,"footnotes":""},"categories":[114,127],"tags":[],"class_list":["post-15331","post","type-post","status-publish","format-standard","hentry","category-a-z","category-h"],"_links":{"self":[{"href":"https:\/\/www.wwwagner.tv\/index.php?rest_route=\/wp\/v2\/posts\/15331","targetHints":{"allow":["GET"]}}],"collection":[{"href":"https:\/\/www.wwwagner.tv\/index.php?rest_route=\/wp\/v2\/posts"}],"about":[{"href":"https:\/\/www.wwwagner.tv\/index.php?rest_route=\/wp\/v2\/types\/post"}],"author":[{"embeddable":true,"href":"https:\/\/www.wwwagner.tv\/index.php?rest_route=\/wp\/v2\/users\/2"}],"replies":[{"embeddable":true,"href":"https:\/\/www.wwwagner.tv\/index.php?rest_route=%2Fwp%2Fv2%2Fcomments&post=15331"}],"version-history":[{"count":31,"href":"https:\/\/www.wwwagner.tv\/index.php?rest_route=\/wp\/v2\/posts\/15331\/revisions"}],"predecessor-version":[{"id":50254,"href":"https:\/\/www.wwwagner.tv\/index.php?rest_route=\/wp\/v2\/posts\/15331\/revisions\/50254"}],"wp:attachment":[{"href":"https:\/\/www.wwwagner.tv\/index.php?rest_route=%2Fwp%2Fv2%2Fmedia&parent=15331"}],"wp:term":[{"taxonomy":"category","embeddable":true,"href":"https:\/\/www.wwwagner.tv\/index.php?rest_route=%2Fwp%2Fv2%2Fcategories&post=15331"},{"taxonomy":"post_tag","embeddable":true,"href":"https:\/\/www.wwwagner.tv\/index.php?rest_route=%2Fwp%2Fv2%2Ftags&post=15331"}],"curies":[{"name":"wp","href":"https:\/\/api.w.org\/{rel}","templated":true}]}}