{"id":15476,"date":"2012-06-19T17:00:08","date_gmt":"2012-06-19T16:00:08","guid":{"rendered":"http:\/\/www.wwwagner.tv\/?p=15476"},"modified":"2017-02-14T12:20:17","modified_gmt":"2017-02-14T11:20:17","slug":"beermann-johannes-3","status":"publish","type":"post","link":"https:\/\/www.wwwagner.tv\/?p=15476","title":{"rendered":"Beermann, Johannes"},"content":{"rendered":"<p><a href=\"http:\/\/www.wwwagner.tv\/wp-content\/uploads\/20120619_beermann_johannes_600a.jpg\"><img loading=\"lazy\" decoding=\"async\" src=\"http:\/\/www.wwwagner.tv\/wp-content\/uploads\/20120619_beermann_johannes_600a.jpg\" alt=\"\" title=\"20120619_beermann_johannes_600a\" width=\"600\" height=\"392\" class=\"alignleft size-full wp-image-15488\" srcset=\"https:\/\/www.wwwagner.tv\/wp-content\/uploads\/20120619_beermann_johannes_600a.jpg 600w, https:\/\/www.wwwagner.tv\/wp-content\/uploads\/20120619_beermann_johannes_600a-300x196.jpg 300w\" sizes=\"auto, (max-width: 600px) 100vw, 600px\" \/><\/a><\/p>\n<div style=\"height:10px;\"><\/div>\n<blockquote><p><em>&#8222;Der Herr hat&#8217;s gegeben, der Herr hat&#8217;s genommen &#8230;&#8220;<\/em><\/p><\/blockquote>\n<div style=\"height:10px;\"><\/div>\n <audio   controls > <source src=\"http:\/\/www.wwwagner.tv\/audio\/20120619_beermann_johannes_128.mp3\" type='audio\/mpeg' \/> <object   type=\"application\/x-shockwave-flash\"  data=\"https:\/\/www.wwwagner.tv\/wp-content\/plugins\/wphtml5player\/inc\/flowplayer.swf\"  width=\"400\"  height=\"30\"> <param name=\"movie\" value='https:\/\/www.wwwagner.tv\/wp-content\/plugins\/wphtml5player\/inc\/flowplayer.swf' \/><param name=\"allowfullscreen\" value='false' \/><param name=\"cachebusting\" value='true' \/><param name=\"bgcolor\" value='#000000' \/><param name=\"flashvars\" value='config={\"plugins\":{\"controls\":{\"height\":30,\"autoHide\":false,\"fullscreen\":false}},\"clip\":{\"autoPlay\":false,\"url\":\"http:\\\/\\\/www.wwwagner.tv\\\/audio\\\/20120619_beermann_johannes_128.mp3\"},\"playlist\":[{\"autoPlay\":false,\"url\":\"http:\\\/\\\/www.wwwagner.tv\\\/audio\\\/20120619_beermann_johannes_128.mp3\"}],\"play\":{\"opacity\":0}}' \/>  No audio playback capabilities, please download the audio below<br \/><strong>Download Audio:<\/strong> Closed Format: <a href=\"http:\/\/www.wwwagner.tv\/audio\/20120619_beermann_johannes_128.mp3\">MP3<\/a> <\/object> <!-- Generated by HTML5 Multimedia Framework (http:\/\/code.google.com\/p\/html5videoplayer) --> <\/audio>  \n<div style=\"height:20px;\"><\/div>\n<p><u>Wer<\/u>: Dr. Johannes Beermann, Staatsminister, Chef der Staatskanzlei Sachsen, Dresden<br \/>\n<u>Was<\/u>: Interview \u00fcber digitale ARD\/ZDF-Spartenkan\u00e4le und Depublizierungspflicht<br \/>\n<u>Wo<\/u>: K\u00f6ln, Staatenhaus am Rheinpark, Pressebereich<br \/>\n<u>Wann<\/u>: 19.06.2012, ca. 17 Uhr, ver\u00f6ffentlicht in einer gek\u00fcrzten Fassung im radioeins-Medienmagazin vom 23.06.2012<\/p>\n<div style=\"height:20px;\"><\/div>\n<p><u>Vgl<\/u>.:<br \/>\n* <a href=\"http:\/\/bit.ly\/L2MNO1\" target=\"_blank\">Medienpolitische Grundsatzrede<\/a> beim Medienforum.NRW<br \/>\nvon Hannelore Kraft, Ministerpr\u00e4sidentin NRW<br \/>\n* Interview mit <a href=\"http:\/\/bit.ly\/LJI0lP\" target=\"_blank\">Dr. Marc Jan Eumann<\/a><\/p>\n<div style=\"height:10px;\"><\/div>\n<hr \/>\n<p>(Foto: \u00a9 J\u00f6rg Wagner)<\/p>\n<div style=\"height:20px;\"><\/div>\n<p><script type=\"text\/javascript\" src=\"https:\/\/apis.google.com\/js\/plusone.js\">\n  {lang: 'de'}\n<\/script><g:plusone><\/g:plusone><br \/>\n<script type=\"text\/javascript\" src=\"http:\/\/twittercounter.com\/embed\/?username=medienmagazin&#038;style=avatar\"><\/script><noscript><a href=\"http:\/\/twittercounter.com\/medienmagazin\">medienmagazin on Twitter Counter<\/a><\/noscript><\/p>\n","protected":false},"excerpt":{"rendered":"<p>&#8222;Der Herr hat&#8217;s gegeben, der Herr hat&#8217;s genommen &#8230;&#8220; No audio playback capabilities, please download the audio belowDownload Audio: Closed Format: MP3 Wer: Dr. Johannes Beermann, Staatsminister, Chef der Staatskanzlei Sachsen, Dresden Was: Interview \u00fcber digitale ARD\/ZDF-Spartenkan\u00e4le und Depublizierungspflicht Wo: K\u00f6ln, Staatenhaus am Rheinpark, Pressebereich Wann: 19.06.2012, ca. 17 Uhr, ver\u00f6ffentlicht in einer gek\u00fcrzten Fassung [&hellip;]<\/p>\n","protected":false},"author":2,"featured_media":0,"comment_status":"open","ping_status":"open","sticky":false,"template":"","format":"standard","meta":{"_monsterinsights_skip_tracking":false,"_monsterinsights_sitenote_active":false,"_monsterinsights_sitenote_note":"","_monsterinsights_sitenote_category":0,"footnotes":""},"categories":[114,17,121],"tags":[366],"class_list":["post-15476","post","type-post","status-publish","format-standard","hentry","category-a-z","category-aktuell","category-b","tag-digitalkanale"],"_links":{"self":[{"href":"https:\/\/www.wwwagner.tv\/index.php?rest_route=\/wp\/v2\/posts\/15476","targetHints":{"allow":["GET"]}}],"collection":[{"href":"https:\/\/www.wwwagner.tv\/index.php?rest_route=\/wp\/v2\/posts"}],"about":[{"href":"https:\/\/www.wwwagner.tv\/index.php?rest_route=\/wp\/v2\/types\/post"}],"author":[{"embeddable":true,"href":"https:\/\/www.wwwagner.tv\/index.php?rest_route=\/wp\/v2\/users\/2"}],"replies":[{"embeddable":true,"href":"https:\/\/www.wwwagner.tv\/index.php?rest_route=%2Fwp%2Fv2%2Fcomments&post=15476"}],"version-history":[{"count":18,"href":"https:\/\/www.wwwagner.tv\/index.php?rest_route=\/wp\/v2\/posts\/15476\/revisions"}],"predecessor-version":[{"id":34131,"href":"https:\/\/www.wwwagner.tv\/index.php?rest_route=\/wp\/v2\/posts\/15476\/revisions\/34131"}],"wp:attachment":[{"href":"https:\/\/www.wwwagner.tv\/index.php?rest_route=%2Fwp%2Fv2%2Fmedia&parent=15476"}],"wp:term":[{"taxonomy":"category","embeddable":true,"href":"https:\/\/www.wwwagner.tv\/index.php?rest_route=%2Fwp%2Fv2%2Fcategories&post=15476"},{"taxonomy":"post_tag","embeddable":true,"href":"https:\/\/www.wwwagner.tv\/index.php?rest_route=%2Fwp%2Fv2%2Ftags&post=15476"}],"curies":[{"name":"wp","href":"https:\/\/api.w.org\/{rel}","templated":true}]}}