{"id":15967,"date":"2012-08-11T18:39:44","date_gmt":"2012-08-11T17:39:44","guid":{"rendered":"http:\/\/www.wwwagner.tv\/?p=15967"},"modified":"2021-02-01T02:46:03","modified_gmt":"2021-02-01T00:46:03","slug":"mit-spacelivecast-auf-dem-mars","status":"publish","type":"post","link":"https:\/\/www.wwwagner.tv\/?p=15967","title":{"rendered":"Mit Spacelivecast auf dem Mars"},"content":{"rendered":"<figure id=\"attachment_40511\" aria-describedby=\"caption-attachment-40511\" style=\"width: 1100px\" class=\"wp-caption alignnone\"><a href=\"http:\/\/www.wwwagner.tv\/wp-content\/uploads\/20120809_675337main_pia16029_full_1100\u2006\u00d7\u2006393.jpg\"><img loading=\"lazy\" decoding=\"async\" src=\"http:\/\/www.wwwagner.tv\/wp-content\/uploads\/20120809_675337main_pia16029_full_1100\u2006\u00d7\u2006393.jpg\" alt=\"Mars-Panorama vom Gale Crater aufgenommen am 09.08.2012 mit dem  Curiosity Rover | Foto: \u00a9 NASA\/JPL-Caltech\/MSSS\" width=\"1100\" height=\"393\" class=\"size-full wp-image-40511\" srcset=\"https:\/\/www.wwwagner.tv\/wp-content\/uploads\/20120809_675337main_pia16029_full_1100\u2006\u00d7\u2006393.jpg 1100w, https:\/\/www.wwwagner.tv\/wp-content\/uploads\/20120809_675337main_pia16029_full_1100\u2006\u00d7\u2006393-300x107.jpg 300w, https:\/\/www.wwwagner.tv\/wp-content\/uploads\/20120809_675337main_pia16029_full_1100\u2006\u00d7\u2006393-768x274.jpg 768w, https:\/\/www.wwwagner.tv\/wp-content\/uploads\/20120809_675337main_pia16029_full_1100\u2006\u00d7\u2006393-1024x366.jpg 1024w\" sizes=\"auto, (max-width: 1100px) 100vw, 1100px\" \/><\/a><figcaption id=\"caption-attachment-40511\" class=\"wp-caption-text\">Mars-Panorama vom Gale Crater aufgenommen am 09.08.2012 mit dem  Curiosity Rover | Foto: \u00a9 NASA\/JPL-Caltech\/MSSS<\/figcaption><\/figure>\n<blockquote><p><em>&#8222;Alter Schwede&#8220;<\/em><\/p><\/blockquote>\n<p><span style=\"font-size: 11pt; font-family: tahoma,arial,helvetica,sans-serif;\"><br \/>\nAm 06.08.2012, um 7:32 Uhr MESZ erreichten uns die Funksignale von der Landung eines NASA-Rovers auf dem Mars. Aus wissenschaftlicher Sicht ein bedeutendes Ereignis. Vor 40 Jahren w\u00e4ren sicher Sondersendungen im Fernsehen zu sehen gewesen. Bei der ersten Mondlandung war die ARD 28h nonstop auf Sendung. Diesmal gab es einen kurzen Bericht im MoMa. Ist Weltraumerforschung medial uninteressant geworden? Doch es gibt Alternativen. Die Macher von Spacelivecast.de kommentierten die NASA-Bilder live im Netz.<\/span><\/p>\n<div style=\"height:10px;\"><\/div>\n<p><a href=\"http:\/\/www.wwwagner.tv\/wp-content\/uploads\/wehr_thoma_donath_klaus_300.jpg\"><img loading=\"lazy\" decoding=\"async\" src=\"http:\/\/www.wwwagner.tv\/wp-content\/uploads\/wehr_thoma_donath_klaus_300.jpg\" alt=\"\" title=\"wehr_thoma_donath_klaus_300\" width=\"300\" height=\"200\" class=\"alignnone size-full wp-image-15972\" \/><\/a> <\/p>\n<div style=\"height:10px;\"><\/div>\n <audio   controls > <source src=\"https:\/\/www.wwwagner.tv\/audio\/mm20120811_4.mp3\" type='audio\/mpeg' \/> <object   type=\"application\/x-shockwave-flash\"  data=\"https:\/\/www.wwwagner.tv\/wp-content\/plugins\/wphtml5player\/inc\/flowplayer.swf\"  width=\"400\"  height=\"30\"> <param name=\"movie\" value='https:\/\/www.wwwagner.tv\/wp-content\/plugins\/wphtml5player\/inc\/flowplayer.swf' \/><param name=\"allowfullscreen\" value='false' \/><param name=\"cachebusting\" value='true' \/><param name=\"bgcolor\" value='#000000' \/><param name=\"flashvars\" value='config={\"plugins\":{\"controls\":{\"height\":30,\"autoHide\":false,\"fullscreen\":false}},\"clip\":{\"autoPlay\":false,\"url\":\"https:\\\/\\\/www.wwwagner.tv\\\/audio\\\/mm20120811_4.mp3\"},\"playlist\":[{\"autoPlay\":false,\"url\":\"https:\\\/\\\/www.wwwagner.tv\\\/audio\\\/mm20120811_4.mp3\"}],\"play\":{\"opacity\":0}}' \/>  No audio playback capabilities, please download the audio below<br \/><strong>Download Audio:<\/strong> Closed Format: <a href=\"https:\/\/www.wwwagner.tv\/audio\/mm20120811_4.mp3\">MP3<\/a> <\/object> <!-- Generated by HTML5 Multimedia Framework (http:\/\/code.google.com\/p\/html5videoplayer) --> <\/audio>  \n<div style=\"height:10px;\"><\/div>\n<p><u>Wer<\/u>: Thomas Wehr und Klaus Donath, Betreiber von <a href=\"http:\/\/spacelivecast.de\" target=\"_blank\" rel=\"noopener\">spacelivecast.de<\/a> (v.l.n.r.)<br \/>\nO-Ton: G\u00fcnter Siefarth, ARD-Journalist (ver\u00f6ffentlicht im radioeins-Medienmagazin 18.07.1999)<br \/>\n<u>Was<\/u>: Leitungskonferenz per skype und Telefon \u00fcber Weltraumjournalismus; Ausschnitt: Medienmagazin vom 18.07.1999, Spacelivecast vom 06.08.2012<br \/>\n<u>Wann<\/u>: ver\u00f6ffentlicht im radioeins-Medienmagazin vom 11.08.2012<\/p>\n<p><u>Vgl<\/u>.:<br \/>\n* <a href=\"http:\/\/bit.ly\/NgWD4z\" target=\"_blank\" rel=\"noopener\">Telefoninterview<\/a> mit G\u00fcnter Siefarth, ARD-Journalist<\/p>\n<div class=\"BorlabsCookie\"><div class=\"_brlbs-content-blocker\"> <div class=\"_brlbs-embed _brlbs-video-youtube\"> <img class=\"_brlbs-thumbnail\" src=\"https:\/\/www.wwwagner.tv\/wp-content\/plugins\/borlabs-cookie\/images\/cb-no-thumbnail.png\" alt=\"YouTube\"> <div class=\"_brlbs-caption\"> <p>Mit dem Laden des Videos akzeptieren Sie die Datenschutzerkl\u00e4rung von YouTube.<br><a href=\"https:\/\/policies.google.com\/privacy\" target=\"_blank\" rel=\"nofollow noopener noreferrer\">Mehr erfahren<\/a><\/p> <p><a class=\"_brlbs-btn _brlbs-icon-play-white\" href=\"#\" data-borlabs-cookie-unblock role=\"button\">Video laden<\/a><\/p> <p><label><input type=\"checkbox\" name=\"unblockAll\" value=\"1\" checked> <small>YouTube immer entsperren<\/small><\/label><\/p> <\/div> <\/div> <\/div><div class=\"borlabs-hide\" data-borlabs-cookie-type=\"content-blocker\" data-borlabs-cookie-id=\"youtube\"><script type=\"text\/template\">PHA+PGlmcmFtZSBsb2FkaW5nPSJsYXp5IiB3aWR0aD0iNjAwIiBoZWlnaHQ9IjMzOCIgc3JjPSJodHRwczovL3d3dy55b3V0dWJlLW5vY29va2llLmNvbS9lbWJlZC9Odzl3R25BR3JXSSIgZnJhbWVib3JkZXI9IjAiIGFsbG93PSJhdXRvcGxheTsgZW5jcnlwdGVkLW1lZGlhIiBhbGxvd2Z1bGxzY3JlZW4+PC9pZnJhbWU+PC9wPg==<\/script><\/div><\/div>\n<div style=\"height:10px;\"><\/div>\n<figure id=\"attachment_40515\" aria-describedby=\"caption-attachment-40515\" style=\"width: 600px\" class=\"wp-caption alignnone\"><a href=\"http:\/\/www.wwwagner.tv\/wp-content\/uploads\/20120805_nasa_600\u2006\u00d7\u2006399.jpg\"><img loading=\"lazy\" decoding=\"async\" src=\"http:\/\/www.wwwagner.tv\/wp-content\/uploads\/20120805_nasa_600\u2006\u00d7\u2006399.jpg\" alt=\"Freude beim Team des Mars Science Laboratory (MSL) im MSL Mission Support Area nach der Meldung, dass der Rover Curiosity sicher auf dem Mars gelandet ist | Foto: \u00a9 NASA \/ Bill Ingalls\" width=\"600\" height=\"399\" class=\"size-full wp-image-40515\" srcset=\"https:\/\/www.wwwagner.tv\/wp-content\/uploads\/20120805_nasa_600\u2006\u00d7\u2006399.jpg 600w, https:\/\/www.wwwagner.tv\/wp-content\/uploads\/20120805_nasa_600\u2006\u00d7\u2006399-300x200.jpg 300w\" sizes=\"auto, (max-width: 600px) 100vw, 600px\" \/><\/a><figcaption id=\"caption-attachment-40515\" class=\"wp-caption-text\">Freude beim Team des Mars Science Laboratory (MSL) im MSL Mission Support Area nach der Meldung, dass der Rover Curiosity sicher auf dem Mars gelandet ist | Foto: \u00a9 NASA \/ Bill Ingalls<\/figcaption><\/figure>\n<figure id=\"attachment_40513\" aria-describedby=\"caption-attachment-40513\" style=\"width: 1024px\" class=\"wp-caption alignnone\"><a href=\"http:\/\/www.wwwagner.tv\/wp-content\/uploads\/20150805_pia19808-main_tight_crop-monday_1024-x-453.jpg\"><img loading=\"lazy\" decoding=\"async\" src=\"http:\/\/www.wwwagner.tv\/wp-content\/uploads\/20150805_pia19808-main_tight_crop-monday_1024-x-453.jpg\" alt=\"Curiosity-Mars-Rover-Selfie | Foto: \u00a9 NASA\/JPL-Caltech\/MSSS\" width=\"1024\" height=\"453\" class=\"size-full wp-image-40513\" srcset=\"https:\/\/www.wwwagner.tv\/wp-content\/uploads\/20150805_pia19808-main_tight_crop-monday_1024-x-453.jpg 1024w, https:\/\/www.wwwagner.tv\/wp-content\/uploads\/20150805_pia19808-main_tight_crop-monday_1024-x-453-300x133.jpg 300w, https:\/\/www.wwwagner.tv\/wp-content\/uploads\/20150805_pia19808-main_tight_crop-monday_1024-x-453-768x340.jpg 768w\" sizes=\"auto, (max-width: 1024px) 100vw, 1024px\" \/><\/a><figcaption id=\"caption-attachment-40513\" class=\"wp-caption-text\">Curiosity-Mars-Rover-Selfie | Foto: \u00a9 NASA\/JPL-Caltech\/MSSS<\/figcaption><\/figure>\n<div style=\"height:10px;\"><\/div>\n<p>Das Selfie kombiniert mehrere Einzelbilder, die vom Curiosys Mars Hand Lens Imager (MAHLI) am 5. August 2015 aufgenommen wurden. Die R\u00e4der des Rovers sind 20 Zoll (50 Zentimeter) gro\u00df im Durchmesser und ungef\u00e4hr 16 Zoll (40 Zentimeter) breit. Diese Ansicht ist ein Teil eines gr\u00f6\u00dferen Panoramas, verf\u00fcgbar unter <a href=\"http:\/\/photojournal.jpl.nasa.gov\/catalog\/PIA19807\" rel=\"noopener\" target=\"_blank\">http:\/\/photojournal.jpl.nasa.gov\/catalog\/PIA19807<\/a><\/p>\n<div style=\"height:20px;\"><\/div>\n<p>(Fotos: \u00a9 NASA, Thomas Wehr, Klaus Donath)<\/p>\n<hr \/>\n<div style=\"height: 5px;\"><\/div>\n<p><html><br \/>\n     <head><\/p>\n<style type=\"text\/css\">\n       body {\n                     background: #DADADA;\n       }\n      <\/style>\n<p>     <\/head><br \/>\n     <body><br \/>\n<\/body><br \/>\n    <\/html><br \/>\n<script src=\"https:\/\/apis.google.com\/js\/plusone.js\" type=\"text\/javascript\">\/\/ < ![CDATA[ {lang: 'de'} \/\/ ]]><\/script><br \/>\n<script src=\"http:\/\/twittercounter.com\/embed\/?username=medienmagazin&amp;style=avatar\" type=\"text\/javascript\"><\/script><\/p>\n<p><noscript><a href=\"http:\/\/twittercounter.com\/medienmagazin\">medienmagazin on Twitter Counter<\/a><\/noscript><\/p>\n","protected":false},"excerpt":{"rendered":"<p>&#8222;Alter Schwede&#8220; Am 06.08.2012, um 7:32 Uhr MESZ erreichten uns die Funksignale von der Landung eines NASA-Rovers auf dem Mars. Aus wissenschaftlicher Sicht ein bedeutendes Ereignis. Vor 40 Jahren w\u00e4ren sicher Sondersendungen im Fernsehen zu sehen gewesen. Bei der ersten Mondlandung war die ARD 28h nonstop auf Sendung. Diesmal gab es einen kurzen Bericht im [&hellip;]<\/p>\n","protected":false},"author":2,"featured_media":0,"comment_status":"open","ping_status":"open","sticky":false,"template":"","format":"standard","meta":{"_monsterinsights_skip_tracking":false,"_monsterinsights_sitenote_active":false,"_monsterinsights_sitenote_note":"","_monsterinsights_sitenote_category":0,"footnotes":""},"categories":[17],"tags":[948,936],"class_list":["post-15967","post","type-post","status-publish","format-standard","hentry","category-aktuell","tag-mars","tag-weltraum"],"_links":{"self":[{"href":"https:\/\/www.wwwagner.tv\/index.php?rest_route=\/wp\/v2\/posts\/15967","targetHints":{"allow":["GET"]}}],"collection":[{"href":"https:\/\/www.wwwagner.tv\/index.php?rest_route=\/wp\/v2\/posts"}],"about":[{"href":"https:\/\/www.wwwagner.tv\/index.php?rest_route=\/wp\/v2\/types\/post"}],"author":[{"embeddable":true,"href":"https:\/\/www.wwwagner.tv\/index.php?rest_route=\/wp\/v2\/users\/2"}],"replies":[{"embeddable":true,"href":"https:\/\/www.wwwagner.tv\/index.php?rest_route=%2Fwp%2Fv2%2Fcomments&post=15967"}],"version-history":[{"count":50,"href":"https:\/\/www.wwwagner.tv\/index.php?rest_route=\/wp\/v2\/posts\/15967\/revisions"}],"predecessor-version":[{"id":49015,"href":"https:\/\/www.wwwagner.tv\/index.php?rest_route=\/wp\/v2\/posts\/15967\/revisions\/49015"}],"wp:attachment":[{"href":"https:\/\/www.wwwagner.tv\/index.php?rest_route=%2Fwp%2Fv2%2Fmedia&parent=15967"}],"wp:term":[{"taxonomy":"category","embeddable":true,"href":"https:\/\/www.wwwagner.tv\/index.php?rest_route=%2Fwp%2Fv2%2Fcategories&post=15967"},{"taxonomy":"post_tag","embeddable":true,"href":"https:\/\/www.wwwagner.tv\/index.php?rest_route=%2Fwp%2Fv2%2Ftags&post=15967"}],"curies":[{"name":"wp","href":"https:\/\/api.w.org\/{rel}","templated":true}]}}