{"id":16537,"date":"2012-09-16T02:38:13","date_gmt":"2012-09-16T01:38:13","guid":{"rendered":"http:\/\/www.wwwagner.tv\/?p=16537"},"modified":"2017-09-16T00:03:29","modified_gmt":"2017-09-15T23:03:29","slug":"neuordnung-des-ard-finanzausgleichs","status":"publish","type":"post","link":"https:\/\/www.wwwagner.tv\/?p=16537","title":{"rendered":"Neuordnung des ARD-Finanzausgleichs?"},"content":{"rendered":"<h3>Jede Anstalt dann selbstst\u00e4ndig<\/h3>\n<div style=\"height:10px;\"><\/div>\n<p><figure id=\"attachment_16538\" aria-describedby=\"caption-attachment-16538\" style=\"width: 600px\" class=\"wp-caption alignnone\"><a href=\"http:\/\/www.wwwagner.tv\/wp-content\/uploads\/6_ARD_PK_0912_600.jpg\"><img loading=\"lazy\" decoding=\"async\" src=\"http:\/\/www.wwwagner.tv\/wp-content\/uploads\/6_ARD_PK_0912_600.jpg\" alt=\"Monika Piel | Foto: \u00a9 WDR\/Herby Sachs, \" width=\"600\" height=\"344\" class=\"size-full wp-image-16538\" srcset=\"https:\/\/www.wwwagner.tv\/wp-content\/uploads\/6_ARD_PK_0912_600.jpg 600w, https:\/\/www.wwwagner.tv\/wp-content\/uploads\/6_ARD_PK_0912_600-300x172.jpg 300w\" sizes=\"auto, (max-width: 600px) 100vw, 600px\" \/><\/a><figcaption id=\"caption-attachment-16538\" class=\"wp-caption-text\">Monika Piel | Foto: \u00a9 WDR\/Herby Sachs,<\/figcaption><\/figure><br \/>\n <audio   controls > <source src=\"http:\/\/www.wwwagner.tv\/audio\/20120912_piel_monika_lange_werner_96.mp3\" type='audio\/mpeg' \/> <object   type=\"application\/x-shockwave-flash\"  data=\"https:\/\/www.wwwagner.tv\/wp-content\/plugins\/wphtml5player\/inc\/flowplayer.swf\"  width=\"400\"  height=\"30\"> <param name=\"movie\" value='https:\/\/www.wwwagner.tv\/wp-content\/plugins\/wphtml5player\/inc\/flowplayer.swf' \/><param name=\"allowfullscreen\" value='false' \/><param name=\"cachebusting\" value='true' \/><param name=\"bgcolor\" value='#000000' \/><param name=\"flashvars\" value='config={\"plugins\":{\"controls\":{\"height\":30,\"autoHide\":false,\"fullscreen\":false}},\"clip\":{\"autoPlay\":false,\"url\":\"http:\\\/\\\/www.wwwagner.tv\\\/audio\\\/20120912_piel_monika_lange_werner_96.mp3\"},\"playlist\":[{\"autoPlay\":false,\"url\":\"http:\\\/\\\/www.wwwagner.tv\\\/audio\\\/20120912_piel_monika_lange_werner_96.mp3\"}],\"play\":{\"opacity\":0}}' \/>  No audio playback capabilities, please download the audio below<br \/><strong>Download Audio:<\/strong> Closed Format: <a href=\"http:\/\/www.wwwagner.tv\/audio\/20120912_piel_monika_lange_werner_96.mp3\">MP3<\/a> <\/object> <!-- Generated by HTML5 Multimedia Framework (http:\/\/code.google.com\/p\/html5videoplayer) --> <\/audio>  <\/p>\n<div style=\"height:30px;\"><\/div>\n<p><u>Wer<\/u>:<br \/>\n* Monika Piel, WDR-Intendantin, ARD-Vorsitzende (2011-2012)<br \/>\n* Werner Lange, Journalist<br \/>\n<u>Was<\/u>: Interview \u00fcber den ARD-Finanzausgleich<br \/>\n<u>Wann<\/u>: 12.09.2012, ver\u00f6ffentlicht 15.09\/16.09.2012 im radioeins-Medienmagazin, radioeins\/Inforadio, rbb<br \/>\n<u>Wo<\/u>: Saarbr\u00fccken<\/p>\n<div style=\"height:20px;\"><\/div>\n<div id='stb-container-6019' class='stb-container-css stb-grey-container stb-no-caption stb-image-none stb-ltr stb-border stb-side'><aside class='stb-icon'><img src='http:\/\/www.wwwagner.tv\/wp-content\/plugins\/wp-special-textboxes\/themes\/stb-dark\/gears.png'><\/aside><div id='stb-box-6019' class='stb-grey_box stb-box' ><br \/>\n(W\u00f6rtliches Transkript)<\/p>\n<blockquote><p><u>Werner Lange<\/u>: Neun ARD-Anstalten haben sich in Saarbr\u00fccken unter Ihrem Vorsitz getroffen. Zwei Ihrer Kollegen, Herr Kleist vom Saarl\u00e4ndischen Rundfunk und Herr Metzger von Radio Bremen haben Ihnen von ihrer prek\u00e4ren finanziellen Situation berichtet. Kann der Liquidit\u00e4tsengpass, der n\u00e4chstes Jahr bei den Anstalten droht, dazu f\u00fchren, dass der Saarl\u00e4ndische Rundfunk und Radio Bremen eventuell ihre Selbstst\u00e4ndigkeit verlieren?<\/p>\n<p><u>Monika Piel<\/u>: Nein, also konkret dieser Engpass kann nicht dazu f\u00fchren. Wir waren uns nat\u00fcrlich dar\u00fcber im Klaren, als sich abzeichnete, dass wir nach den \u00fcblichen vier Jahren keine Geb\u00fchrenerh\u00f6hung bekommen werden, sondern die Geb\u00fchr sechs Jahre stabil bleibt, dass das gerade bei den kleinen Anstalten zu Engp\u00e4ssen f\u00fchren wird. Wir haben uns geeinigt auf eine Finanzhilfe f\u00fcr Radio Bremen. Also, da gibt&#8217;s schon eine Einigung f\u00fcr die n\u00e4chsten zwei Jahre. Der Saarl\u00e4ndische Rundfunk hat keine solche \u00dcberbr\u00fcckungshilfe gefordert, so dass wir bis 2015 auf jeden Fall die Finanzierung gesichert haben.<\/p>\n<p><u>Werner Lange<\/u>: In fr\u00fcheren Jahren waren es eher die Bundesl\u00e4nder die pro und contra kleine Anstalten argumentierten. Wie intensiv wird das Thema jetzt bei der F\u00fchrung der ARD diskutiert?<\/p>\n<p><u>Monika Piel<\/u>: Also, ein Impuls zu eventuellen Zusammenlegungen oder Abschaffungen von Landesrundfunkanstalten, der kann auch nur aus der Politik kommen. Also, der kann gar nicht aus der ARD selbst kommen, weil diese Landesrundfunkanstalten ja per Gesetz agieren, politisch beauftragt sind und auch nur dort k\u00f6nnte entschieden werden, dass &#8211; wir reden ja konkret sicherlich \u00fcber Radio Bremen oder Saarl\u00e4ndischen Rundfunk &#8211; dass man der Meinung w\u00e4re, dass es nicht n\u00f6tig ist. Ich kann bisher in beiden Bundesl\u00e4ndern daf\u00fcr keinerlei Signale sehen.<\/p>\n<p><u>Werner Lange<\/u>: Haben Sie das Gef\u00fchl oder machen Sie die Beobachtung, dass die Solidargemeinschaft der ARD dort noch funktioniert?<\/p>\n<p><u>Monika Piel<\/u>: Ja, nat\u00fcrlich funktioniert sie, weil es sonst, wenn wir diesen Finanzausgleich nicht h\u00e4tten, wie wir ihn haben oder jetzt auch die \u00dcberbr\u00fcckungshilfe f\u00fcr Radio Bremen gew\u00e4hrt h\u00e4tten, dann w\u00e4re Radio Bremen nicht mehr zu finanzieren gewesen jetzt \u00fcber&#8217;s Geb\u00fchrenende hinaus. Also, das funktioniert immer noch. Und es ist auch ganz klar, dass &#8211; es steht f\u00fcr das n\u00e4chste Jahr an &#8211; dass wir uns einigen m\u00fcssen \u00fcber die Neuordnung eines Finanzausgleichs.<\/p>\n<p><u>Werner Lange<\/u>: Gibt es da schon Modelle?<\/p>\n<p><u>Monika Piel<\/u>: Nein, also, da werden wir n\u00e4chstes Jahr damit beginnen, weil es einfach keinen Sinn hat. 2013 ist das erste Jahr, an dem dieser neue Beitragsstaatsvertrag in Kraft steht. Und wir m\u00fcssen erst zumindest dieses eine Jahr abwarten und sehen, wie sich dieser neue Beitragsstaatsvertrag auswirkt gegen\u00fcber dem Geb\u00fchrenstaatsvertrag. Werden die Einnahmen steigen, werden sie sinken? Es gibt sehr unterschiedliche Aussch\u00f6pfungsquoten, so wird es rein technisch genannt der Anstalten, wie viel Geb\u00fchren von Menschen, die geb\u00fchrenpflichtig sind, tats\u00e4chlich eingezogen werden. Bei manchen ist das sehr hoch. Das hei\u00dft also im Klartext, fast alle die Geb\u00fchren zahlen m\u00fcssten, zahlen sie auch und bei anderen, wie zum Beispiel gerade in Berlin ist das der Fall, liegt das relativ niedrig. Also, da m\u00fcssten sehr viel mehr Menschen Geb\u00fchren zahlen, als das geschieht. Auch das k\u00f6nnte sich durch dieses vereinfachte Modell \u00e4ndern. So dass, von mir aus, wenn ich beim rbb dann bleibe, der rbb durch eine bessere Aussch\u00f6pfung auch mehr Einnahmen h\u00e4tte. Und das hat ja dann auch aus Auswirkung auf die Finanzsituation. Also, da m\u00fcssen wir uns erst dar\u00fcber im Klaren sein, wie sich das zumindest im Trend auswirkt, ehe wir dann \u00fcber eine Neuverteilung &#8211; weil es wird sicherlich eine wirklich strukturelle Neuverteilung werden &#8211; wie wir damit umgehen k\u00f6nnen.<\/p>\n<p><u>Werner Lange<\/u>: Wird es Ihrer Meinung nach dann eher um einen tats\u00e4chlichen Finanzfluss gehen oder um Programmfluss?<\/p>\n<p><u>Monika Piel<\/u>: Nein, ich gehe schon davon aus, so laufen die Diskussionen jedenfalls bisher, dass wir dahin kommen m\u00f6chten, dass doch die Einnahmen so verteilt werden nach einem Prozentsatz, der \u00fcbrigens aber auch nicht von uns bestimmt werden kann, sondern von den L\u00e4ndern bestimmt wird, dass dann auch wirklich jede Anstalt selbstst\u00e4ndig ihre Aufgaben erf\u00fcllen kann und diese ganzen zus\u00e4tzlichen Verabredungen, die wir heute haben, unendlich viele, dass wir die damit begradigen k\u00f6nnen. Also, das w\u00e4re sicherlich eine besseren Methode.<\/p>\n<p><u>Werner Lange<\/u>: Also, m\u00fcssten die L\u00e4nder eigentlich ran und nochmal einen Rundfunkstaatsvertrag f\u00fcr so etwas machen?<\/p>\n<p><u>Monika Piel<\/u>: Da gehe ich von aus, dass das so sein wird. Wir sind nat\u00fcrlich aufgerufen zuerst einmal in unseren Reihen ein Konzept vorzulegen und dann gehen wir in die Gespr\u00e4che mit den L\u00e4ndern, mit den Ministerpr\u00e4sidenten und das wird dann sicherlich am Ende dastehen, so wie sie es geschildert haben.<\/p><\/blockquote>\n<p><\/div><\/div>\n<div style=\"height:20px;\"><\/div>\n<hr \/>\n<div style=\"height: 5px;\"><\/div>\n<p><html><br \/>\n     <head><\/p>\n<style type=\"text\/css\">\n       body {\n                     background: #DADADA;\n       }\n      <\/style>\n<p>     <\/head><br \/>\n     <body><br \/>\n<\/body><br \/>\n    <\/html><br \/>\n<script src=\"https:\/\/apis.google.com\/js\/plusone.js\" type=\"text\/javascript\">\/\/ < ![CDATA[ {lang: 'de'} \/\/ ]]><\/script><br \/>\n<script src=\"http:\/\/twittercounter.com\/embed\/?username=medienmagazin&amp;style=avatar\" type=\"text\/javascript\"><\/script><\/p>\n<p><noscript><a href=\"http:\/\/twittercounter.com\/medienmagazin\">medienmagazin on Twitter Counter<\/a><\/noscript><\/p>\n","protected":false},"excerpt":{"rendered":"<p>Jede Anstalt dann selbstst\u00e4ndig No audio playback capabilities, please download the audio belowDownload Audio: Closed Format: MP3 Wer: * Monika Piel, WDR-Intendantin, ARD-Vorsitzende (2011-2012) * Werner Lange, Journalist Was: Interview \u00fcber den ARD-Finanzausgleich Wann: 12.09.2012, ver\u00f6ffentlicht 15.09\/16.09.2012 im radioeins-Medienmagazin, radioeins\/Inforadio, rbb Wo: Saarbr\u00fccken medienmagazin on Twitter Counter<\/p>\n","protected":false},"author":2,"featured_media":0,"comment_status":"open","ping_status":"open","sticky":false,"template":"","format":"standard","meta":{"_monsterinsights_skip_tracking":false,"_monsterinsights_sitenote_active":false,"_monsterinsights_sitenote_note":"","_monsterinsights_sitenote_category":0,"footnotes":""},"categories":[17],"tags":[],"class_list":["post-16537","post","type-post","status-publish","format-standard","hentry","category-aktuell"],"_links":{"self":[{"href":"https:\/\/www.wwwagner.tv\/index.php?rest_route=\/wp\/v2\/posts\/16537","targetHints":{"allow":["GET"]}}],"collection":[{"href":"https:\/\/www.wwwagner.tv\/index.php?rest_route=\/wp\/v2\/posts"}],"about":[{"href":"https:\/\/www.wwwagner.tv\/index.php?rest_route=\/wp\/v2\/types\/post"}],"author":[{"embeddable":true,"href":"https:\/\/www.wwwagner.tv\/index.php?rest_route=\/wp\/v2\/users\/2"}],"replies":[{"embeddable":true,"href":"https:\/\/www.wwwagner.tv\/index.php?rest_route=%2Fwp%2Fv2%2Fcomments&post=16537"}],"version-history":[{"count":23,"href":"https:\/\/www.wwwagner.tv\/index.php?rest_route=\/wp\/v2\/posts\/16537\/revisions"}],"predecessor-version":[{"id":37570,"href":"https:\/\/www.wwwagner.tv\/index.php?rest_route=\/wp\/v2\/posts\/16537\/revisions\/37570"}],"wp:attachment":[{"href":"https:\/\/www.wwwagner.tv\/index.php?rest_route=%2Fwp%2Fv2%2Fmedia&parent=16537"}],"wp:term":[{"taxonomy":"category","embeddable":true,"href":"https:\/\/www.wwwagner.tv\/index.php?rest_route=%2Fwp%2Fv2%2Fcategories&post=16537"},{"taxonomy":"post_tag","embeddable":true,"href":"https:\/\/www.wwwagner.tv\/index.php?rest_route=%2Fwp%2Fv2%2Ftags&post=16537"}],"curies":[{"name":"wp","href":"https:\/\/api.w.org\/{rel}","templated":true}]}}