{"id":16653,"date":"2012-09-19T20:15:43","date_gmt":"2012-09-19T19:15:43","guid":{"rendered":"http:\/\/www.wwwagner.tv\/?p=16653"},"modified":"2018-09-17T20:54:42","modified_gmt":"2018-09-17T19:54:42","slug":"weltenbrand-letztes-zdf-projekt-von-guido-knopp","status":"publish","type":"post","link":"https:\/\/www.wwwagner.tv\/?p=16653","title":{"rendered":"&#8222;Weltenbrand&#8220; &#8211; letztes ZDF-Projekt von Guido Knopp"},"content":{"rendered":"<div class=\"BorlabsCookie\"><div class=\"_brlbs-content-blocker\"> <div class=\"_brlbs-embed _brlbs-video-youtube\"> <img class=\"_brlbs-thumbnail\" src=\"https:\/\/www.wwwagner.tv\/wp-content\/plugins\/borlabs-cookie\/images\/cb-no-thumbnail.png\" alt=\"YouTube\"> <div class=\"_brlbs-caption\"> <p>Mit dem Laden des Videos akzeptieren Sie die Datenschutzerkl\u00e4rung von YouTube.<br><a href=\"https:\/\/policies.google.com\/privacy\" target=\"_blank\" rel=\"nofollow noopener noreferrer\">Mehr erfahren<\/a><\/p> <p><a class=\"_brlbs-btn _brlbs-icon-play-white\" href=\"#\" data-borlabs-cookie-unblock role=\"button\">Video laden<\/a><\/p> <p><label><input type=\"checkbox\" name=\"unblockAll\" value=\"1\" checked> <small>YouTube immer entsperren<\/small><\/label><\/p> <\/div> <\/div> <\/div><div class=\"borlabs-hide\" data-borlabs-cookie-type=\"content-blocker\" data-borlabs-cookie-id=\"youtube\"><script type=\"text\/template\">PHA+PGlmcmFtZSBsb2FkaW5nPSJsYXp5IiB3aWR0aD0iMTEwMCIgaGVpZ2h0PSI2MTkiIHNyYz0iaHR0cHM6Ly93d3cueW91dHViZS1ub2Nvb2tpZS5jb20vZW1iZWQvd0QxR3FBamJUeDQ\/c2hvd2luZm89MCIgZnJhbWVib3JkZXI9IjAiIGFsbG93PSJhdXRvcGxheTsgZW5jcnlwdGVkLW1lZGlhIiBhbGxvd2Z1bGxzY3JlZW4+PC9pZnJhbWU+PC9wPg==<\/script><\/div><\/div>\n<div style=\"height:10px;\"><\/div>\n<blockquote><p><em>&#8222;Man kann ja an der Geschichte des 20. Jahrhunderts sehen, dass an den wirklichen Wendepunkten der Geschichte das Verhalten oder auch Fehlverhalten von Menschen eine entscheidende Rolle gespielt hat.&#8220;<\/em><\/p><\/blockquote>\n<div style=\"height:10px;\"><\/div>\n<p><u>Wer<\/u>: Prof. Dr. Guido Knopp, Leiter des ZDF-Programmbereichs Zeitgeschichte, Journalist<br \/>\n<u>Was<\/u>: Interview \u00fcber sein letztes ZDF-Projekt &#8222;Weltenbrand&#8220;<br \/>\n<u>Wo<\/u>: Deutsches Historisches Museum, Berlin<br \/>\n<u>Wann<\/u>: rec.: 29.08.2012<\/p>\n<div style=\"height:10px;\"><\/div>\n<p>Audiofassung<br \/>\n <audio   controls > <source src=\"http:\/\/download.radioeins.de\/mp3\/medienmagazin\/mm20120915_3.mp3\" type='audio\/mpeg' \/> <object   type=\"application\/x-shockwave-flash\"  data=\"https:\/\/www.wwwagner.tv\/wp-content\/plugins\/wphtml5player\/inc\/flowplayer.swf\"  width=\"400\"  height=\"30\"> <param name=\"movie\" value='https:\/\/www.wwwagner.tv\/wp-content\/plugins\/wphtml5player\/inc\/flowplayer.swf' \/><param name=\"allowfullscreen\" value='false' \/><param name=\"cachebusting\" value='true' \/><param name=\"bgcolor\" value='#000000' \/><param name=\"flashvars\" value='config={\"plugins\":{\"controls\":{\"height\":30,\"autoHide\":false,\"fullscreen\":false}},\"clip\":{\"autoPlay\":false,\"url\":\"http:\\\/\\\/download.radioeins.de\\\/mp3\\\/medienmagazin\\\/mm20120915_3.mp3\"},\"playlist\":[{\"autoPlay\":false,\"url\":\"http:\\\/\\\/download.radioeins.de\\\/mp3\\\/medienmagazin\\\/mm20120915_3.mp3\"}],\"play\":{\"opacity\":0}}' \/>  No audio playback capabilities, please download the audio below<br \/><strong>Download Audio:<\/strong> Closed Format: <a href=\"http:\/\/download.radioeins.de\/mp3\/medienmagazin\/mm20120915_3.mp3\">MP3<\/a> <\/object> <!-- Generated by HTML5 Multimedia Framework (http:\/\/code.google.com\/p\/html5videoplayer) --> <\/audio>  <br \/>\n<a href=\"http:\/\/download.radioeins.de\/mp3\/medienmagazin\/mm20120915_3.mp3\" target=\"_blank\">Download<\/a><span style=\"color: #888888;\"> (verlinkte Audio-Quelle: rbb, radioeins)<\/span><\/p>\n<div style=\"height:10px;\"><\/div>\n<p>Guido Knopp ist seit 1978 beim Zweiten Deutschen Fernsehen, 1984 wurde er Leiter des ZDF-Programmbereichs Zeitgeschichte. In dieser Funktion verantwortete er viele Geschichtsdokuprojekte. Darunter diverse Filme, die versuchten, Hitler und die Entstehung und Folgen des Zweiten Weltkriegs zu deuten.<\/p>\n<div style=\"height:10px;\"><\/div>\n<figure id=\"attachment_16683\" aria-describedby=\"caption-attachment-16683\" style=\"width: 400px\" class=\"wp-caption alignnone\"><a href=\"http:\/\/www.wwwagner.tv\/wp-content\/uploads\/1991_knopp_guido_400.jpg\"><img loading=\"lazy\" decoding=\"async\" src=\"http:\/\/www.wwwagner.tv\/wp-content\/uploads\/1991_knopp_guido_400.jpg\" alt=\"Guido Knopp in der ZDF-Reihe &quot;Vor 40 Jahren&quot; (1991) | Screenshot: ZDF\" width=\"400\" height=\"225\" class=\"size-full wp-image-16683\" srcset=\"https:\/\/www.wwwagner.tv\/wp-content\/uploads\/1991_knopp_guido_400.jpg 400w, https:\/\/www.wwwagner.tv\/wp-content\/uploads\/1991_knopp_guido_400-300x168.jpg 300w\" sizes=\"auto, (max-width: 400px) 100vw, 400px\" \/><\/a><figcaption id=\"caption-attachment-16683\" class=\"wp-caption-text\">Guido Knopp in der ZDF-Reihe &#8222;Vor 40 Jahren&#8220; (1991) | Screenshot: ZDF<\/figcaption><\/figure>\n<div style=\"height:10px;\"><\/div>\n<p>Aber auch die Geschichte verschiedener P\u00e4pste und Bundeskanzler haben diverse Autoren unter seiner Leitung recherchiert. Oder das &#8222;Wunder von Bern&#8220;. Dabei agierte er unter st\u00e4ndiger Kritik von Historikern und Medienschaffenden, die sich zumeist daran st\u00f6rten, dass Knopp mit der Quellenlage sehr interpretatorisch umgehen w\u00fcrde, Szenen auch k\u00fcnstlerisch und frei rekonstruiere oder Einzelpers\u00f6nlichkeiten in ihrer Gestaltungskraft \u00fcbersch\u00e4tze. In diesem Interview erl\u00e4utert er eines seiner typischen Sichtweisen: die f\u00fcr den Verlauf von Geschichte wichtige Rolle der Pers\u00f6nlichkeit. <\/p>\n<p>Ich habe seine Sicht nicht immer geteilt, aber sie als Anregung verstanden, mir selbst ein Geschichtsbild zu machen, genauer hinzusehen. Mehr zu erfahren. Die Diskussionen, die er ausl\u00f6ste, waren der eigentliche &#8222;Lerneffekt&#8220;.<\/p>\n<p>Jetzt, 2012, hat er den Abschied angek\u00fcndigt mit seinem letzten Projekt (seit 18.09.2012, dienstags 20:15 Uhr) \u00fcber den, wie er es nennt: &#8217;30j\u00e4hrigen Krieg des 20. Jahrhunderts&#8216; &#8211; die Zeit zwischen 1914 bis 1945.<\/p>\n<div class=\"BorlabsCookie\"><div class=\"_brlbs-content-blocker\"> <div class=\"_brlbs-embed _brlbs-video-youtube\"> <img class=\"_brlbs-thumbnail\" src=\"https:\/\/www.wwwagner.tv\/wp-content\/plugins\/borlabs-cookie\/images\/cb-no-thumbnail.png\" alt=\"YouTube\"> <div class=\"_brlbs-caption\"> <p>Mit dem Laden des Videos akzeptieren Sie die Datenschutzerkl\u00e4rung von YouTube.<br><a href=\"https:\/\/policies.google.com\/privacy\" target=\"_blank\" rel=\"nofollow noopener noreferrer\">Mehr erfahren<\/a><\/p> <p><a class=\"_brlbs-btn _brlbs-icon-play-white\" href=\"#\" data-borlabs-cookie-unblock role=\"button\">Video laden<\/a><\/p> <p><label><input type=\"checkbox\" name=\"unblockAll\" value=\"1\" checked> <small>YouTube immer entsperren<\/small><\/label><\/p> <\/div> <\/div> <\/div><div class=\"borlabs-hide\" data-borlabs-cookie-type=\"content-blocker\" data-borlabs-cookie-id=\"youtube\"><script type=\"text\/template\">PHA+PGlmcmFtZSBsb2FkaW5nPSJsYXp5IiB3aWR0aD0iNjAwIiBoZWlnaHQ9IjMzOCIgc3JjPSJodHRwczovL3d3dy55b3V0dWJlLW5vY29va2llLmNvbS9lbWJlZC9yY0F5R3BjRGZGRT9zaG93aW5mbz0wIiBmcmFtZWJvcmRlcj0iMCIgYWxsb3c9ImF1dG9wbGF5OyBlbmNyeXB0ZWQtbWVkaWEiIGFsbG93ZnVsbHNjcmVlbj48L2lmcmFtZT48L3A+<\/script><\/div><\/div>\n<div style=\"height:20px;\"><\/div>\n<p>Kontroversen l\u00f6ste Guido Knopp bei dieser Reihe nicht nur wieder wegen vermeintlich fehlender geschichtlicher Fakten aus, wie bei <a href=\"http:\/\/www.spiegel.de\/kultur\/tv\/kritik-zur-zdf-serie-weltenbrand-von-guido-knopp-a-856218.html\" target=\"_blank\">Spiegel Online<\/a> vom 18.09.2012, wo Thorsten D\u00f6rting kritisierte, es breche <em>&#8222;der Erste Weltkrieg \u00fcber den arglosen Zuschauer herein wie ein Stahlgewitter aus heiterstem Himmel&#8220;<\/em> ohne geschichtlichen Kontext. Kritik kam auch wegen der Colorierung aller schwarz-wei\u00dfen Filmsequenzen. Dazu mehr im folgenden Interview:<\/p>\n<div style=\"height:10px;\"><\/div>\n<figure id=\"attachment_16671\" aria-describedby=\"caption-attachment-16671\" style=\"width: 600px\" class=\"wp-caption alignnone\"><a href=\"http:\/\/www.wwwagner.tv\/wp-content\/uploads\/20120829_mausbach_stefan_06_600.jpg\"><img loading=\"lazy\" decoding=\"async\" src=\"http:\/\/www.wwwagner.tv\/wp-content\/uploads\/20120829_mausbach_stefan_06_600.jpg\" alt=\"Stefan Mausbach | Foto: \u00a9 J\u00f6rg Wagner\" width=\"600\" height=\"400\" class=\"size-full wp-image-16671\" srcset=\"https:\/\/www.wwwagner.tv\/wp-content\/uploads\/20120829_mausbach_stefan_06_600.jpg 600w, https:\/\/www.wwwagner.tv\/wp-content\/uploads\/20120829_mausbach_stefan_06_600-300x200.jpg 300w\" sizes=\"auto, (max-width: 600px) 100vw, 600px\" \/><\/a><figcaption id=\"caption-attachment-16671\" class=\"wp-caption-text\">Stefan Mausbach | Foto: \u00a9 J\u00f6rg Wagner<\/figcaption><\/figure>\n<div style=\"height:10px;\"><\/div>\n<p> <audio   controls > <source src=\"http:\/\/download.radioeins.de\/mp3\/medienmagazin\/mm20120915_5.mp3\" type='audio\/mpeg' \/> <object   type=\"application\/x-shockwave-flash\"  data=\"https:\/\/www.wwwagner.tv\/wp-content\/plugins\/wphtml5player\/inc\/flowplayer.swf\"  width=\"400\"  height=\"30\"> <param name=\"movie\" value='https:\/\/www.wwwagner.tv\/wp-content\/plugins\/wphtml5player\/inc\/flowplayer.swf' \/><param name=\"allowfullscreen\" value='false' \/><param name=\"cachebusting\" value='true' \/><param name=\"bgcolor\" value='#000000' \/><param name=\"flashvars\" value='config={\"plugins\":{\"controls\":{\"height\":30,\"autoHide\":false,\"fullscreen\":false}},\"clip\":{\"autoPlay\":false,\"url\":\"http:\\\/\\\/download.radioeins.de\\\/mp3\\\/medienmagazin\\\/mm20120915_5.mp3\"},\"playlist\":[{\"autoPlay\":false,\"url\":\"http:\\\/\\\/download.radioeins.de\\\/mp3\\\/medienmagazin\\\/mm20120915_5.mp3\"}],\"play\":{\"opacity\":0}}' \/>  No audio playback capabilities, please download the audio below<br \/><strong>Download Audio:<\/strong> Closed Format: <a href=\"http:\/\/download.radioeins.de\/mp3\/medienmagazin\/mm20120915_5.mp3\">MP3<\/a> <\/object> <!-- Generated by HTML5 Multimedia Framework (http:\/\/code.google.com\/p\/html5videoplayer) --> <\/audio>  <br \/>\n<a href=\"http:\/\/download.radioeins.de\/mp3\/medienmagazin\/mm20120915_5.mp3\" target=\"_blank\">Download<\/a><span style=\"color: #888888;\"> (verlinkte Audio-Quelle: rbb, radioeins)<\/span><\/p>\n<div style=\"height:10px;\"><\/div>\n<p><u>Wer<\/u>: Stefan Mausbach, stofff\u00fchrender ZDF-Redakteur<br \/>\n<u>Was<\/u>: Interview zur Quellenlage und dem Einf\u00e4rben der Filmdokumente bei &#8222;Weltenbrand&#8220;<br \/>\n<u>Wo<\/u>: Deutsches Historisches Museum, Berlin<br \/>\n<u>Wann<\/u>: rec.: 29.08.2012<\/p>\n<div style=\"height: 10px;\"><\/div>\n<hr \/>\n<div style=\"height: 5px;\"><\/div>\n<p><html><br \/>\n     <head><\/p>\n<style type=\"text\/css\">\n       body {\n                     background: #DADADA;\n       }\n      <\/style>\n<p>     <\/head><br \/>\n     <body><br \/>\n<\/body><br \/>\n    <\/html><br \/>\n<script src=\"https:\/\/apis.google.com\/js\/plusone.js\" type=\"text\/javascript\">\/\/ < ![CDATA[ {lang: 'de'} \/\/ ]]><\/script><br \/>\n<script src=\"http:\/\/twittercounter.com\/embed\/?username=medienmagazin&amp;style=avatar\" type=\"text\/javascript\"><\/script><\/p>\n<p><noscript><a href=\"http:\/\/twittercounter.com\/medienmagazin\">medienmagazin on Twitter Counter<\/a><\/noscript><\/p>\n","protected":false},"excerpt":{"rendered":"<p>Mit dem Laden des Videos akzeptieren Sie die Datenschutzerkl\u00e4rung von YouTube.Mehr erfahren Video laden YouTube immer entsperren &#8222;Man kann ja an der Geschichte des 20. Jahrhunderts sehen, dass an den wirklichen Wendepunkten der Geschichte das Verhalten oder auch Fehlverhalten von Menschen eine entscheidende Rolle gespielt hat.&#8220; Wer: Prof. Dr. Guido Knopp, Leiter des ZDF-Programmbereichs Zeitgeschichte, [&hellip;]<\/p>\n","protected":false},"author":2,"featured_media":0,"comment_status":"open","ping_status":"open","sticky":false,"template":"","format":"standard","meta":{"_monsterinsights_skip_tracking":false,"_monsterinsights_sitenote_active":false,"_monsterinsights_sitenote_note":"","_monsterinsights_sitenote_category":0,"footnotes":""},"categories":[17],"tags":[951,50],"class_list":["post-16653","post","type-post","status-publish","format-standard","hentry","category-aktuell","tag-geschichte","tag-zdf"],"_links":{"self":[{"href":"https:\/\/www.wwwagner.tv\/index.php?rest_route=\/wp\/v2\/posts\/16653","targetHints":{"allow":["GET"]}}],"collection":[{"href":"https:\/\/www.wwwagner.tv\/index.php?rest_route=\/wp\/v2\/posts"}],"about":[{"href":"https:\/\/www.wwwagner.tv\/index.php?rest_route=\/wp\/v2\/types\/post"}],"author":[{"embeddable":true,"href":"https:\/\/www.wwwagner.tv\/index.php?rest_route=\/wp\/v2\/users\/2"}],"replies":[{"embeddable":true,"href":"https:\/\/www.wwwagner.tv\/index.php?rest_route=%2Fwp%2Fv2%2Fcomments&post=16653"}],"version-history":[{"count":56,"href":"https:\/\/www.wwwagner.tv\/index.php?rest_route=\/wp\/v2\/posts\/16653\/revisions"}],"predecessor-version":[{"id":40661,"href":"https:\/\/www.wwwagner.tv\/index.php?rest_route=\/wp\/v2\/posts\/16653\/revisions\/40661"}],"wp:attachment":[{"href":"https:\/\/www.wwwagner.tv\/index.php?rest_route=%2Fwp%2Fv2%2Fmedia&parent=16653"}],"wp:term":[{"taxonomy":"category","embeddable":true,"href":"https:\/\/www.wwwagner.tv\/index.php?rest_route=%2Fwp%2Fv2%2Fcategories&post=16653"},{"taxonomy":"post_tag","embeddable":true,"href":"https:\/\/www.wwwagner.tv\/index.php?rest_route=%2Fwp%2Fv2%2Ftags&post=16653"}],"curies":[{"name":"wp","href":"https:\/\/api.w.org\/{rel}","templated":true}]}}