{"id":17182,"date":"2012-10-07T22:06:01","date_gmt":"2012-10-07T21:06:01","guid":{"rendered":"http:\/\/www.wwwagner.tv\/?p=17182"},"modified":"2017-02-17T03:50:09","modified_gmt":"2017-02-17T02:50:09","slug":"dapd-in-der-plotzlichen-krise","status":"publish","type":"post","link":"https:\/\/www.wwwagner.tv\/?p=17182","title":{"rendered":"dapd in der pl\u00f6tzlichen Krise"},"content":{"rendered":"<p><a href=\"http:\/\/www.wwwagner.tv\/wp-content\/uploads\/dapd_insolvenz_600.jpg\"><img loading=\"lazy\" decoding=\"async\" src=\"http:\/\/www.wwwagner.tv\/wp-content\/uploads\/dapd_insolvenz_600.jpg\" alt=\"\" title=\"dapd_insolvenz_600\" width=\"600\" height=\"380\" class=\"alignnone size-full wp-image-17183\" srcset=\"https:\/\/www.wwwagner.tv\/wp-content\/uploads\/dapd_insolvenz_600.jpg 600w, https:\/\/www.wwwagner.tv\/wp-content\/uploads\/dapd_insolvenz_600-300x190.jpg 300w\" sizes=\"auto, (max-width: 600px) 100vw, 600px\" \/><\/a><br \/>\n<em><\/p>\n<div style=\"height:20px;\"><\/div>\n<blockquote><p>&#8220; &#8230; das Amtsgericht Berlin Charlottenburg hat heute dem Antrag der dapd nachrichtenagentur GmbH und der dapd nachrichten GmbH auf Er\u00f6ffnung des Insolvenzverfahrens in Eigenverwaltung zugestimmt. Die Gesellschaften stellten den Antrag aufgrund von Zahlungsunf\u00e4higkeit, nachdem die Gesellschafter die weitere Finanzierung eingestellt hatten &#8230;&#8220;<\/p><\/blockquote>\n<p><\/em>  Pressemitteilung 02.10.2012<\/p>\n<div style=\"height:30px;\"><\/div>\n<p><a href=\"http:\/\/www.wwwagner.tv\/wp-content\/uploads\/simon_ulrike_300.jpg\"><img loading=\"lazy\" decoding=\"async\" src=\"http:\/\/www.wwwagner.tv\/wp-content\/uploads\/simon_ulrike_300.jpg\" alt=\"\" title=\"simon_ulrike_300\" width=\"300\" height=\"200\" class=\"alignright size-full wp-image-17186\" \/><\/a><\/p>\n<blockquote><p><em>&#8222;Was war wirklich ausschlaggebend daf\u00fcr, dass die Eigent\u00fcmer pl\u00f6tzlich die Rei\u00dfleine gezogen haben?&#8220;<\/em><\/p><\/blockquote>\n<div style=\"height:10px;\"><\/div>\n<p> <audio   controls > <source src=\"http:\/\/download.radioeins.de\/mp3\/medienmagazin\/mm20121006_1.mp3\" type='audio\/mpeg' \/> <object   type=\"application\/x-shockwave-flash\"  data=\"https:\/\/www.wwwagner.tv\/wp-content\/plugins\/wphtml5player\/inc\/flowplayer.swf\"  width=\"400\"  height=\"30\"> <param name=\"movie\" value='https:\/\/www.wwwagner.tv\/wp-content\/plugins\/wphtml5player\/inc\/flowplayer.swf' \/><param name=\"allowfullscreen\" value='false' \/><param name=\"cachebusting\" value='true' \/><param name=\"bgcolor\" value='#000000' \/><param name=\"flashvars\" value='config={\"plugins\":{\"controls\":{\"height\":30,\"autoHide\":false,\"fullscreen\":false}},\"clip\":{\"autoPlay\":false,\"url\":\"http:\\\/\\\/download.radioeins.de\\\/mp3\\\/medienmagazin\\\/mm20121006_1.mp3\"},\"playlist\":[{\"autoPlay\":false,\"url\":\"http:\\\/\\\/download.radioeins.de\\\/mp3\\\/medienmagazin\\\/mm20121006_1.mp3\"}],\"play\":{\"opacity\":0}}' \/>  No audio playback capabilities, please download the audio below<br \/><strong>Download Audio:<\/strong> Closed Format: <a href=\"http:\/\/download.radioeins.de\/mp3\/medienmagazin\/mm20121006_1.mp3\">MP3<\/a> <\/object> <!-- Generated by HTML5 Multimedia Framework (http:\/\/code.google.com\/p\/html5videoplayer) --> <\/audio>  <br \/>\n<a href=\"http:\/\/download.radioeins.de\/mp3\/medienmagazin\/mm20121006_1.mp3\" target=\"_blank\">Download<\/a><span style=\"color: #888888;\"> (verlinkte Audio-Quelle: rbb, radioeins)<\/span><\/p>\n<div style=\"height:10px;\"><\/div>\n<p><u>Wer<\/u>: Ulrike Simon, Medienjournalistin Berliner Zeitung\/Frankfurter Rundschau<br \/>\n<u>Was<\/u>: Telefoninterview zur dapd-Krise<br \/>\n<u>Wann<\/u>: 06.10.2012, ver\u00f6ffentlicht im radioeins-Medienmagazin vom 06.10.2012<\/p>\n<div style=\"height:10px;\"><\/div>\n<p><a href=\"http:\/\/www.wwwagner.tv\/wp-content\/uploads\/20120619_eumann_marc_jan_300.jpg\"><img loading=\"lazy\" decoding=\"async\" src=\"http:\/\/www.wwwagner.tv\/wp-content\/uploads\/20120619_eumann_marc_jan_300.jpg\" alt=\"\" title=\"20120619_eumann_marc_jan_300\" width=\"300\" height=\"200\" class=\"alignright size-full wp-image-17187\" \/><\/a><\/p>\n<blockquote><p><em>&#8222;Nachrichtenagenturen sind das Wasserwerk der Demokratie.&#8220;<\/em><\/p><\/blockquote>\n<div style=\"height:10px;\"><\/div>\n<p> <audio   controls > <source src=\"http:\/\/download.radioeins.de\/mp3\/medienmagazin\/mm20121006_2.mp3\" type='audio\/mpeg' \/> <object   type=\"application\/x-shockwave-flash\"  data=\"https:\/\/www.wwwagner.tv\/wp-content\/plugins\/wphtml5player\/inc\/flowplayer.swf\"  width=\"400\"  height=\"30\"> <param name=\"movie\" value='https:\/\/www.wwwagner.tv\/wp-content\/plugins\/wphtml5player\/inc\/flowplayer.swf' \/><param name=\"allowfullscreen\" value='false' \/><param name=\"cachebusting\" value='true' \/><param name=\"bgcolor\" value='#000000' \/><param name=\"flashvars\" value='config={\"plugins\":{\"controls\":{\"height\":30,\"autoHide\":false,\"fullscreen\":false}},\"clip\":{\"autoPlay\":false,\"url\":\"http:\\\/\\\/download.radioeins.de\\\/mp3\\\/medienmagazin\\\/mm20121006_2.mp3\"},\"playlist\":[{\"autoPlay\":false,\"url\":\"http:\\\/\\\/download.radioeins.de\\\/mp3\\\/medienmagazin\\\/mm20121006_2.mp3\"}],\"play\":{\"opacity\":0}}' \/>  No audio playback capabilities, please download the audio below<br \/><strong>Download Audio:<\/strong> Closed Format: <a href=\"http:\/\/download.radioeins.de\/mp3\/medienmagazin\/mm20121006_2.mp3\">MP3<\/a> <\/object> <!-- Generated by HTML5 Multimedia Framework (http:\/\/code.google.com\/p\/html5videoplayer) --> <\/audio>  <br \/>\n<a href=\"http:\/\/download.radioeins.de\/mp3\/medienmagazin\/mm20121006_2.mp3\" target=\"_blank\">Download<\/a><span style=\"color: #888888;\"> (verlinkte Audio-Quelle: rbb, radioeins)<\/span><\/p>\n<div style=\"height:10px;\"><\/div>\n<p><u>Wer<\/u>: Dr. Marc Jan Eumann, Staatssekret\u00e4r bei der Ministerin f\u00fcr Bundesangelegenheiten, Europa und Medien NRW; Vorsitzender der Medienkommission beim SPD-Parteivorstand, Berlin und Autor des Essays <a href=\"http:\/\/www.vorwaertsbuchverlag.de\/buecher\/journalismus-am-abgrund\" target=\"_blank\">&#8222;Journalismus am Abgrund &#8211; wie bleibt Qualit\u00e4t finanzierbar?&#8220;<\/a><br \/>\n<u>Was<\/u>: Telefoninterview zur dapd-Krise<br \/>\n<u>Wann<\/u>: 05.10.2012, ver\u00f6ffentlicht im radioeins-Medienmagazin vom 06.10.2012<\/p>\n<div style=\"height:10px;\"><\/div>\n<p><a href=\"http:\/\/www.wwwagner.tv\/wp-content\/uploads\/20121006_lammel_bernd_300.jpg\"><img loading=\"lazy\" decoding=\"async\" src=\"http:\/\/www.wwwagner.tv\/wp-content\/uploads\/20121006_lammel_bernd_300.jpg\" alt=\"\" title=\"20121006_lammel_bernd_300\" width=\"300\" height=\"200\" class=\"alignright size-full wp-image-17188\" \/><\/a><\/p>\n<blockquote><p><em>&#8222;Insolvenz hei\u00dft ja nicht Ende. Sondern, das ist eine Chance.&#8220;<\/em><\/p><\/blockquote>\n<div style=\"height:10px;\"><\/div>\n<p> <audio   controls > <source src=\"http:\/\/download.radioeins.de\/mp3\/medienmagazin\/mm20121006_3ex.mp3\" type='audio\/mpeg' \/> <object   type=\"application\/x-shockwave-flash\"  data=\"https:\/\/www.wwwagner.tv\/wp-content\/plugins\/wphtml5player\/inc\/flowplayer.swf\"  width=\"400\"  height=\"30\"> <param name=\"movie\" value='https:\/\/www.wwwagner.tv\/wp-content\/plugins\/wphtml5player\/inc\/flowplayer.swf' \/><param name=\"allowfullscreen\" value='false' \/><param name=\"cachebusting\" value='true' \/><param name=\"bgcolor\" value='#000000' \/><param name=\"flashvars\" value='config={\"plugins\":{\"controls\":{\"height\":30,\"autoHide\":false,\"fullscreen\":false}},\"clip\":{\"autoPlay\":false,\"url\":\"http:\\\/\\\/download.radioeins.de\\\/mp3\\\/medienmagazin\\\/mm20121006_3ex.mp3\"},\"playlist\":[{\"autoPlay\":false,\"url\":\"http:\\\/\\\/download.radioeins.de\\\/mp3\\\/medienmagazin\\\/mm20121006_3ex.mp3\"}],\"play\":{\"opacity\":0}}' \/>  No audio playback capabilities, please download the audio below<br \/><strong>Download Audio:<\/strong> Closed Format: <a href=\"http:\/\/download.radioeins.de\/mp3\/medienmagazin\/mm20121006_3ex.mp3\">MP3<\/a> <\/object> <!-- Generated by HTML5 Multimedia Framework (http:\/\/code.google.com\/p\/html5videoplayer) --> <\/audio>  <br \/>\n<a href=\"http:\/\/download.radioeins.de\/mp3\/medienmagazin\/mm20121006_3ex.mp3\" target=\"_blank\">Download<\/a><span style=\"color: #888888;\"> (verlinkte Audio-Quelle: rbb, radioeins)<\/span><\/p>\n<div style=\"height:10px;\"><\/div>\n<p><u>Wer<\/u>: Bernd Lammel, Vorsitzender DJV Berlin, Fotojournalist<br \/>\n<u>Was<\/u>: Statement zur dapd-Krise<br \/>\n<u>Wo<\/u>: Haus des Rundfunks, rbb, Berlin<br \/>\n<u>Wann<\/u>: 06.10.2012, ver\u00f6ffentlicht im radioeins-Medienmagazin vom 06.10.2012<\/p>\n<div style=\"height:40px;\"><\/div>\n<p><u>Vgl<\/u>.:<br \/>\n* &#8222;Journalismus am Abgrund&#8220; &#8211; Dr. <a href=\"http:\/\/www.eumann.de\/\" target=\"_blank\">Marc Jan Eumann<\/a><br \/>\n* <a href=\"http:\/\/bit.ly\/Lv86Xa\" target=\"_blank\">Der Streit: dpa &#8211; dapd<\/a>, radioeins-Medienmagazin, 26.05.2012<br \/>\n* 300 G\u00e4ste aus Politik, Wirtschaft, Sport und Medien beim &#8230;, PM dapd 13.09.2012 (depubliziert)<br \/>\n* dapd-Gruppe startet Nachrichtenagentur f\u00fcr Unterhaltung, PM dapd, 24.09.2012 (depubliziert)<br \/>\n* Gesellschaften des dapd-Nachrichtenagenturbereichs melden Insolvenz &#8230;, PM dpad, 02.10.2012 (depubliziert)<br \/>\n* Berliner dapd nachrichtenagentur und dapd nachrichten melden &#8230;, PM dpad, 02.10.2012 (depubliziert)<br \/>\n* ddp images, Picture Press, airmotion, ddp direct, spot on news und &#8230;, PM dapd, 04.10.2012 (depubliziert)<br \/>\n* <a href=\"http:\/\/www.fr-online.de\/medien\/dapd-pleite-dapd--ende-der-expansion,1473342,20157066.html\" target=\"_blank\">dapd: Ende der Expansion<\/a>, Frankfurter Rundschau, Ulrike Simon, 04.10.2012<br \/>\n* An die Mitarbeiterinnen und Mitarbeiter der dapd, DJV Berlin (depubliziert)<\/p>\n<div style=\"height:10px;\"><\/div>\n<hr \/>\n<p>(Fotos: \u00a9 ARD, J\u00f6rg Wagner [1, 1 M]; Logo: dapd)<\/p>\n<div style=\"height: 5px;\"><\/div>\n<p><html><br \/>\n     <head><\/p>\n<style type=\"text\/css\">\n       body {\n                     background: #DADADA;\n       }\n      <\/style>\n<p>     <\/head><br \/>\n     <body><br \/>\n<\/body><br \/>\n    <\/html><br \/>\n<script src=\"https:\/\/apis.google.com\/js\/plusone.js\" type=\"text\/javascript\">\/\/ < ![CDATA[ {lang: 'de'} \/\/ ]]><\/script><br \/>\n<script src=\"http:\/\/twittercounter.com\/embed\/?username=medienmagazin&amp;style=avatar\" type=\"text\/javascript\"><\/script><\/p>\n<p><noscript><a href=\"http:\/\/twittercounter.com\/medienmagazin\">medienmagazin on Twitter Counter<\/a><\/noscript><\/p>\n","protected":false},"excerpt":{"rendered":"<p>&#8220; &#8230; das Amtsgericht Berlin Charlottenburg hat heute dem Antrag der dapd nachrichtenagentur GmbH und der dapd nachrichten GmbH auf Er\u00f6ffnung des Insolvenzverfahrens in Eigenverwaltung zugestimmt. Die Gesellschaften stellten den Antrag aufgrund von Zahlungsunf\u00e4higkeit, nachdem die Gesellschafter die weitere Finanzierung eingestellt hatten &#8230;&#8220; Pressemitteilung 02.10.2012 &#8222;Was war wirklich ausschlaggebend daf\u00fcr, dass die Eigent\u00fcmer pl\u00f6tzlich die [&hellip;]<\/p>\n","protected":false},"author":2,"featured_media":0,"comment_status":"open","ping_status":"open","sticky":false,"template":"","format":"standard","meta":{"_monsterinsights_skip_tracking":false,"_monsterinsights_sitenote_active":false,"_monsterinsights_sitenote_note":"","_monsterinsights_sitenote_category":0,"footnotes":""},"categories":[17],"tags":[376],"class_list":["post-17182","post","type-post","status-publish","format-standard","hentry","category-aktuell","tag-dapd"],"_links":{"self":[{"href":"https:\/\/www.wwwagner.tv\/index.php?rest_route=\/wp\/v2\/posts\/17182","targetHints":{"allow":["GET"]}}],"collection":[{"href":"https:\/\/www.wwwagner.tv\/index.php?rest_route=\/wp\/v2\/posts"}],"about":[{"href":"https:\/\/www.wwwagner.tv\/index.php?rest_route=\/wp\/v2\/types\/post"}],"author":[{"embeddable":true,"href":"https:\/\/www.wwwagner.tv\/index.php?rest_route=\/wp\/v2\/users\/2"}],"replies":[{"embeddable":true,"href":"https:\/\/www.wwwagner.tv\/index.php?rest_route=%2Fwp%2Fv2%2Fcomments&post=17182"}],"version-history":[{"count":46,"href":"https:\/\/www.wwwagner.tv\/index.php?rest_route=\/wp\/v2\/posts\/17182\/revisions"}],"predecessor-version":[{"id":34374,"href":"https:\/\/www.wwwagner.tv\/index.php?rest_route=\/wp\/v2\/posts\/17182\/revisions\/34374"}],"wp:attachment":[{"href":"https:\/\/www.wwwagner.tv\/index.php?rest_route=%2Fwp%2Fv2%2Fmedia&parent=17182"}],"wp:term":[{"taxonomy":"category","embeddable":true,"href":"https:\/\/www.wwwagner.tv\/index.php?rest_route=%2Fwp%2Fv2%2Fcategories&post=17182"},{"taxonomy":"post_tag","embeddable":true,"href":"https:\/\/www.wwwagner.tv\/index.php?rest_route=%2Fwp%2Fv2%2Ftags&post=17182"}],"curies":[{"name":"wp","href":"https:\/\/api.w.org\/{rel}","templated":true}]}}