{"id":17226,"date":"2012-10-06T19:00:47","date_gmt":"2012-10-06T18:00:47","guid":{"rendered":"http:\/\/www.wwwagner.tv\/?p=17226"},"modified":"2012-10-09T01:15:55","modified_gmt":"2012-10-09T00:15:55","slug":"medienmagazin-vom-06-10-2012","status":"publish","type":"post","link":"https:\/\/www.wwwagner.tv\/?p=17226","title":{"rendered":"Medienmagazin vom 06.10.2012"},"content":{"rendered":"<div style=\"height:50px;\"><\/div>\n<p><a href=\"http:\/\/www.wwwagner.tv\/wp-content\/uploads\/1_Radioeins_Logo_cut_600.jpg\"><img loading=\"lazy\" decoding=\"async\" src=\"http:\/\/www.wwwagner.tv\/wp-content\/uploads\/1_Radioeins_Logo_cut_600.jpg\" alt=\"\" title=\"1_Radioeins_Logo_cut_600\" width=\"600\" height=\"202\" class=\"alignright size-full wp-image-16454\" srcset=\"https:\/\/www.wwwagner.tv\/wp-content\/uploads\/1_Radioeins_Logo_cut_600.jpg 600w, https:\/\/www.wwwagner.tv\/wp-content\/uploads\/1_Radioeins_Logo_cut_600-300x101.jpg 300w\" sizes=\"auto, (max-width: 600px) 100vw, 600px\" \/><\/a><\/p>\n<div style=\"height:20px;\"><\/div>\n<p>Gesamt-PodCast<br \/>\n <audio   controls > <source src=\"http:\/\/download.radioeins.de\/mp3\/medienmagazin\/mm20121006.mp3\" type='audio\/mpeg' \/> <object   type=\"application\/x-shockwave-flash\"  data=\"https:\/\/www.wwwagner.tv\/wp-content\/plugins\/wphtml5player\/inc\/flowplayer.swf\"  width=\"400\"  height=\"30\"> <param name=\"movie\" value='https:\/\/www.wwwagner.tv\/wp-content\/plugins\/wphtml5player\/inc\/flowplayer.swf' \/><param name=\"allowfullscreen\" value='false' \/><param name=\"cachebusting\" value='true' \/><param name=\"bgcolor\" value='#000000' \/><param name=\"flashvars\" value='config={\"plugins\":{\"controls\":{\"height\":30,\"autoHide\":false,\"fullscreen\":false}},\"clip\":{\"autoPlay\":false,\"url\":\"http:\\\/\\\/download.radioeins.de\\\/mp3\\\/medienmagazin\\\/mm20121006.mp3\"},\"playlist\":[{\"autoPlay\":false,\"url\":\"http:\\\/\\\/download.radioeins.de\\\/mp3\\\/medienmagazin\\\/mm20121006.mp3\"}],\"play\":{\"opacity\":0}}' \/>  No audio playback capabilities, please download the audio below<br \/><strong>Download Audio:<\/strong> Closed Format: <a href=\"http:\/\/download.radioeins.de\/mp3\/medienmagazin\/mm20121006.mp3\">MP3<\/a> <\/object> <!-- Generated by HTML5 Multimedia Framework (http:\/\/code.google.com\/p\/html5videoplayer) --> <\/audio>  <br \/>\n<a href=\"http:\/\/download.radioeins.de\/mp3\/medienmagazin\/mm20121006.mp3\" target=\"_blank\">Download<\/a><span style=\"color: #888888;\"> (verlinkte Audio-Quelle: rbb, radioeins)<\/span><\/p>\n<div style=\"height:10px;\"><\/div>\n<p>00:00 Intro Dirk Bach +++ <a href=\"http:\/\/bit.ly\/Q5q32z\" target=\"_blank\">02:39 dapd (1) +++ 13:40 dapd (2) <\/a>+++ 25:54 Erster Ostdeutscher Journalistentag +++ 31:22 Wetten, dass +++ 41:47 #r1MM 26.05.2012 dpa &#8211; dapd +++ 51:10 Astrologie <\/p>\n<div style=\"height:50px;\"><\/div>\n<p><span style=\"color: #FFA500;\"><FONT SIZE=\"4\"><em>INTRO: In memoriam: Dirk Bach<\/em><\/FONT><\/span><br \/>\n<a href=\"http:\/\/www.wwwagner.tv\/wp-content\/uploads\/201209_bach_dirk_300.jpg\"><img loading=\"lazy\" decoding=\"async\" src=\"http:\/\/www.wwwagner.tv\/wp-content\/uploads\/201209_bach_dirk_300.jpg\" alt=\"\" title=\"201209_bach_dirk_300\" width=\"300\" height=\"200\" class=\"alignright size-full wp-image-17235\" \/><\/a><br \/>\n<em>&#8222;Dieses ber\u00fchmte crossover.&#8220;<\/em><\/p>\n<div style=\"height:160px;\"><\/div>\n<p>O-Ton: Dirk Bachs letzter TV-Auftritt<br \/>\nQuelle: <a href=\"http:\/\/neoparadise.zdf.de\/\" target=\"_blank\">zdfneo, neoparadise, 04.10.2012<\/a><\/p>\n<div style=\"height:10px;\"><\/div>\n<p> <audio   controls > <source src=\"http:\/\/download.radioeins.de\/mp3\/medienmagazin\/mm20121006_0.mp3\" type='audio\/mpeg' \/> <object   type=\"application\/x-shockwave-flash\"  data=\"https:\/\/www.wwwagner.tv\/wp-content\/plugins\/wphtml5player\/inc\/flowplayer.swf\"  width=\"400\"  height=\"30\"> <param name=\"movie\" value='https:\/\/www.wwwagner.tv\/wp-content\/plugins\/wphtml5player\/inc\/flowplayer.swf' \/><param name=\"allowfullscreen\" value='false' \/><param name=\"cachebusting\" value='true' \/><param name=\"bgcolor\" value='#000000' \/><param name=\"flashvars\" value='config={\"plugins\":{\"controls\":{\"height\":30,\"autoHide\":false,\"fullscreen\":false}},\"clip\":{\"autoPlay\":false,\"url\":\"http:\\\/\\\/download.radioeins.de\\\/mp3\\\/medienmagazin\\\/mm20121006_0.mp3\"},\"playlist\":[{\"autoPlay\":false,\"url\":\"http:\\\/\\\/download.radioeins.de\\\/mp3\\\/medienmagazin\\\/mm20121006_0.mp3\"}],\"play\":{\"opacity\":0}}' \/>  No audio playback capabilities, please download the audio below<br \/><strong>Download Audio:<\/strong> Closed Format: <a href=\"http:\/\/download.radioeins.de\/mp3\/medienmagazin\/mm20121006_0.mp3\">MP3<\/a> <\/object> <!-- Generated by HTML5 Multimedia Framework (http:\/\/code.google.com\/p\/html5videoplayer) --> <\/audio>  <br \/>\n<a href=\"http:\/\/download.radioeins.de\/mp3\/medienmagazin\/mm20121006_0.mp3\" target=\"_blank\">Download<\/a><span style=\"color: #888888;\"> (verlinkte Audio-Quelle: rbb, radioeins)<\/span><\/p>\n<div style=\"height:60px;\"><\/div>\n<p><span style=\"color: #FFA500;\"><FONT SIZE=\"4\"><em>1. Nachrichtenagentur dapd meldete Insolvenz an (1)<\/em><\/FONT><\/span><br \/>\n<a href=\"http:\/\/www.wwwagner.tv\/wp-content\/uploads\/simon_ulrike_300.jpg\"><img loading=\"lazy\" decoding=\"async\" src=\"http:\/\/www.wwwagner.tv\/wp-content\/uploads\/simon_ulrike_300.jpg\" alt=\"\" title=\"simon_ulrike_300\" width=\"300\" height=\"200\" class=\"alignright size-full wp-image-17186\" \/><\/a><br \/>\n<em>&#8222;Was war wirklich ausschlaggebend daf\u00fcr, dass die Eigent\u00fcmer pl\u00f6tzlich die Rei\u00dfleine gezogen haben?&#8220;<\/em><\/p>\n<div style=\"height:160px;\"><\/div>\n<p>Telefoninterview mit Ulrike Simon, Medienjournalistin, Berliner Zeitung\/<a href=\"http:\/\/www.fr-online.de\/medien\/dapd-pleite-dapd--ende-der-expansion,1473342,20157066.html\" target=\"_blank\">Frankfurter Rundschau<\/a><\/p>\n<div style=\"height:10px;\"><\/div>\n<p> <audio   controls > <source src=\"http:\/\/download.radioeins.de\/mp3\/medienmagazin\/mm20121006_1.mp3\" type='audio\/mpeg' \/> <object   type=\"application\/x-shockwave-flash\"  data=\"https:\/\/www.wwwagner.tv\/wp-content\/plugins\/wphtml5player\/inc\/flowplayer.swf\"  width=\"400\"  height=\"30\"> <param name=\"movie\" value='https:\/\/www.wwwagner.tv\/wp-content\/plugins\/wphtml5player\/inc\/flowplayer.swf' \/><param name=\"allowfullscreen\" value='false' \/><param name=\"cachebusting\" value='true' \/><param name=\"bgcolor\" value='#000000' \/><param name=\"flashvars\" value='config={\"plugins\":{\"controls\":{\"height\":30,\"autoHide\":false,\"fullscreen\":false}},\"clip\":{\"autoPlay\":false,\"url\":\"http:\\\/\\\/download.radioeins.de\\\/mp3\\\/medienmagazin\\\/mm20121006_1.mp3\"},\"playlist\":[{\"autoPlay\":false,\"url\":\"http:\\\/\\\/download.radioeins.de\\\/mp3\\\/medienmagazin\\\/mm20121006_1.mp3\"}],\"play\":{\"opacity\":0}}' \/>  No audio playback capabilities, please download the audio below<br \/><strong>Download Audio:<\/strong> Closed Format: <a href=\"http:\/\/download.radioeins.de\/mp3\/medienmagazin\/mm20121006_1.mp3\">MP3<\/a> <\/object> <!-- Generated by HTML5 Multimedia Framework (http:\/\/code.google.com\/p\/html5videoplayer) --> <\/audio>  <br \/>\n<a href=\"http:\/\/download.radioeins.de\/mp3\/medienmagazin\/mm20121006_1.mp3\" target=\"_blank\">Download<\/a><span style=\"color: #888888;\"> (verlinkte Audio-Quelle: rbb, radioeins)<\/span><\/p>\n<div style=\"height:10px;\"><\/div>\n<p>Vgl.:<br \/>\n* <a href=\"http:\/\/www.dapd.de\/de\/presse\/pressemitteilungen\/PM_spotonnews.html\" target=\"_blank\">dapd-Gruppe startet Nachrichtenagentur f\u00fcr Unterhaltung<\/a>, PM dapd, 24.09.2012<br \/>\n* <a href=\"http:\/\/www.dapd.de\/de\/presse\/pressemitteilungen\/PM_0210_HS_insolvenz.html\" target=\"_blank\">Gesellschaften des dapd-Nachrichtenagenturbereichs melden Insolvenz &#8230; <\/a>, PM dpad, 02.10.2012<br \/>\n* <a href=\"http:\/\/www.dapd.de\/de\/presse\/pressemitteilungen\/PM_insolvenz.html\" target=\"_blank\">Berliner dapd nachrichtenagentur und dapd nachrichten melden &#8230; <\/a>, PM dpad, 02.10.2012<\/p>\n<div style=\"height:60px;\"><\/div>\n<p><span style=\"color: #FFA500;\"><FONT SIZE=\"4\"><em>2. Nachrichtenagentur dapd meldete Insolvenz an (2)<\/em><\/FONT><\/span><br \/>\n<a href=\"http:\/\/www.wwwagner.tv\/wp-content\/uploads\/20120619_eumann_marc_jan_300.jpg\"><img loading=\"lazy\" decoding=\"async\" src=\"http:\/\/www.wwwagner.tv\/wp-content\/uploads\/20120619_eumann_marc_jan_300.jpg\" alt=\"\" title=\"20120619_eumann_marc_jan_300\" width=\"300\" height=\"200\" class=\"alignright size-full wp-image-17187\" \/><\/a><br \/>\n<em>&#8222;Nachrichtenagenturen sind das Wasserwerk der Demokratie.&#8220;<\/em><\/p>\n<div style=\"height:160px;\"><\/div>\n<p>Telefoninterview mit Dr. <a href=\"http:\/\/www.eumann.de\/\" target=\"_blank\">Marc Jan Eumann<\/a>, Staatssekret\u00e4r bei der Ministerin f\u00fcr Bundesangelegenheiten, Europa und Medien NRW; Vorsitzender der Medienkommission beim SPD-Parteivorstand, Berlin und Autor des Essays <a href=\"http:\/\/www.vorwaertsbuchverlag.de\/buecher\/journalismus-am-abgrund\" target=\"_blank\">&#8222;Journalismus am Abgrund &#8211; wie bleibt Qualit\u00e4t finanzierbar?&#8220;<\/a><\/p>\n<div style=\"height:10px;\"><\/div>\n<p> <audio   controls > <source src=\"http:\/\/download.radioeins.de\/mp3\/medienmagazin\/mm20121006_2.mp3\" type='audio\/mpeg' \/> <object   type=\"application\/x-shockwave-flash\"  data=\"https:\/\/www.wwwagner.tv\/wp-content\/plugins\/wphtml5player\/inc\/flowplayer.swf\"  width=\"400\"  height=\"30\"> <param name=\"movie\" value='https:\/\/www.wwwagner.tv\/wp-content\/plugins\/wphtml5player\/inc\/flowplayer.swf' \/><param name=\"allowfullscreen\" value='false' \/><param name=\"cachebusting\" value='true' \/><param name=\"bgcolor\" value='#000000' \/><param name=\"flashvars\" value='config={\"plugins\":{\"controls\":{\"height\":30,\"autoHide\":false,\"fullscreen\":false}},\"clip\":{\"autoPlay\":false,\"url\":\"http:\\\/\\\/download.radioeins.de\\\/mp3\\\/medienmagazin\\\/mm20121006_2.mp3\"},\"playlist\":[{\"autoPlay\":false,\"url\":\"http:\\\/\\\/download.radioeins.de\\\/mp3\\\/medienmagazin\\\/mm20121006_2.mp3\"}],\"play\":{\"opacity\":0}}' \/>  No audio playback capabilities, please download the audio below<br \/><strong>Download Audio:<\/strong> Closed Format: <a href=\"http:\/\/download.radioeins.de\/mp3\/medienmagazin\/mm20121006_2.mp3\">MP3<\/a> <\/object> <!-- Generated by HTML5 Multimedia Framework (http:\/\/code.google.com\/p\/html5videoplayer) --> <\/audio>  <br \/>\n<a href=\"http:\/\/download.radioeins.de\/mp3\/medienmagazin\/mm20121006_2.mp3\" target=\"_blank\">Download<\/a><span style=\"color: #888888;\"> (verlinkte Audio-Quelle: rbb, radioeins)<\/span><\/p>\n<div style=\"height:60px;\"><\/div>\n<p><span style=\"color: #FFA500;\"><FONT SIZE=\"4\"><em>3. Erster Ostdeutscher Journalistentag<\/em><\/FONT><\/span><br \/>\n<a href=\"http:\/\/www.wwwagner.tv\/wp-content\/uploads\/20121006_lammel_bernd_300.jpg\"><img loading=\"lazy\" decoding=\"async\" src=\"http:\/\/www.wwwagner.tv\/wp-content\/uploads\/20121006_lammel_bernd_300.jpg\" alt=\"\" title=\"20121006_lammel_bernd_300\" width=\"300\" height=\"200\" class=\"alignright size-full wp-image-17188\" \/><\/a><br \/>\n<em>&#8222;Insolvenz hei\u00dft ja nicht Ende. Sondern, das ist eine Chance.&#8220;<\/em><\/p>\n<div style=\"height:160px;\"><\/div>\n<p>Interview mit Bernd Lammel, Vorsitzender DJV Berlin am Rande der Veranstaltungen des <a href=\"http:\/\/www.odjt.de\/nc\/startseite\/\" target=\"_blank\">1. Ostdeutschen Journalistentages<\/a> im Haus des Rundfunks, rbb<\/p>\n<div style=\"height:10px;\"><\/div>\n<p> <audio   controls > <source src=\"http:\/\/download.radioeins.de\/mp3\/medienmagazin\/mm20121006_3.mp3\" type='audio\/mpeg' \/> <object   type=\"application\/x-shockwave-flash\"  data=\"https:\/\/www.wwwagner.tv\/wp-content\/plugins\/wphtml5player\/inc\/flowplayer.swf\"  width=\"400\"  height=\"30\"> <param name=\"movie\" value='https:\/\/www.wwwagner.tv\/wp-content\/plugins\/wphtml5player\/inc\/flowplayer.swf' \/><param name=\"allowfullscreen\" value='false' \/><param name=\"cachebusting\" value='true' \/><param name=\"bgcolor\" value='#000000' \/><param name=\"flashvars\" value='config={\"plugins\":{\"controls\":{\"height\":30,\"autoHide\":false,\"fullscreen\":false}},\"clip\":{\"autoPlay\":false,\"url\":\"http:\\\/\\\/download.radioeins.de\\\/mp3\\\/medienmagazin\\\/mm20121006_3.mp3\"},\"playlist\":[{\"autoPlay\":false,\"url\":\"http:\\\/\\\/download.radioeins.de\\\/mp3\\\/medienmagazin\\\/mm20121006_3.mp3\"}],\"play\":{\"opacity\":0}}' \/>  No audio playback capabilities, please download the audio below<br \/><strong>Download Audio:<\/strong> Closed Format: <a href=\"http:\/\/download.radioeins.de\/mp3\/medienmagazin\/mm20121006_3.mp3\">MP3<\/a> <\/object> <!-- Generated by HTML5 Multimedia Framework (http:\/\/code.google.com\/p\/html5videoplayer) --> <\/audio>  <br \/>\n<a href=\"http:\/\/download.radioeins.de\/mp3\/medienmagazin\/mm20121006_3.mp3\" target=\"_blank\">Download<\/a><span style=\"color: #888888;\"> (verlinkte Audio-Quelle: rbb, radioeins)<\/span><\/p>\n<div style=\"height:10px;\"><\/div>\n<p>Vgl.:<br \/>\n* <a href=\"http:\/\/www.djv.de\/startseite\/infos\/beruf-betrieb\/zeitungen-zeitschriften-agenturen\/nachrichtenagenturen\/dapd-insolvenz.html\" target=\"_blank\">An die Mitarbeiterinnen und Mitarbeiter der dapd<\/a>, DJV Berlin<\/p>\n<div style=\"height:60px;\"><\/div>\n<p><span style=\"color: #FFA500;\"><FONT SIZE=\"4\"><em>4. Neustart von &#8222;Wetten, dass &#8230;?&#8220;<\/em><\/FONT><\/span><br \/>\n<a href=\"http:\/\/www.wwwagner.tv\/wp-content\/uploads\/20121006_fiene_daniel_lanz_markus_300.jpg\"><img loading=\"lazy\" decoding=\"async\" src=\"http:\/\/www.wwwagner.tv\/wp-content\/uploads\/20121006_fiene_daniel_lanz_markus_300.jpg\" alt=\"\" title=\"20121006_fiene_daniel_lanz_markus_300\" width=\"300\" height=\"200\" class=\"alignright size-full wp-image-17231\" \/><\/a><br \/>\n<em>&#8222;Das hie\u00df dann damals TED oder Teledialog.&#8220;<\/em><\/p>\n<div style=\"height:160px;\"><\/div>\n<p>Der Wetten-dass-Relaunch mit Markus Lanz versucht sich auch mit dem Einbinden von Social Media. Schalte nach D\u00fcsseldorf zu Daniel Fiene (Foto mit Markus Lanz) anderthalb Stunden vor der ZDF-Live-Sendung in D\u00fcsseldorf.<\/p>\n<div style=\"height:10px;\"><\/div>\n<p> <audio   controls > <source src=\"http:\/\/download.radioeins.de\/mp3\/medienmagazin\/mm20121006_4.mp3\" type='audio\/mpeg' \/> <object   type=\"application\/x-shockwave-flash\"  data=\"https:\/\/www.wwwagner.tv\/wp-content\/plugins\/wphtml5player\/inc\/flowplayer.swf\"  width=\"400\"  height=\"30\"> <param name=\"movie\" value='https:\/\/www.wwwagner.tv\/wp-content\/plugins\/wphtml5player\/inc\/flowplayer.swf' \/><param name=\"allowfullscreen\" value='false' \/><param name=\"cachebusting\" value='true' \/><param name=\"bgcolor\" value='#000000' \/><param name=\"flashvars\" value='config={\"plugins\":{\"controls\":{\"height\":30,\"autoHide\":false,\"fullscreen\":false}},\"clip\":{\"autoPlay\":false,\"url\":\"http:\\\/\\\/download.radioeins.de\\\/mp3\\\/medienmagazin\\\/mm20121006_4.mp3\"},\"playlist\":[{\"autoPlay\":false,\"url\":\"http:\\\/\\\/download.radioeins.de\\\/mp3\\\/medienmagazin\\\/mm20121006_4.mp3\"}],\"play\":{\"opacity\":0}}' \/>  No audio playback capabilities, please download the audio below<br \/><strong>Download Audio:<\/strong> Closed Format: <a href=\"http:\/\/download.radioeins.de\/mp3\/medienmagazin\/mm20121006_4.mp3\">MP3<\/a> <\/object> <!-- Generated by HTML5 Multimedia Framework (http:\/\/code.google.com\/p\/html5videoplayer) --> <\/audio>  <br \/>\n<a href=\"http:\/\/download.radioeins.de\/mp3\/medienmagazin\/mm20121006_4.mp3\" target=\"_blank\">Download<\/a><span style=\"color: #888888;\"> (verlinkte Audio-Quelle: rbb, radioeins)<\/span><\/p>\n<div style=\"height:70px;\"><\/div>\n<p><span style=\"color: #888888;\">(Fotos: \u00a9 ZDFneo; J\u00f6rg Wagner [2]; Daniel Fiene; Abbildung: radioeins)<\/span><\/p>\n<div style=\"height:20px;\"><\/div>\n<p><script type=\"text\/javascript\" src=\"https:\/\/apis.google.com\/js\/plusone.js\">\n  {lang: 'de'}\n<\/script><g:plusone><\/g:plusone><br \/>\n<script type=\"text\/javascript\" src=\"http:\/\/twittercounter.com\/embed\/?username=medienmagazin&#038;style=avatar\"><\/script><noscript><a href=\"http:\/\/twittercounter.com\/medienmagazin\">medienmagazin on Twitter Counter<\/a><\/noscript><\/p>\n","protected":false},"excerpt":{"rendered":"<p>Gesamt-PodCast No audio playback capabilities, please download the audio belowDownload Audio: Closed Format: MP3 Download (verlinkte Audio-Quelle: rbb, radioeins) 00:00 Intro Dirk Bach +++ 02:39 dapd (1) +++ 13:40 dapd (2) +++ 25:54 Erster Ostdeutscher Journalistentag +++ 31:22 Wetten, dass +++ 41:47 #r1MM 26.05.2012 dpa &#8211; dapd +++ 51:10 Astrologie INTRO: In memoriam: Dirk Bach [&hellip;]<\/p>\n","protected":false},"author":2,"featured_media":0,"comment_status":"open","ping_status":"open","sticky":false,"template":"","format":"standard","meta":{"_monsterinsights_skip_tracking":false,"_monsterinsights_sitenote_active":false,"_monsterinsights_sitenote_note":"","_monsterinsights_sitenote_category":0,"footnotes":""},"categories":[4],"tags":[376,269,106],"class_list":["post-17226","post","type-post","status-publish","format-standard","hentry","category-medienmagazin","tag-dapd","tag-djv","tag-wetten-dass"],"_links":{"self":[{"href":"https:\/\/www.wwwagner.tv\/index.php?rest_route=\/wp\/v2\/posts\/17226","targetHints":{"allow":["GET"]}}],"collection":[{"href":"https:\/\/www.wwwagner.tv\/index.php?rest_route=\/wp\/v2\/posts"}],"about":[{"href":"https:\/\/www.wwwagner.tv\/index.php?rest_route=\/wp\/v2\/types\/post"}],"author":[{"embeddable":true,"href":"https:\/\/www.wwwagner.tv\/index.php?rest_route=\/wp\/v2\/users\/2"}],"replies":[{"embeddable":true,"href":"https:\/\/www.wwwagner.tv\/index.php?rest_route=%2Fwp%2Fv2%2Fcomments&post=17226"}],"version-history":[{"count":19,"href":"https:\/\/www.wwwagner.tv\/index.php?rest_route=\/wp\/v2\/posts\/17226\/revisions"}],"predecessor-version":[{"id":17253,"href":"https:\/\/www.wwwagner.tv\/index.php?rest_route=\/wp\/v2\/posts\/17226\/revisions\/17253"}],"wp:attachment":[{"href":"https:\/\/www.wwwagner.tv\/index.php?rest_route=%2Fwp%2Fv2%2Fmedia&parent=17226"}],"wp:term":[{"taxonomy":"category","embeddable":true,"href":"https:\/\/www.wwwagner.tv\/index.php?rest_route=%2Fwp%2Fv2%2Fcategories&post=17226"},{"taxonomy":"post_tag","embeddable":true,"href":"https:\/\/www.wwwagner.tv\/index.php?rest_route=%2Fwp%2Fv2%2Ftags&post=17226"}],"curies":[{"name":"wp","href":"https:\/\/api.w.org\/{rel}","templated":true}]}}