{"id":17257,"date":"2012-10-10T01:26:08","date_gmt":"2012-10-10T00:26:08","guid":{"rendered":"http:\/\/www.wwwagner.tv\/?p=17257"},"modified":"2012-10-10T10:55:17","modified_gmt":"2012-10-10T09:55:17","slug":"internet-segen-oder-fluch","status":"publish","type":"post","link":"https:\/\/www.wwwagner.tv\/?p=17257","title":{"rendered":"&#8222;Internet &#8211; Segen oder Fluch&#8220;"},"content":{"rendered":"<div style=\"height:50px;\"><\/div>\n<p><span style=\"color: #FFA500;\"><FONT SIZE=\"4\"><em>Gebrauchsanweisung f\u00fcr Internetdiskussionen<\/em><\/FONT><\/span><\/p>\n<div style=\"height:10px;\"><\/div>\n<p><a href=\"http:\/\/www.wwwagner.tv\/wp-content\/uploads\/20121004_lobo_sascha_passig_kathrin_1_600.jpg\"><img loading=\"lazy\" decoding=\"async\" src=\"http:\/\/www.wwwagner.tv\/wp-content\/uploads\/20121004_lobo_sascha_passig_kathrin_1_600.jpg\" alt=\"\" title=\"20121004_lobo_sascha_passig_kathrin_1_600\" width=\"600\" height=\"406\" class=\"alignright size-full wp-image-17258\" srcset=\"https:\/\/www.wwwagner.tv\/wp-content\/uploads\/20121004_lobo_sascha_passig_kathrin_1_600.jpg 600w, https:\/\/www.wwwagner.tv\/wp-content\/uploads\/20121004_lobo_sascha_passig_kathrin_1_600-300x203.jpg 300w\" sizes=\"auto, (max-width: 600px) 100vw, 600px\" \/><\/a><br \/>\n<span style=\"color: #888888;\">Sascha Lobo &#8211; Kathrin Passig<\/span><\/p>\n<div style=\"height:10px;\"><\/div>\n<p><a href=\"http:\/\/www.wwwagner.tv\/wp-content\/uploads\/lobopassigbuch1.jpg\"><img loading=\"lazy\" decoding=\"async\" src=\"http:\/\/www.wwwagner.tv\/wp-content\/uploads\/lobopassigbuch1.jpg\" alt=\"\" title=\"lobopassigbuch\" width=\"178\" height=\"263\" class=\"alignright size-full wp-image-17264\" \/><\/a><\/p>\n<div style=\"height:10px;\"><\/div>\n<p>Kurz vor der Frankfurter Buchmesse 2012 haben Kathrin Passig und Sascha Lobo das Internet grunds\u00e4tzlich hinterfragt. <\/p>\n<p>Vera Lin\u00df hatte wiederum Gelegenheit, grunds\u00e4tzlich das Buch mit den beiden Autoren zu hinterfragen. So lautet ihre erste Frage auch:<\/p>\n<p><em>&#8222;Es gibt schon so viele B\u00fccher \u00fcber das Internet, warum muss nun noch ein weiteres dazu kommen?&#8220;<\/em><\/p>\n<div style=\"height:10px;\"><\/div>\n <audio   controls > <source src=\"http:\/\/www.wwwagner.tv\/audio\/20121004_passig_kathrin_lobo_sascha_96.mp3\" type='audio\/mpeg' \/> <object   type=\"application\/x-shockwave-flash\"  data=\"https:\/\/www.wwwagner.tv\/wp-content\/plugins\/wphtml5player\/inc\/flowplayer.swf\"  width=\"400\"  height=\"30\"> <param name=\"movie\" value='https:\/\/www.wwwagner.tv\/wp-content\/plugins\/wphtml5player\/inc\/flowplayer.swf' \/><param name=\"allowfullscreen\" value='false' \/><param name=\"cachebusting\" value='true' \/><param name=\"bgcolor\" value='#000000' \/><param name=\"flashvars\" value='config={\"plugins\":{\"controls\":{\"height\":30,\"autoHide\":false,\"fullscreen\":false}},\"clip\":{\"autoPlay\":false,\"url\":\"http:\\\/\\\/www.wwwagner.tv\\\/audio\\\/20121004_passig_kathrin_lobo_sascha_96.mp3\"},\"playlist\":[{\"autoPlay\":false,\"url\":\"http:\\\/\\\/www.wwwagner.tv\\\/audio\\\/20121004_passig_kathrin_lobo_sascha_96.mp3\"}],\"play\":{\"opacity\":0}}' \/>  No audio playback capabilities, please download the audio below<br \/><strong>Download Audio:<\/strong> Closed Format: <a href=\"http:\/\/www.wwwagner.tv\/audio\/20121004_passig_kathrin_lobo_sascha_96.mp3\">MP3<\/a> <\/object> <!-- Generated by HTML5 Multimedia Framework (http:\/\/code.google.com\/p\/html5videoplayer) --> <\/audio>  \n<div style=\"height:10px;\"><\/div>\n<p><span style=\"color: #FFA500;\">Wer:<\/span> Sascha Lobo, Kathrin Passig (Foto), Vera Lin\u00df<br \/>\n<span style=\"color: #FFA500;\">Was:<\/span> Interview zum Buch &#8222;Internet &#8211; Segen oder Fluch&#8220;<br \/>\n<span style=\"color: #FFA500;\">Wo:<\/span> Berlin<br \/>\n<span style=\"color: #FFA500;\">Wann:<\/span> 04.10.2012<\/p>\n<p>+++<\/p>\n<p><span style=\"color: #FFA500;\">Titel:<\/span> <a href=\"http:\/\/www.rowohlt.de\/buch\/Sascha_Lobo_Internet_Segen_oder_Fluch.3007367.html\" target=\"_blank\">&#8222;Internet &#8211; Segen oder Fluch&#8220;<\/a><br \/>\n<span style=\"color: #FFA500;\">Autoren:<\/span> Kathrin Passig, Sascha Lobo<br \/>\n<span style=\"color: #FFA500;\">Verlag:<\/span> Rowohlt Berlin (05.10.2012)<br \/>\n320 Seiten, gebunden<br \/>\nISBN-10: 3871347558<br \/>\nISBN-13: 978-3871347559<br \/>\nAuch als Digitalbuch ohne DRM!<\/p>\n<div style=\"height:30px;\"><\/div>\n<p><a href=\"http:\/\/www.wwwagner.tv\/wp-content\/uploads\/20121004_lobo_sascha_passig_kathrin_2_300.jpg\"><img loading=\"lazy\" decoding=\"async\" src=\"http:\/\/www.wwwagner.tv\/wp-content\/uploads\/20121004_lobo_sascha_passig_kathrin_2_300.jpg\" alt=\"\" title=\"20121004_lobo_sascha_passig_kathrin_2_300\" width=\"300\" height=\"265\" class=\"alignright size-full wp-image-17261\" \/><\/a><\/p>\n<p><span style=\"color: #ffa500;\">Vera Lin\u00df:<\/span> Es gibt schon so viele B\u00fccher \u00fcber das Internet, warum muss nun noch ein weiteres dazu kommen?<\/p>\n<p><span style=\"color: #ffa500;\">Sascha Lobo:<\/span><span style=\"color: #c0c0c0;\"> &#8230; weil das Thema die Gesellschaft ganz intensiv besch\u00e4ftigt, m\u00fcssen noch mehr B\u00fccher zum Internet geschrieben werden. Und unseres &#8222;Segen oder Fluch&#8220; versucht die Debatte so ein bisschen sachlicher zu machen. Kathrin Passig und ich haben beobachtet, dass zwar sehr, sehr viel vom Internet geredet wird, aber nur wenig wirklich diskutiert. Und weil im Internet keine Naturgesetze gelten in dem Sinn, kann man mit einer Diskussion viel erreichen. \u00dcber die Schwerkraft kann man lange diskutieren und sie wird sich nicht \u00e4ndern. \u00dcber Zusammenh\u00e4nge in der digitalen Welt, wenn man da diskutiert, dann gibt es eine gute Chance, dass man da Einfluss drauf hat. Deswegen ist die Debatte so wichtig und dewegen ist es so schade, dass sie so hysterisch und so wenig sachlich gef\u00fchrt wird.<\/p>\n<p>(00:53)<br \/>\n<span style=\"color: #ffa500;\">Vera Lin\u00df:<\/span> Kann man wirklich sagen, dass die Debatte etwas bringt? Und was ihr in eurem Buch ja doch auch sehr deutlich zeigt, ist, dass viele Probleme schon seit 500 Jahren diskutiert werden. Nat\u00fcrlich immer an anderen Ph\u00e4nomenen arbeitet man sich daran ab, aber das Kernproblem ist ja immer dasselbe, also die Folgen von Technologien.<\/p>\n<p><span style=\"color: #ffa500;\">Sascha Lobo:<\/span><span style=\"color: #c0c0c0;\"> Nat\u00fcrlich bringt die Debatte etwas. Obwohl wir in dem Buch sehr deutlich sagen, dass ganz h\u00e4ufig schon diskutiert wurde. Aber genau daraus kann man etwas lernen. N\u00e4mlich die Fehler, die in der Vergangenheit h\u00e4ufig schon gemacht wurden, versuchen jetzt nicht zu machen. Einer der Fehler ist zum Beispiel, dass man, wenn man mit Metaphern arbeitet in der Diskussion, dass man da automatisch eine Bewertung mit rein bringt und automatisch schon eine Richtung festlegt in der Wahl der Metapher. Das ist bei Internetdiskussionen zum Beispiel h\u00e4ufig die Verkehrsmetapher. Und die hat Vorteile und Nachteile. Vor allem aber legt sie schon eine Richtung fest. Und sich da so ein bisschen von fern zu halten von den Fehlern, die schon ganz oft gemacht wurden, das bringt auf jeden Fall etwas. Und da k\u00f6nnte die Debatte auch besser werden. <\/p>\n<p>(01:54)<br \/>\n<span style=\"color: #ffa500;\">Vera Lin\u00df:<\/span> Einen gro\u00dfen Teil dieses Buches nimmt ja wirklich ein, auch Verst\u00e4ndnis f\u00fcr beide Seiten zu erwecken, ja. Ihr versucht schon deutlich zu machen, dass jeder gute Gr\u00fcnde hat, so skeptisch oder so optimistisch zu sein und jede Seite auch von eigenen Interessen getrieben ist. Und man fragt sich manchmal, wo steht ihr? Was ist euer Standpunkt dabei?<\/p>\n<p><span style=\"color: #ffa500;\">Kathrin Passig:<\/span><span style=\"color: #c0c0c0;\"> Das, glaube ich, wussten wir beide vor dem Schreiben wirklich genauer, als dann w\u00e4hrend der Recherche und hinterher. Das wird dann ein bisschen schwieriger, so klare Positionen zu vertreten. Aber man muss halt auch sagen, dass wir beide schon in den letzten Jahren ziemlich viel Zeit auf oft sehr unfruchtbaren Diskussionspodien zugebracht haben, wo es einfach nur drum geht, dass beide Seiten ja mehr oder weniger anderthalb Stunden lang &#8222;Nein! &#8211; Doch!&#8220; rufen und dann geht man wieder nach Hause.<\/p>\n<p><span style=\"color: #ffa500;\">Sascha Lobo:<\/span><span style=\"color: #c0c0c0;\"> Meine Haltung zur digitalen Welt insgesamt ist zwar noch eine optimistische und wahrscheinlich auch optimistischer, als die meisten Leute, aber inzwischen und durch das Buch wei\u00df ich, dass das eine sehr subjektive Position ist. Und dass es nicht so selbstverst\u00e4ndlich ist, dass dieser Optimismus von allen geteilt werden sollte. Und schlimmer noch: es gab viele Leute, die in vergangenen Jahren und Jahrhunderten \u00e4hnlich optimistisch waren und deren Hoffnungen haben sich sogar nicht erf\u00fcllt. Es gab Leute, die haben gesagt, das Maschinengewehr f\u00fchrt jetzt wirklich zur Abschaffung des Krieges, weil, welcher Soldat w\u00fcrde schon in so ein M\u00fcndungsfeuer rein laufen. Und \u00e4hnliche Prognosen haben sich immer wieder auf beiden Seiten nicht bewahrheitet. Insofern bin ich immer noch Optimist auf eine Art, aber habe sehr viel mehr Verst\u00e4ndnis f\u00fcr die Haltung der Skeptiker und habe vor allem mehr Verst\u00e4ndnis daf\u00fcr, dass meine Position eine \u00e4u\u00dferst relative ist.<\/p>\n<p><span style=\"color: #ffa500;\">Kathrin Passig:<\/span><span style=\"color: #c0c0c0;\"> Wobei man da, denke ich, unterscheiden muss zwischen den ganz gro\u00dfen Weltver\u00e4nderungsprognosen: &#8218;Untergang des Abendlandes&#8216; versus &#8218;Endlich tritt der Weltfrieden ein&#8216;, &#8218;Freiheit &#8211; Gleichheit &#8211; Br\u00fcderlichkeit&#8216; und &#8218;Meinungsfreiheit f\u00fcr alle&#8216;. Zwischen diesen Maximalbehauptungen und der Ansicht durch irgendeine technische Neuerung w\u00fcrde die Welt eventuell ein bisschen benutzerfreundlicher, ist ja ein weites Spektrum. Und man kann jetzt nicht alle optimistischen und alle skeptischen Prognosen da in einen Topf werfen.<\/p>\n<p>(&#8230;)<\/p>\n<div style=\"height:100px;\"><\/div>\n<p><span style=\"color: #888888;\">(Fotos \u00a9 Vera Lin\u00df, Abb.: Rowohlt)<\/span><\/p>\n<div style=\"height:20px;\"><\/div>\n<p><script type=\"text\/javascript\" src=\"https:\/\/apis.google.com\/js\/plusone.js\">\n  {lang: 'de'}\n<\/script><g:plusone><\/g:plusone><br \/>\n<script type=\"text\/javascript\" src=\"http:\/\/twittercounter.com\/embed\/?username=medienmagazin&#038;style=avatar\"><\/script><noscript><a href=\"http:\/\/twittercounter.com\/medienmagazin\">medienmagazin on Twitter Counter<\/a><\/noscript><\/p>\n","protected":false},"excerpt":{"rendered":"<p>Gebrauchsanweisung f\u00fcr Internetdiskussionen Sascha Lobo &#8211; Kathrin Passig Kurz vor der Frankfurter Buchmesse 2012 haben Kathrin Passig und Sascha Lobo das Internet grunds\u00e4tzlich hinterfragt. Vera Lin\u00df hatte wiederum Gelegenheit, grunds\u00e4tzlich das Buch mit den beiden Autoren zu hinterfragen. So lautet ihre erste Frage auch: &#8222;Es gibt schon so viele B\u00fccher \u00fcber das Internet, warum muss [&hellip;]<\/p>\n","protected":false},"author":2,"featured_media":0,"comment_status":"open","ping_status":"open","sticky":false,"template":"","format":"standard","meta":{"_monsterinsights_skip_tracking":false,"_monsterinsights_sitenote_active":false,"_monsterinsights_sitenote_note":"","_monsterinsights_sitenote_category":0,"footnotes":""},"categories":[17],"tags":[68,168],"class_list":["post-17257","post","type-post","status-publish","format-standard","hentry","category-aktuell","tag-internet","tag-sascha-lobo"],"_links":{"self":[{"href":"https:\/\/www.wwwagner.tv\/index.php?rest_route=\/wp\/v2\/posts\/17257","targetHints":{"allow":["GET"]}}],"collection":[{"href":"https:\/\/www.wwwagner.tv\/index.php?rest_route=\/wp\/v2\/posts"}],"about":[{"href":"https:\/\/www.wwwagner.tv\/index.php?rest_route=\/wp\/v2\/types\/post"}],"author":[{"embeddable":true,"href":"https:\/\/www.wwwagner.tv\/index.php?rest_route=\/wp\/v2\/users\/2"}],"replies":[{"embeddable":true,"href":"https:\/\/www.wwwagner.tv\/index.php?rest_route=%2Fwp%2Fv2%2Fcomments&post=17257"}],"version-history":[{"count":76,"href":"https:\/\/www.wwwagner.tv\/index.php?rest_route=\/wp\/v2\/posts\/17257\/revisions"}],"predecessor-version":[{"id":17338,"href":"https:\/\/www.wwwagner.tv\/index.php?rest_route=\/wp\/v2\/posts\/17257\/revisions\/17338"}],"wp:attachment":[{"href":"https:\/\/www.wwwagner.tv\/index.php?rest_route=%2Fwp%2Fv2%2Fmedia&parent=17257"}],"wp:term":[{"taxonomy":"category","embeddable":true,"href":"https:\/\/www.wwwagner.tv\/index.php?rest_route=%2Fwp%2Fv2%2Fcategories&post=17257"},{"taxonomy":"post_tag","embeddable":true,"href":"https:\/\/www.wwwagner.tv\/index.php?rest_route=%2Fwp%2Fv2%2Ftags&post=17257"}],"curies":[{"name":"wp","href":"https:\/\/api.w.org\/{rel}","templated":true}]}}