{"id":17469,"date":"2012-10-19T13:33:03","date_gmt":"2012-10-19T12:33:03","guid":{"rendered":"http:\/\/www.wwwagner.tv\/?p=17469"},"modified":"2019-08-29T23:54:12","modified_gmt":"2019-08-29T21:54:12","slug":"von-hammerstein-adrian","status":"publish","type":"post","link":"https:\/\/www.wwwagner.tv\/?p=17469","title":{"rendered":"von Hammerstein, Adrian"},"content":{"rendered":"<figure id=\"attachment_17470\" aria-describedby=\"caption-attachment-17470\" style=\"width: 600px\" class=\"wp-caption alignnone\"><a href=\"http:\/\/www.wwwagner.tv\/wp-content\/uploads\/20121019_von_hammerstein_adrian_2_600.jpg\"><img loading=\"lazy\" decoding=\"async\" src=\"http:\/\/www.wwwagner.tv\/wp-content\/uploads\/20121019_von_hammerstein_adrian_2_600.jpg\" alt=\"Adrian von Hammerstein | Foto: \u00a9 J\u00f6rg Wagner\" width=\"600\" height=\"331\" class=\"size-full wp-image-17470\" srcset=\"https:\/\/www.wwwagner.tv\/wp-content\/uploads\/20121019_von_hammerstein_adrian_2_600.jpg 600w, https:\/\/www.wwwagner.tv\/wp-content\/uploads\/20121019_von_hammerstein_adrian_2_600-300x165.jpg 300w\" sizes=\"auto, (max-width: 600px) 100vw, 600px\" \/><\/a><figcaption id=\"caption-attachment-17470\" class=\"wp-caption-text\">Adrian von Hammerstein | Foto: \u00a9 J\u00f6rg Wagner<\/figcaption><\/figure>\n<div style=\"height:10px;\"><\/div>\n<blockquote><p><em>&#8222;Die mobile Datennutzung explodiert.&#8220;<\/em><\/p><\/blockquote>\n<div style=\"height:10px;\"><\/div>\n<p><u>Was<\/u>: Interview anl\u00e4sslich des Starts von <a href=\"http:\/\/www.mabb.de\/publicwifi.html\" target=\"_blank\" rel=\"noopener noreferrer\">free public wifi berlin<\/a> als Pilotprojekt<br \/>\n<u>Wer<\/u>: Dr. Adrian von Hammerstein, Vorstandsvorsitzender Kabel Deutschland<br \/>\n<u>Wo<\/u>: Berlin, Medienanstalt Berlin-Brandenburg, mabb<br \/>\n<u>Wann<\/u>: 19.10.2012, 12:05<\/p>\n<p><u>Vgl<\/u>.: <a href=\"http:\/\/www.wwwagner.tv\/documents\/121019 Standorte PUBLIC WIFI BERLIN_Launch Oktober.pdf\" target=\"_blank\" rel=\"noopener noreferrer\">genaue Standorte als PDF<\/a> (Stand: Oktober 2012) <\/p>\n<div style=\"height:30px;\"><\/div>\n<div class=\"BorlabsCookie\"><div class=\"_brlbs-content-blocker\"> <div class=\"_brlbs-embed _brlbs-video-youtube\"> <img class=\"_brlbs-thumbnail\" src=\"https:\/\/www.wwwagner.tv\/wp-content\/plugins\/borlabs-cookie\/images\/cb-no-thumbnail.png\" alt=\"YouTube\"> <div class=\"_brlbs-caption\"> <p>Mit dem Laden des Videos akzeptieren Sie die Datenschutzerkl\u00e4rung von YouTube.<br><a href=\"https:\/\/policies.google.com\/privacy\" target=\"_blank\" rel=\"nofollow noopener noreferrer\">Mehr erfahren<\/a><\/p> <p><a class=\"_brlbs-btn _brlbs-icon-play-white\" href=\"#\" data-borlabs-cookie-unblock role=\"button\">Video laden<\/a><\/p> <p><label><input type=\"checkbox\" name=\"unblockAll\" value=\"1\" checked> <small>YouTube immer entsperren<\/small><\/label><\/p> <\/div> <\/div> <\/div><div class=\"borlabs-hide\" data-borlabs-cookie-type=\"content-blocker\" data-borlabs-cookie-id=\"youtube\"><script type=\"text\/template\">PHA+PGlmcmFtZSBsb2FkaW5nPSJsYXp5IiB3aWR0aD0iNDAwIiBoZWlnaHQ9IjIyNSIgc3JjPSJodHRwczovL3d3dy55b3V0dWJlLW5vY29va2llLmNvbS9lbWJlZC9oRkowek1UbnF3QSIgZnJhbWVib3JkZXI9IjAiIGFsbG93ZnVsbHNjcmVlbj48L2lmcmFtZT48L3A+<\/script><\/div><\/div>\n<blockquote><p><em>&#8222;F\u00fcr Liberty Media kann ich nicht sprechen. Wir sind eine b\u00f6rsennotierte Gesellschaft und im Rahmen des kartellrechtlich M\u00f6glichen kann jeder an der Frankfurter B\u00f6rse Aktien erwerben.&#8220;<\/em><\/p><\/blockquote>\n<div style=\"height:30px;\"><\/div>\n<p>PS: Ja, und es hei\u00dft wohl richtig wai-fai und nicht wai-fie, wie meine erste Frage unterstellt \ud83d\ude09 Wi-FI ist ein Kunstwort und entspricht dem in Deutschland gel\u00e4ufigeren WLAN.<\/p>\n<div style=\"height:10px;\"><\/div>\n<hr \/>\n<div style=\"height: 5px;\"><\/div>\n<p><html><br \/>\n     <head><\/p>\n<style type=\"text\/css\">\n       body {\n                     background: #DADADA;\n       }\n      <\/style>\n<p>     <\/head><br \/>\n     <body><br \/>\n<\/body><br \/>\n    <\/html><br \/>\n<script src=\"https:\/\/apis.google.com\/js\/plusone.js\" type=\"text\/javascript\">\/\/ < ![CDATA[ {lang: 'de'} \/\/ ]]><\/script><br \/>\n<script src=\"http:\/\/twittercounter.com\/embed\/?username=medienmagazin&amp;style=avatar\" type=\"text\/javascript\"><\/script><\/p>\n<p><noscript><a href=\"http:\/\/twittercounter.com\/medienmagazin\">medienmagazin on Twitter Counter<\/a><\/noscript><\/p>\n","protected":false},"excerpt":{"rendered":"<p>&#8222;Die mobile Datennutzung explodiert.&#8220; Was: Interview anl\u00e4sslich des Starts von free public wifi berlin als Pilotprojekt Wer: Dr. Adrian von Hammerstein, Vorstandsvorsitzender Kabel Deutschland Wo: Berlin, Medienanstalt Berlin-Brandenburg, mabb Wann: 19.10.2012, 12:05 Vgl.: genaue Standorte als PDF (Stand: Oktober 2012) Mit dem Laden des Videos akzeptieren Sie die Datenschutzerkl\u00e4rung von YouTube.Mehr erfahren Video laden YouTube [&hellip;]<\/p>\n","protected":false},"author":2,"featured_media":0,"comment_status":"open","ping_status":"open","sticky":false,"template":"","format":"standard","meta":{"_monsterinsights_skip_tracking":false,"_monsterinsights_sitenote_active":false,"_monsterinsights_sitenote_note":"","_monsterinsights_sitenote_category":0,"footnotes":""},"categories":[114,137],"tags":[392,409],"class_list":["post-17469","post","type-post","status-publish","format-standard","hentry","category-a-z","category-v","tag-kabel-deutschland","tag-wlan"],"_links":{"self":[{"href":"https:\/\/www.wwwagner.tv\/index.php?rest_route=\/wp\/v2\/posts\/17469","targetHints":{"allow":["GET"]}}],"collection":[{"href":"https:\/\/www.wwwagner.tv\/index.php?rest_route=\/wp\/v2\/posts"}],"about":[{"href":"https:\/\/www.wwwagner.tv\/index.php?rest_route=\/wp\/v2\/types\/post"}],"author":[{"embeddable":true,"href":"https:\/\/www.wwwagner.tv\/index.php?rest_route=\/wp\/v2\/users\/2"}],"replies":[{"embeddable":true,"href":"https:\/\/www.wwwagner.tv\/index.php?rest_route=%2Fwp%2Fv2%2Fcomments&post=17469"}],"version-history":[{"count":25,"href":"https:\/\/www.wwwagner.tv\/index.php?rest_route=\/wp\/v2\/posts\/17469\/revisions"}],"predecessor-version":[{"id":44236,"href":"https:\/\/www.wwwagner.tv\/index.php?rest_route=\/wp\/v2\/posts\/17469\/revisions\/44236"}],"wp:attachment":[{"href":"https:\/\/www.wwwagner.tv\/index.php?rest_route=%2Fwp%2Fv2%2Fmedia&parent=17469"}],"wp:term":[{"taxonomy":"category","embeddable":true,"href":"https:\/\/www.wwwagner.tv\/index.php?rest_route=%2Fwp%2Fv2%2Fcategories&post=17469"},{"taxonomy":"post_tag","embeddable":true,"href":"https:\/\/www.wwwagner.tv\/index.php?rest_route=%2Fwp%2Fv2%2Ftags&post=17469"}],"curies":[{"name":"wp","href":"https:\/\/api.w.org\/{rel}","templated":true}]}}