{"id":17912,"date":"2012-11-07T06:07:42","date_gmt":"2012-11-07T05:07:42","guid":{"rendered":"http:\/\/www.wwwagner.tv\/?p=17912"},"modified":"2019-08-29T23:43:50","modified_gmt":"2019-08-29T21:43:50","slug":"was-sagt-das-netz","status":"publish","type":"post","link":"https:\/\/www.wwwagner.tv\/?p=17912","title":{"rendered":"Was sagt das Netz?"},"content":{"rendered":"<h4>Die schlimmste Frage der Welt.<\/h4>\n<div style=\"height:10px;\"><\/div>\n<p><figure id=\"attachment_44225\" aria-describedby=\"caption-attachment-44225\" style=\"width: 1100px\" class=\"wp-caption alignnone\"><a href=\"http:\/\/www.wwwagner.tv\/wp-content\/uploads\/20121106_IMG_9314_5184-x-3456.jpg\"><img loading=\"lazy\" decoding=\"async\" src=\"http:\/\/www.wwwagner.tv\/wp-content\/uploads\/20121106_IMG_9314_5184-x-3456.jpg\" alt=\"\" width=\"1100\" height=\"733\" class=\"size-full wp-image-44225\" srcset=\"https:\/\/www.wwwagner.tv\/wp-content\/uploads\/20121106_IMG_9314_5184-x-3456.jpg 1100w, https:\/\/www.wwwagner.tv\/wp-content\/uploads\/20121106_IMG_9314_5184-x-3456-300x200.jpg 300w, https:\/\/www.wwwagner.tv\/wp-content\/uploads\/20121106_IMG_9314_5184-x-3456-768x512.jpg 768w, https:\/\/www.wwwagner.tv\/wp-content\/uploads\/20121106_IMG_9314_5184-x-3456-1024x682.jpg 1024w\" sizes=\"auto, (max-width: 1100px) 100vw, 1100px\" \/><\/a><figcaption id=\"caption-attachment-44225\" class=\"wp-caption-text\">Sascha Lobo | Foto: \u00a9 J\u00f6rg Wagner<\/figcaption><\/figure><br \/>\n<span style=\"font-size: 11pt; font-family: tahoma,arial,helvetica,sans-serif;\"><br \/>\nDas ZDF bediente bei der US-Wahl-Nacht den First und Second Screen u. a. mit den &#8222;Netzbeobachtern&#8220; Sonja Sch\u00fcnemann (nicht im Bild), Sascha Lobo, Markus Beckedahl und Jeannine Michaelsen. Die Diskussion noch im Ohr um den f\u00fcr die ARD agierenden <a href=\"http:\/\/bit.ly\/TZR1Z7\" target=\"_blank\" rel=\"noopener noreferrer\">Richard Gutjahr<\/a> versuchte ich mich bei der ZDF-Wahlparty dem Ph\u00e4nomen der f\u00fcrs Fernsehen angeheuerten Insnetzgucker zu n\u00e4hern.<\/span><\/p>\n<div style=\"height:10px;\"><\/div>\n<p><a href=\"http:\/\/www.wwwagner.tv\/wp-content\/uploads\/20121106_lobo_sascha_400.jpg\"><img loading=\"lazy\" decoding=\"async\" src=\"http:\/\/www.wwwagner.tv\/wp-content\/uploads\/20121106_lobo_sascha_400.jpg\" alt=\"\" title=\"20121106_lobo_sascha_400\" width=\"400\" height=\"238\" class=\"alignnone size-full wp-image-17923\" srcset=\"https:\/\/www.wwwagner.tv\/wp-content\/uploads\/20121106_lobo_sascha_400.jpg 400w, https:\/\/www.wwwagner.tv\/wp-content\/uploads\/20121106_lobo_sascha_400-300x178.jpg 300w\" sizes=\"auto, (max-width: 400px) 100vw, 400px\" \/><\/a><\/p>\n<div style=\"height:10px;\"><\/div>\n<blockquote><p><em>&#8222;Es ist vollkommen klar, dass hier Profis am Werk sind&#8220;<\/em><\/p><\/blockquote>\n <audio   controls > <source src=\"http:\/\/www.wwwagner.tv\/audio\/20121106_lobo_sascha_128.mp3\" type='audio\/mpeg' \/> <object   type=\"application\/x-shockwave-flash\"  data=\"https:\/\/www.wwwagner.tv\/wp-content\/plugins\/wphtml5player\/inc\/flowplayer.swf\"  width=\"400\"  height=\"30\"> <param name=\"movie\" value='https:\/\/www.wwwagner.tv\/wp-content\/plugins\/wphtml5player\/inc\/flowplayer.swf' \/><param name=\"allowfullscreen\" value='false' \/><param name=\"cachebusting\" value='true' \/><param name=\"bgcolor\" value='#000000' \/><param name=\"flashvars\" value='config={\"plugins\":{\"controls\":{\"height\":30,\"autoHide\":false,\"fullscreen\":false}},\"clip\":{\"autoPlay\":false,\"url\":\"http:\\\/\\\/www.wwwagner.tv\\\/audio\\\/20121106_lobo_sascha_128.mp3\"},\"playlist\":[{\"autoPlay\":false,\"url\":\"http:\\\/\\\/www.wwwagner.tv\\\/audio\\\/20121106_lobo_sascha_128.mp3\"}],\"play\":{\"opacity\":0}}' \/>  No audio playback capabilities, please download the audio below<br \/><strong>Download Audio:<\/strong> Closed Format: <a href=\"http:\/\/www.wwwagner.tv\/audio\/20121106_lobo_sascha_128.mp3\">MP3<\/a> <\/object> <!-- Generated by HTML5 Multimedia Framework (http:\/\/code.google.com\/p\/html5videoplayer) --> <\/audio>  \n<div style=\"height:10px;\"><\/div>\n<p><u>Wer<\/u>: Sascha Lobo, Autor, Blogger, Microblogger und Strategieberater<br \/>\n<u>Was<\/u>: Interview zur Netzbeobachtung<br \/>\n<u>Wo<\/u>: Berlin, Hauptstadtrepr\u00e4sentanz Deutsche Telekom<br \/>\n<u>Wann<\/u>: 06.11.2012<\/p>\n<div style=\"height:10px;\"><\/div>\n<div class=\"BorlabsCookie\"><div class=\"_brlbs-content-blocker\"> <div class=\"_brlbs-embed _brlbs-video-youtube\"> <img class=\"_brlbs-thumbnail\" src=\"https:\/\/www.wwwagner.tv\/wp-content\/plugins\/borlabs-cookie\/images\/cb-no-thumbnail.png\" alt=\"YouTube\"> <div class=\"_brlbs-caption\"> <p>Mit dem Laden des Videos akzeptieren Sie die Datenschutzerkl\u00e4rung von YouTube.<br><a href=\"https:\/\/policies.google.com\/privacy\" target=\"_blank\" rel=\"nofollow noopener noreferrer\">Mehr erfahren<\/a><\/p> <p><a class=\"_brlbs-btn _brlbs-icon-play-white\" href=\"#\" data-borlabs-cookie-unblock role=\"button\">Video laden<\/a><\/p> <p><label><input type=\"checkbox\" name=\"unblockAll\" value=\"1\" checked> <small>YouTube immer entsperren<\/small><\/label><\/p> <\/div> <\/div> <\/div><div class=\"borlabs-hide\" data-borlabs-cookie-type=\"content-blocker\" data-borlabs-cookie-id=\"youtube\"><script type=\"text\/template\">PHA+PGlmcmFtZSBsb2FkaW5nPSJsYXp5IiB3aWR0aD0iNDAwIiBoZWlnaHQ9IjIyNSIgc3JjPSJodHRwczovL3d3dy55b3V0dWJlLW5vY29va2llLmNvbS9lbWJlZC9vR21rQUFwRWZUcyIgZnJhbWVib3JkZXI9IjAiIGFsbG93ZnVsbHNjcmVlbj48L2lmcmFtZT48L3A+<\/script><\/div><\/div>\n<div style=\"height:20px;\"><\/div>\n<p><a href=\"http:\/\/www.wwwagner.tv\/wp-content\/uploads\/20121107_beckedahl_markus_400.jpg\"><img loading=\"lazy\" decoding=\"async\" src=\"http:\/\/www.wwwagner.tv\/wp-content\/uploads\/20121107_beckedahl_markus_400.jpg\" alt=\"\" title=\"20121107_beckedahl_markus_400\" width=\"400\" height=\"240\" class=\"alignnone size-full wp-image-17916\" srcset=\"https:\/\/www.wwwagner.tv\/wp-content\/uploads\/20121107_beckedahl_markus_400.jpg 400w, https:\/\/www.wwwagner.tv\/wp-content\/uploads\/20121107_beckedahl_markus_400-300x180.jpg 300w\" sizes=\"auto, (max-width: 400px) 100vw, 400px\" \/><\/a><\/p>\n<div style=\"height:10px;\"><\/div>\n<blockquote><p><em>&#8222;Das ist echt &#8217;ne Bananenrepublik&#8220;<\/em><\/p><\/blockquote>\n <audio   controls > <source src=\"http:\/\/www.wwwagner.tv\/audio\/20121107_beckedahl_markus_128.mp3\" type='audio\/mpeg' \/> <object   type=\"application\/x-shockwave-flash\"  data=\"https:\/\/www.wwwagner.tv\/wp-content\/plugins\/wphtml5player\/inc\/flowplayer.swf\"  width=\"400\"  height=\"30\"> <param name=\"movie\" value='https:\/\/www.wwwagner.tv\/wp-content\/plugins\/wphtml5player\/inc\/flowplayer.swf' \/><param name=\"allowfullscreen\" value='false' \/><param name=\"cachebusting\" value='true' \/><param name=\"bgcolor\" value='#000000' \/><param name=\"flashvars\" value='config={\"plugins\":{\"controls\":{\"height\":30,\"autoHide\":false,\"fullscreen\":false}},\"clip\":{\"autoPlay\":false,\"url\":\"http:\\\/\\\/www.wwwagner.tv\\\/audio\\\/20121107_beckedahl_markus_128.mp3\"},\"playlist\":[{\"autoPlay\":false,\"url\":\"http:\\\/\\\/www.wwwagner.tv\\\/audio\\\/20121107_beckedahl_markus_128.mp3\"}],\"play\":{\"opacity\":0}}' \/>  No audio playback capabilities, please download the audio below<br \/><strong>Download Audio:<\/strong> Closed Format: <a href=\"http:\/\/www.wwwagner.tv\/audio\/20121107_beckedahl_markus_128.mp3\">MP3<\/a> <\/object> <!-- Generated by HTML5 Multimedia Framework (http:\/\/code.google.com\/p\/html5videoplayer) --> <\/audio>  \n<div style=\"height:10px;\"><\/div>\n<p><u>Wer<\/u>: Markus Beckedahl, netzpolitik.org, Digitale Gesellschaft e.V.<br \/>\n<u>Was<\/u>: Interview zur Netzbeobachtung<br \/>\n<u>Wo<\/u>: Berlin, Hauptstadtrepr\u00e4sentanz Deutsche Telekom<br \/>\n<u>Wann<\/u>: 07.11.2012<\/p>\n<div style=\"height:10px;\"><\/div>\n<div style=\"height:10px;\"><\/div>\n<p><a href=\"http:\/\/www.wwwagner.tv\/wp-content\/uploads\/20121106_michaelsen_jeannine_400.jpg\"><img loading=\"lazy\" decoding=\"async\" src=\"http:\/\/www.wwwagner.tv\/wp-content\/uploads\/20121106_michaelsen_jeannine_400.jpg\" alt=\"\" title=\"20121106_michaelsen_jeannine_400\" width=\"400\" height=\"238\" class=\"alignnone size-full wp-image-17920\" srcset=\"https:\/\/www.wwwagner.tv\/wp-content\/uploads\/20121106_michaelsen_jeannine_400.jpg 400w, https:\/\/www.wwwagner.tv\/wp-content\/uploads\/20121106_michaelsen_jeannine_400-300x178.jpg 300w\" sizes=\"auto, (max-width: 400px) 100vw, 400px\" \/><\/a><\/p>\n<div style=\"height:10px;\"><\/div>\n<blockquote><p><em>&#8222;&#8230; dass das die schlimmste Frage der Welt ist&#8220;<\/em><\/p><\/blockquote>\n <audio   controls > <source src=\"http:\/\/www.wwwagner.tv\/audio\/20121107_michaelsen_jeannine_128.mp3\" type='audio\/mpeg' \/> <object   type=\"application\/x-shockwave-flash\"  data=\"https:\/\/www.wwwagner.tv\/wp-content\/plugins\/wphtml5player\/inc\/flowplayer.swf\"  width=\"400\"  height=\"30\"> <param name=\"movie\" value='https:\/\/www.wwwagner.tv\/wp-content\/plugins\/wphtml5player\/inc\/flowplayer.swf' \/><param name=\"allowfullscreen\" value='false' \/><param name=\"cachebusting\" value='true' \/><param name=\"bgcolor\" value='#000000' \/><param name=\"flashvars\" value='config={\"plugins\":{\"controls\":{\"height\":30,\"autoHide\":false,\"fullscreen\":false}},\"clip\":{\"autoPlay\":false,\"url\":\"http:\\\/\\\/www.wwwagner.tv\\\/audio\\\/20121107_michaelsen_jeannine_128.mp3\"},\"playlist\":[{\"autoPlay\":false,\"url\":\"http:\\\/\\\/www.wwwagner.tv\\\/audio\\\/20121107_michaelsen_jeannine_128.mp3\"}],\"play\":{\"opacity\":0}}' \/>  No audio playback capabilities, please download the audio below<br \/><strong>Download Audio:<\/strong> Closed Format: <a href=\"http:\/\/www.wwwagner.tv\/audio\/20121107_michaelsen_jeannine_128.mp3\">MP3<\/a> <\/object> <!-- Generated by HTML5 Multimedia Framework (http:\/\/code.google.com\/p\/html5videoplayer) --> <\/audio>  \n<div style=\"height:10px;\"><\/div>\n<p><u>Wer<\/u>: Jeannine Michaelsen, Moderatorin<br \/>\n<u>Was<\/u>: Interview zur Netzbeobachtung<br \/>\n<u>Wo<\/u>: Berlin, Hauptstadtrepr\u00e4sentanz Deutsche Telekom<br \/>\n<u>Wann<\/u>: 06.11.2012<\/p>\n<div style=\"height:20px;\"><\/div>\n<p><u>Vgl<\/u>.:<br \/>\n* <a href=\"http:\/\/www.heute.de\/ZDF\/zdfportal\/web\/heute-Nachrichten\/4672\/25030120\/cd5f28\/Wahl-im-Netz-Beckedahl-und-Bieber-bloggen--.html\" target=\"_blank\" rel=\"noopener noreferrer\">ZDF-Blog<\/a> mit Markus Beckedahl und Christoph Bieber<br \/>\n* <a href=\"http:\/\/bit.ly\/TZR1Z7\" target=\"_blank\" rel=\"noopener noreferrer\">Gutjahr, Richard &#8211; &#8222;Was sagt das Netz?&#8220;<\/a>, wwwagner.tv, 24.10.2012<br \/>\n* <a href=\"http:\/\/gastauftritt.net\/2012\/11\/ja-ich-bin-twitter-tussi-na-und\/\" target=\"_blank\" rel=\"noopener noreferrer\">&#8222;Ja, ich bin Twitter-Tussi. Na und?&#8220;<\/a>, Titus Gast, 10.11.2012<br \/>\n* <a href=\"http:\/\/wdrblog.de\/digitalistan\/archives\/2012\/11\/twitter-tussis_und_ipad-idiote.html\" target=\"_blank\" rel=\"noopener noreferrer\">Twitter-Tussis und iPad-Idioten<\/a>, Dennis Horn, 11.11.2012<br \/>\n* <a href=\"http:\/\/www.journalisten-training.de\/berufsbild\/fernseh-senioren-brauchen-internet-erklarbaren\/\" target=\"_blank\" rel=\"noopener noreferrer\">Fernseh-Senioren brauchen Internet-Erkl\u00e4rb\u00e4ren<\/a>, Bernd Oswald, 21.11.2012 <\/p>\n<div style=\"height:10px;\"><\/div>\n<p>(Fotos: \u00a9 J\u00f6rg Wagner)<\/p>\n<hr \/>\n<div style=\"height: 5px;\"><\/div>\n<p><html><br \/>\n     <head><\/p>\n<style type=\"text\/css\">\n       body {\n                     background: #DADADA;\n       }\n      <\/style>\n<p>     <\/head><br \/>\n     <body><br \/>\n<\/body><br \/>\n    <\/html><br \/>\n<script src=\"https:\/\/apis.google.com\/js\/plusone.js\" type=\"text\/javascript\">\/\/ < ![CDATA[ {lang: 'de'} \/\/ ]]><\/script><br \/>\n<script src=\"http:\/\/twittercounter.com\/embed\/?username=medienmagazin&amp;style=avatar\" type=\"text\/javascript\"><\/script><\/p>\n<p><noscript><a href=\"http:\/\/twittercounter.com\/medienmagazin\">medienmagazin on Twitter Counter<\/a><\/noscript><\/p>\n","protected":false},"excerpt":{"rendered":"<p>Die schlimmste Frage der Welt. Das ZDF bediente bei der US-Wahl-Nacht den First und Second Screen u. a. mit den &#8222;Netzbeobachtern&#8220; Sonja Sch\u00fcnemann (nicht im Bild), Sascha Lobo, Markus Beckedahl und Jeannine Michaelsen. Die Diskussion noch im Ohr um den f\u00fcr die ARD agierenden Richard Gutjahr versuchte ich mich bei der ZDF-Wahlparty dem Ph\u00e4nomen der [&hellip;]<\/p>\n","protected":false},"author":2,"featured_media":0,"comment_status":"open","ping_status":"open","sticky":false,"template":"","format":"standard","meta":{"_monsterinsights_skip_tracking":false,"footnotes":""},"categories":[17],"tags":[218,68,83],"class_list":["post-17912","post","type-post","status-publish","format-standard","hentry","category-aktuell","tag-bloggen","tag-internet","tag-social-media"],"_links":{"self":[{"href":"https:\/\/www.wwwagner.tv\/index.php?rest_route=\/wp\/v2\/posts\/17912","targetHints":{"allow":["GET"]}}],"collection":[{"href":"https:\/\/www.wwwagner.tv\/index.php?rest_route=\/wp\/v2\/posts"}],"about":[{"href":"https:\/\/www.wwwagner.tv\/index.php?rest_route=\/wp\/v2\/types\/post"}],"author":[{"embeddable":true,"href":"https:\/\/www.wwwagner.tv\/index.php?rest_route=\/wp\/v2\/users\/2"}],"replies":[{"embeddable":true,"href":"https:\/\/www.wwwagner.tv\/index.php?rest_route=%2Fwp%2Fv2%2Fcomments&post=17912"}],"version-history":[{"count":46,"href":"https:\/\/www.wwwagner.tv\/index.php?rest_route=\/wp\/v2\/posts\/17912\/revisions"}],"predecessor-version":[{"id":44226,"href":"https:\/\/www.wwwagner.tv\/index.php?rest_route=\/wp\/v2\/posts\/17912\/revisions\/44226"}],"wp:attachment":[{"href":"https:\/\/www.wwwagner.tv\/index.php?rest_route=%2Fwp%2Fv2%2Fmedia&parent=17912"}],"wp:term":[{"taxonomy":"category","embeddable":true,"href":"https:\/\/www.wwwagner.tv\/index.php?rest_route=%2Fwp%2Fv2%2Fcategories&post=17912"},{"taxonomy":"post_tag","embeddable":true,"href":"https:\/\/www.wwwagner.tv\/index.php?rest_route=%2Fwp%2Fv2%2Ftags&post=17912"}],"curies":[{"name":"wp","href":"https:\/\/api.w.org\/{rel}","templated":true}]}}