{"id":1805,"date":"2010-08-21T03:06:31","date_gmt":"2010-08-21T01:06:31","guid":{"rendered":"http:\/\/www.wwwagner.tv\/?p=1805"},"modified":"2021-01-27T02:04:47","modified_gmt":"2021-01-27T00:04:47","slug":"jochen-wolff-enthullt-woher-der-name-superillu-kommt","status":"publish","type":"post","link":"https:\/\/www.wwwagner.tv\/?p=1805","title":{"rendered":"Wolff, Jochen"},"content":{"rendered":"<figure id=\"attachment_48994\" aria-describedby=\"caption-attachment-48994\" style=\"width: 1100px\" class=\"wp-caption alignnone\"><img loading=\"lazy\" decoding=\"async\" src=\"https:\/\/www.wwwagner.tv\/wp-content\/uploads\/20100820_IMGA0001_wolff_jochen_1100\u00d7610.jpg\" alt=\"\" width=\"1100\" height=\"610\" class=\"size-full wp-image-48994\" srcset=\"https:\/\/www.wwwagner.tv\/wp-content\/uploads\/20100820_IMGA0001_wolff_jochen_1100\u00d7610.jpg 1100w, https:\/\/www.wwwagner.tv\/wp-content\/uploads\/20100820_IMGA0001_wolff_jochen_1100\u00d7610-300x166.jpg 300w, https:\/\/www.wwwagner.tv\/wp-content\/uploads\/20100820_IMGA0001_wolff_jochen_1100\u00d7610-768x426.jpg 768w\" sizes=\"auto, (max-width: 1100px) 100vw, 1100px\" \/><figcaption id=\"caption-attachment-48994\" class=\"wp-caption-text\">Jochen Wolff | Foto: \u00a9 J\u00f6rg Wagner<\/figcaption><\/figure>\n<div style=\"height:20px;\"><\/div>\n<h4>Enth\u00fcllt: Woher der Name SUPERillu kommt &#8230;<\/h4>\n<div style=\"height:10px;\"><\/div>\n <audio   controls > <source src=\"http:\/\/www.wwwagner.tv\/audio\/20100820_wolff_jochen_zumnamen.mp3\" type='audio\/mpeg' \/> <object   type=\"application\/x-shockwave-flash\"  data=\"https:\/\/www.wwwagner.tv\/wp-content\/plugins\/wphtml5player\/inc\/flowplayer.swf\"  width=\"400\"  height=\"30\"> <param name=\"movie\" value='https:\/\/www.wwwagner.tv\/wp-content\/plugins\/wphtml5player\/inc\/flowplayer.swf' \/><param name=\"allowfullscreen\" value='false' \/><param name=\"cachebusting\" value='true' \/><param name=\"bgcolor\" value='#000000' \/><param name=\"flashvars\" value='config={\"plugins\":{\"controls\":{\"height\":30,\"autoHide\":false,\"fullscreen\":false}},\"clip\":{\"autoPlay\":false,\"url\":\"http:\\\/\\\/www.wwwagner.tv\\\/audio\\\/20100820_wolff_jochen_zumnamen.mp3\"},\"playlist\":[{\"autoPlay\":false,\"url\":\"http:\\\/\\\/www.wwwagner.tv\\\/audio\\\/20100820_wolff_jochen_zumnamen.mp3\"}],\"play\":{\"opacity\":0}}' \/>  No audio playback capabilities, please download the audio below<br \/><strong>Download Audio:<\/strong> Closed Format: <a href=\"http:\/\/www.wwwagner.tv\/audio\/20100820_wolff_jochen_zumnamen.mp3\">MP3<\/a> <\/object> <!-- Generated by HTML5 Multimedia Framework (http:\/\/code.google.com\/p\/html5videoplayer) --> <\/audio>  \n<div style=\"height:20px;\"><\/div>\n<p><u>Wer<\/u>: Jochen Wolff, Chefredakteur der SUPERillu<br \/>\n<u>Wann<\/u>: 20.08.2010<br \/>\n<u>Wo<\/u>: Berlin<\/p>\n<hr \/>\n<div style=\"height:20px;\"><\/div>\n<p>Karl Dietrich Seikel, Gesch\u00e4ftsf\u00fchrer des SPIEGEL-Verlags w\u00e4hrend einer Podiumsdiskussion 2004:<\/p>\n<blockquote><p>\u201cWarum die SUPERillu so gut ankommt, es gibt eben kein sehr ausgepr\u00e4gtes Interesse an politischen Themen in den neuen Bundesl\u00e4ndern. Das ist ja auch eine Sache, die sich \u00fcber Generationen ein\u00fcbt.\u201d<\/p><\/blockquote>\n<div style=\"height:20px;\"><\/div>\n <audio   controls > <source src=\"http:\/\/www.wwwagner.tv\/audio\/20100820_wolff_jochen_128.mp3\" type='audio\/mpeg' \/> <object   type=\"application\/x-shockwave-flash\"  data=\"https:\/\/www.wwwagner.tv\/wp-content\/plugins\/wphtml5player\/inc\/flowplayer.swf\"  width=\"400\"  height=\"30\"> <param name=\"movie\" value='https:\/\/www.wwwagner.tv\/wp-content\/plugins\/wphtml5player\/inc\/flowplayer.swf' \/><param name=\"allowfullscreen\" value='false' \/><param name=\"cachebusting\" value='true' \/><param name=\"bgcolor\" value='#000000' \/><param name=\"flashvars\" value='config={\"plugins\":{\"controls\":{\"height\":30,\"autoHide\":false,\"fullscreen\":false}},\"clip\":{\"autoPlay\":false,\"url\":\"http:\\\/\\\/www.wwwagner.tv\\\/audio\\\/20100820_wolff_jochen_128.mp3\"},\"playlist\":[{\"autoPlay\":false,\"url\":\"http:\\\/\\\/www.wwwagner.tv\\\/audio\\\/20100820_wolff_jochen_128.mp3\"}],\"play\":{\"opacity\":0}}' \/>  No audio playback capabilities, please download the audio below<br \/><strong>Download Audio:<\/strong> Closed Format: <a href=\"http:\/\/www.wwwagner.tv\/audio\/20100820_wolff_jochen_128.mp3\">MP3<\/a> <\/object> <!-- Generated by HTML5 Multimedia Framework (http:\/\/code.google.com\/p\/html5videoplayer) --> <\/audio>  \n<div style=\"height:10px;\"><\/div>\n<p><u>Wer<\/u>: Jochen Wolff, Chefredakteur der SUPERillu<br \/>\n<u>Was<\/u>: Interview zu 20 Jahre SUPERillu<br \/>\n<u>Wann<\/u>: 20.08.2010<br \/>\n<u>Wo<\/u>: Berlin<\/p>\n<hr \/>\n<div style=\"height: 5px;\"><\/div>\n<p><html><br \/>\n     <head><\/p>\n<style type=\"text\/css\">\n       body {\n                     background: #DADADA;\n       }\n      <\/style>\n<p>     <\/head><br \/>\n     <body><br \/>\n<\/body><br \/>\n    <\/html><br \/>\n<script src=\"https:\/\/apis.google.com\/js\/plusone.js\" type=\"text\/javascript\">\/\/ < ![CDATA[ {lang: 'de'} \/\/ ]]><\/script><br \/>\n<script src=\"http:\/\/twittercounter.com\/embed\/?username=medienmagazin&amp;style=avatar\" type=\"text\/javascript\"><\/script><\/p>\n","protected":false},"excerpt":{"rendered":"<p>Enth\u00fcllt: Woher der Name SUPERillu kommt &#8230; No audio playback capabilities, please download the audio belowDownload Audio: Closed Format: MP3 Wer: Jochen Wolff, Chefredakteur der SUPERillu Wann: 20.08.2010 Wo: Berlin Karl Dietrich Seikel, Gesch\u00e4ftsf\u00fchrer des SPIEGEL-Verlags w\u00e4hrend einer Podiumsdiskussion 2004: \u201cWarum die SUPERillu so gut ankommt, es gibt eben kein sehr ausgepr\u00e4gtes Interesse an politischen [&hellip;]<\/p>\n","protected":false},"author":2,"featured_media":0,"comment_status":"open","ping_status":"open","sticky":false,"template":"","format":"standard","meta":{"_monsterinsights_skip_tracking":false,"_monsterinsights_sitenote_active":false,"_monsterinsights_sitenote_note":"","_monsterinsights_sitenote_category":0,"footnotes":""},"categories":[114,117],"tags":[1199],"class_list":["post-1805","post","type-post","status-publish","format-standard","hentry","category-a-z","category-w","tag-superillu"],"_links":{"self":[{"href":"https:\/\/www.wwwagner.tv\/index.php?rest_route=\/wp\/v2\/posts\/1805","targetHints":{"allow":["GET"]}}],"collection":[{"href":"https:\/\/www.wwwagner.tv\/index.php?rest_route=\/wp\/v2\/posts"}],"about":[{"href":"https:\/\/www.wwwagner.tv\/index.php?rest_route=\/wp\/v2\/types\/post"}],"author":[{"embeddable":true,"href":"https:\/\/www.wwwagner.tv\/index.php?rest_route=\/wp\/v2\/users\/2"}],"replies":[{"embeddable":true,"href":"https:\/\/www.wwwagner.tv\/index.php?rest_route=%2Fwp%2Fv2%2Fcomments&post=1805"}],"version-history":[{"count":27,"href":"https:\/\/www.wwwagner.tv\/index.php?rest_route=\/wp\/v2\/posts\/1805\/revisions"}],"predecessor-version":[{"id":49000,"href":"https:\/\/www.wwwagner.tv\/index.php?rest_route=\/wp\/v2\/posts\/1805\/revisions\/49000"}],"wp:attachment":[{"href":"https:\/\/www.wwwagner.tv\/index.php?rest_route=%2Fwp%2Fv2%2Fmedia&parent=1805"}],"wp:term":[{"taxonomy":"category","embeddable":true,"href":"https:\/\/www.wwwagner.tv\/index.php?rest_route=%2Fwp%2Fv2%2Fcategories&post=1805"},{"taxonomy":"post_tag","embeddable":true,"href":"https:\/\/www.wwwagner.tv\/index.php?rest_route=%2Fwp%2Fv2%2Ftags&post=1805"}],"curies":[{"name":"wp","href":"https:\/\/api.w.org\/{rel}","templated":true}]}}