{"id":19079,"date":"2012-12-25T16:06:22","date_gmt":"2012-12-25T15:06:22","guid":{"rendered":"http:\/\/www.wwwagner.tv\/?p=19079"},"modified":"2021-07-29T23:45:43","modified_gmt":"2021-07-29T21:45:43","slug":"buch-die-nimmersatten","status":"publish","type":"post","link":"https:\/\/www.wwwagner.tv\/?p=19079","title":{"rendered":"Buch: Die Nimmersatten"},"content":{"rendered":"<p><a href=\"http:\/\/www.wwwagner.tv\/wp-content\/uploads\/20121129_dienimmersatten_01_600.jpg\"><img loading=\"lazy\" decoding=\"async\" src=\"http:\/\/www.wwwagner.tv\/wp-content\/uploads\/20121129_dienimmersatten_01_600.jpg\" alt=\"\" title=\"20121129_dienimmersatten_01_600\" width=\"600\" height=\"376\" class=\"alignnone size-full wp-image-19080\" srcset=\"https:\/\/www.wwwagner.tv\/wp-content\/uploads\/20121129_dienimmersatten_01_600.jpg 600w, https:\/\/www.wwwagner.tv\/wp-content\/uploads\/20121129_dienimmersatten_01_600-300x188.jpg 300w\" sizes=\"auto, (max-width: 600px) 100vw, 600px\" \/><\/a><\/p>\n<blockquote><p><em>&#8222;Das ist keine Provokation.&#8220;<\/em><\/p><\/blockquote>\n<div style=\"height:10px;\"><\/div>\n <audio   controls > <source src=\"http:\/\/www.wwwagner.tv\/audio\/20121129_siebenhaar_hans-peter_128.mp3\" type='audio\/mpeg' \/> <object   type=\"application\/x-shockwave-flash\"  data=\"https:\/\/www.wwwagner.tv\/wp-content\/plugins\/wphtml5player\/inc\/flowplayer.swf\"  width=\"400\"  height=\"30\"> <param name=\"movie\" value='https:\/\/www.wwwagner.tv\/wp-content\/plugins\/wphtml5player\/inc\/flowplayer.swf' \/><param name=\"allowfullscreen\" value='false' \/><param name=\"cachebusting\" value='true' \/><param name=\"bgcolor\" value='#000000' \/><param name=\"flashvars\" value='config={\"plugins\":{\"controls\":{\"height\":30,\"autoHide\":false,\"fullscreen\":false}},\"clip\":{\"autoPlay\":false,\"url\":\"http:\\\/\\\/www.wwwagner.tv\\\/audio\\\/20121129_siebenhaar_hans-peter_128.mp3\"},\"playlist\":[{\"autoPlay\":false,\"url\":\"http:\\\/\\\/www.wwwagner.tv\\\/audio\\\/20121129_siebenhaar_hans-peter_128.mp3\"}],\"play\":{\"opacity\":0}}' \/>  No audio playback capabilities, please download the audio below<br \/><strong>Download Audio:<\/strong> Closed Format: <a href=\"http:\/\/www.wwwagner.tv\/audio\/20121129_siebenhaar_hans-peter_128.mp3\">MP3<\/a> <\/object> <!-- Generated by HTML5 Multimedia Framework (http:\/\/code.google.com\/p\/html5videoplayer) --> <\/audio>  \n<div style=\"height:10px;\"><\/div>\n<p><a href=\"http:\/\/www.wwwagner.tv\/wp-content\/uploads\/20121129_siebenhaar_hans-peter_1_400.jpg\"><img loading=\"lazy\" decoding=\"async\" src=\"http:\/\/www.wwwagner.tv\/wp-content\/uploads\/20121129_siebenhaar_hans-peter_1_400.jpg\" alt=\"\" title=\"20121129_siebenhaar_hans-peter_1_400\" width=\"400\" height=\"245\" class=\"alignnone size-full wp-image-19081\" srcset=\"https:\/\/www.wwwagner.tv\/wp-content\/uploads\/20121129_siebenhaar_hans-peter_1_400.jpg 400w, https:\/\/www.wwwagner.tv\/wp-content\/uploads\/20121129_siebenhaar_hans-peter_1_400-300x183.jpg 300w\" sizes=\"auto, (max-width: 400px) 100vw, 400px\" \/><\/a><\/p>\n<div style=\"height:10px;\"><\/div>\n<p><u>Wer<\/u>: Hans-Peter Siebenhaar, Medienexperte, Handelsblatt<br \/>\n<u>Was<\/u>: Interview \u00fcber sein Buch: &#8222;Die Nimmersatten &#8230;&#8220;<br \/>\n<u>Wo<\/u>: Berlin<br \/>\n<u>Wann<\/u>: 29.11.2012 ca. 21:00 Uhr<br \/>\nVer\u00f6ff. in einer gek\u00fcrzten Fassung im radioeins-Medienmagazin, rbb, 22.12.2012, 18:36 Uhr<\/p>\n<div style=\"height:10px;\"><\/div>\n<p>* <a href=\"http:\/\/www.luebbe.de\/Eichborn\/Details\/Id\/978-3-8479-0518-9\" target=\"_blank\" rel=\"noopener\">&#8222;Die Nimmersatten &#8211; Die Wahrheit \u00fcber das System ARD und ZDF&#8220;<\/a><br \/>\nAutor: Hans-Peter Siebenhaar<br \/>\nVerlag: Eichborn Verlag<br \/>\nISBN-10:3-8479-0518-X<br \/>\nPreis: 14,99 Euro<\/p>\n<div style=\"height:40px;\"><\/div>\n<p><a href=\"http:\/\/www.wwwagner.tv\/wp-content\/uploads\/20121129_zeiler_gerhard_3_400.jpg\"><img loading=\"lazy\" decoding=\"async\" src=\"http:\/\/www.wwwagner.tv\/wp-content\/uploads\/20121129_zeiler_gerhard_3_400.jpg\" alt=\"\" title=\"20121129_zeiler_gerhard_3_400\" width=\"400\" height=\"267\" class=\"alignnone size-full wp-image-19086\" srcset=\"https:\/\/www.wwwagner.tv\/wp-content\/uploads\/20121129_zeiler_gerhard_3_400.jpg 400w, https:\/\/www.wwwagner.tv\/wp-content\/uploads\/20121129_zeiler_gerhard_3_400-300x200.jpg 300w\" sizes=\"auto, (max-width: 400px) 100vw, 400px\" \/><\/a><\/p>\n<div style=\"height:10px;\"><\/div>\n <audio   controls > <source src=\"http:\/\/www.wwwagner.tv\/audio\/20121129_zeiler_gerhard_64.mp3\" type='audio\/mpeg' \/> <object   type=\"application\/x-shockwave-flash\"  data=\"https:\/\/www.wwwagner.tv\/wp-content\/plugins\/wphtml5player\/inc\/flowplayer.swf\"  width=\"400\"  height=\"30\"> <param name=\"movie\" value='https:\/\/www.wwwagner.tv\/wp-content\/plugins\/wphtml5player\/inc\/flowplayer.swf' \/><param name=\"allowfullscreen\" value='false' \/><param name=\"cachebusting\" value='true' \/><param name=\"bgcolor\" value='#000000' \/><param name=\"flashvars\" value='config={\"plugins\":{\"controls\":{\"height\":30,\"autoHide\":false,\"fullscreen\":false}},\"clip\":{\"autoPlay\":false,\"url\":\"http:\\\/\\\/www.wwwagner.tv\\\/audio\\\/20121129_zeiler_gerhard_64.mp3\"},\"playlist\":[{\"autoPlay\":false,\"url\":\"http:\\\/\\\/www.wwwagner.tv\\\/audio\\\/20121129_zeiler_gerhard_64.mp3\"}],\"play\":{\"opacity\":0}}' \/>  No audio playback capabilities, please download the audio below<br \/><strong>Download Audio:<\/strong> Closed Format: <a href=\"http:\/\/www.wwwagner.tv\/audio\/20121129_zeiler_gerhard_64.mp3\">MP3<\/a> <\/object> <!-- Generated by HTML5 Multimedia Framework (http:\/\/code.google.com\/p\/html5videoplayer) --> <\/audio>  \n<div style=\"height:10px;\"><\/div>\n<p><u>Wer<\/u>: Gerhard Zeiler, Pr\u00e4sident von Turner Broadcasting System International<br \/>\n<u>Was<\/u>: Statement zu &#8222;Die Nimmersatten &#8230;&#8220;<br \/>\n<u>Wo<\/u>: Berlin<br \/>\n<u>Wann<\/u>: 29.11.2012 ca. 20:50 Uhr<\/p>\n<div style=\"height:20px;\"><\/div>\n<p><a href=\"http:\/\/www.wwwagner.tv\/wp-content\/uploads\/simon_ulrike_400.jpg\"><img loading=\"lazy\" decoding=\"async\" src=\"http:\/\/www.wwwagner.tv\/wp-content\/uploads\/simon_ulrike_400.jpg\" alt=\"\" title=\"simon_ulrike_400\" width=\"400\" height=\"267\" class=\"alignnone size-full wp-image-19089\" srcset=\"https:\/\/www.wwwagner.tv\/wp-content\/uploads\/simon_ulrike_400.jpg 400w, https:\/\/www.wwwagner.tv\/wp-content\/uploads\/simon_ulrike_400-300x200.jpg 300w\" sizes=\"auto, (max-width: 400px) 100vw, 400px\" \/><\/a><\/p>\n<div style=\"height:10px;\"><\/div>\n <audio   controls > <source src=\"http:\/\/www.wwwagner.tv\/audio\/2012_simon_ulrike_64.mp3\" type='audio\/mpeg' \/> <object   type=\"application\/x-shockwave-flash\"  data=\"https:\/\/www.wwwagner.tv\/wp-content\/plugins\/wphtml5player\/inc\/flowplayer.swf\"  width=\"400\"  height=\"30\"> <param name=\"movie\" value='https:\/\/www.wwwagner.tv\/wp-content\/plugins\/wphtml5player\/inc\/flowplayer.swf' \/><param name=\"allowfullscreen\" value='false' \/><param name=\"cachebusting\" value='true' \/><param name=\"bgcolor\" value='#000000' \/><param name=\"flashvars\" value='config={\"plugins\":{\"controls\":{\"height\":30,\"autoHide\":false,\"fullscreen\":false}},\"clip\":{\"autoPlay\":false,\"url\":\"http:\\\/\\\/www.wwwagner.tv\\\/audio\\\/2012_simon_ulrike_64.mp3\"},\"playlist\":[{\"autoPlay\":false,\"url\":\"http:\\\/\\\/www.wwwagner.tv\\\/audio\\\/2012_simon_ulrike_64.mp3\"}],\"play\":{\"opacity\":0}}' \/>  No audio playback capabilities, please download the audio below<br \/><strong>Download Audio:<\/strong> Closed Format: <a href=\"http:\/\/www.wwwagner.tv\/audio\/2012_simon_ulrike_64.mp3\">MP3<\/a> <\/object> <!-- Generated by HTML5 Multimedia Framework (http:\/\/code.google.com\/p\/html5videoplayer) --> <\/audio>  \n<div style=\"height:10px;\"><\/div>\n<p><u>Wer<\/u>: Ulrike Simon, Medienjournalistin, u. a. Berliner Zeitung<br \/>\n<u>Was<\/u>: Statement zu &#8222;Die Nimmersatten &#8230;&#8220;<br \/>\n<u>Wo<\/u>: Berlin<\/p>\n<div style=\"height:20px;\"><\/div>\n<p><a href=\"http:\/\/www.wwwagner.tv\/wp-content\/uploads\/20110617_polenz_ruprecht_23_400.jpg\"><img loading=\"lazy\" decoding=\"async\" src=\"http:\/\/www.wwwagner.tv\/wp-content\/uploads\/20110617_polenz_ruprecht_23_400.jpg\" alt=\"\" title=\"20110617_polenz_ruprecht_23_400\" width=\"400\" height=\"225\" class=\"alignnone size-full wp-image-18695\" srcset=\"https:\/\/www.wwwagner.tv\/wp-content\/uploads\/20110617_polenz_ruprecht_23_400.jpg 400w, https:\/\/www.wwwagner.tv\/wp-content\/uploads\/20110617_polenz_ruprecht_23_400-300x168.jpg 300w\" sizes=\"auto, (max-width: 400px) 100vw, 400px\" \/><\/a><\/p>\n<div style=\"height:10px;\"><\/div>\n <audio   controls > <source src=\"http:\/\/www.wwwagner.tv\/audio\/20121207_polenz_ruprecht_64.mp3\" type='audio\/mpeg' \/> <object   type=\"application\/x-shockwave-flash\"  data=\"https:\/\/www.wwwagner.tv\/wp-content\/plugins\/wphtml5player\/inc\/flowplayer.swf\"  width=\"400\"  height=\"30\"> <param name=\"movie\" value='https:\/\/www.wwwagner.tv\/wp-content\/plugins\/wphtml5player\/inc\/flowplayer.swf' \/><param name=\"allowfullscreen\" value='false' \/><param name=\"cachebusting\" value='true' \/><param name=\"bgcolor\" value='#000000' \/><param name=\"flashvars\" value='config={\"plugins\":{\"controls\":{\"height\":30,\"autoHide\":false,\"fullscreen\":false}},\"clip\":{\"autoPlay\":false,\"url\":\"http:\\\/\\\/www.wwwagner.tv\\\/audio\\\/20121207_polenz_ruprecht_64.mp3\"},\"playlist\":[{\"autoPlay\":false,\"url\":\"http:\\\/\\\/www.wwwagner.tv\\\/audio\\\/20121207_polenz_ruprecht_64.mp3\"}],\"play\":{\"opacity\":0}}' \/>  No audio playback capabilities, please download the audio below<br \/><strong>Download Audio:<\/strong> Closed Format: <a href=\"http:\/\/www.wwwagner.tv\/audio\/20121207_polenz_ruprecht_64.mp3\">MP3<\/a> <\/object> <!-- Generated by HTML5 Multimedia Framework (http:\/\/code.google.com\/p\/html5videoplayer) --> <\/audio>  \n<div style=\"height:10px;\"><\/div>\n<p><u>Wer<\/u>: Ruprecht Polenz, Vorsitzender des ZDF-Fernsehrats<br \/>\n<u>Was<\/u>: Statement zu &#8222;Die Nimmersatten &#8230;&#8220;<br \/>\n<u>Wo<\/u>: Mainz<br \/>\n<u>Wann<\/u>: 07.12.2012<\/p>\n<div style=\"height:10px;\"><\/div>\n<p>(Fotos: \u00a9 J\u00f6rg Wagner [4], ARD [1])<\/p>\n<div style=\"height:20px;\"><\/div>\n<hr \/>\n<div style=\"height: 5px;\"><\/div>\n<p><html><br \/>\n     <head><\/p>\n<style type=\"text\/css\">\n       body {\n                     background: #DADADA;\n       }\n      <\/style>\n<p>     <\/head><br \/>\n     <body><br \/>\n<\/body><br \/>\n    <\/html><\/p>\n","protected":false},"excerpt":{"rendered":"<p>&#8222;Das ist keine Provokation.&#8220; No audio playback capabilities, please download the audio belowDownload Audio: Closed Format: MP3 Wer: Hans-Peter Siebenhaar, Medienexperte, Handelsblatt Was: Interview \u00fcber sein Buch: &#8222;Die Nimmersatten &#8230;&#8220; Wo: Berlin Wann: 29.11.2012 ca. 21:00 Uhr Ver\u00f6ff. in einer gek\u00fcrzten Fassung im radioeins-Medienmagazin, rbb, 22.12.2012, 18:36 Uhr * &#8222;Die Nimmersatten &#8211; Die Wahrheit \u00fcber [&hellip;]<\/p>\n","protected":false},"author":2,"featured_media":0,"comment_status":"open","ping_status":"open","sticky":false,"template":"","format":"standard","meta":{"_monsterinsights_skip_tracking":false,"_monsterinsights_sitenote_active":false,"_monsterinsights_sitenote_note":"","_monsterinsights_sitenote_category":0,"footnotes":""},"categories":[17],"tags":[30,418,31,50],"class_list":["post-19079","post","type-post","status-publish","format-standard","hentry","category-aktuell","tag-ard","tag-gez","tag-rundfunkgebuhren","tag-zdf"],"_links":{"self":[{"href":"https:\/\/www.wwwagner.tv\/index.php?rest_route=\/wp\/v2\/posts\/19079","targetHints":{"allow":["GET"]}}],"collection":[{"href":"https:\/\/www.wwwagner.tv\/index.php?rest_route=\/wp\/v2\/posts"}],"about":[{"href":"https:\/\/www.wwwagner.tv\/index.php?rest_route=\/wp\/v2\/types\/post"}],"author":[{"embeddable":true,"href":"https:\/\/www.wwwagner.tv\/index.php?rest_route=\/wp\/v2\/users\/2"}],"replies":[{"embeddable":true,"href":"https:\/\/www.wwwagner.tv\/index.php?rest_route=%2Fwp%2Fv2%2Fcomments&post=19079"}],"version-history":[{"count":25,"href":"https:\/\/www.wwwagner.tv\/index.php?rest_route=\/wp\/v2\/posts\/19079\/revisions"}],"predecessor-version":[{"id":50120,"href":"https:\/\/www.wwwagner.tv\/index.php?rest_route=\/wp\/v2\/posts\/19079\/revisions\/50120"}],"wp:attachment":[{"href":"https:\/\/www.wwwagner.tv\/index.php?rest_route=%2Fwp%2Fv2%2Fmedia&parent=19079"}],"wp:term":[{"taxonomy":"category","embeddable":true,"href":"https:\/\/www.wwwagner.tv\/index.php?rest_route=%2Fwp%2Fv2%2Fcategories&post=19079"},{"taxonomy":"post_tag","embeddable":true,"href":"https:\/\/www.wwwagner.tv\/index.php?rest_route=%2Fwp%2Fv2%2Ftags&post=19079"}],"curies":[{"name":"wp","href":"https:\/\/api.w.org\/{rel}","templated":true}]}}