{"id":20311,"date":"2013-02-18T17:41:00","date_gmt":"2013-02-18T16:41:00","guid":{"rendered":"http:\/\/www.wwwagner.tv\/?p=20311"},"modified":"2013-02-18T18:19:22","modified_gmt":"2013-02-18T17:19:22","slug":"der-auftrag","status":"publish","type":"post","link":"https:\/\/www.wwwagner.tv\/?p=20311","title":{"rendered":"Der Auftrag"},"content":{"rendered":"<div style=\"height:70px;\"><\/div>\n<p><span style=\"color: #FFA500;\"><FONT SIZE=\"4\"><em>Werden die Gelder richtig verteilt?<\/em><\/FONT><\/span><\/p>\n<div style=\"height:10px;\"><\/div>\n<p><a href=\"http:\/\/www.wwwagner.tv\/wp-content\/uploads\/20130214_deutscheakademiefuerfernsehen_600.jpg\"><img loading=\"lazy\" decoding=\"async\" src=\"http:\/\/www.wwwagner.tv\/wp-content\/uploads\/20130214_deutscheakademiefuerfernsehen_600.jpg\" alt=\"\" title=\"20130214_deutscheakademiefuerfernsehen_600\" width=\"600\" height=\"361\" class=\"alignright size-full wp-image-20312\" srcset=\"https:\/\/www.wwwagner.tv\/wp-content\/uploads\/20130214_deutscheakademiefuerfernsehen_600.jpg 600w, https:\/\/www.wwwagner.tv\/wp-content\/uploads\/20130214_deutscheakademiefuerfernsehen_600-300x180.jpg 300w\" sizes=\"auto, (max-width: 600px) 100vw, 600px\" \/><\/a><\/p>\n<p><em>&#8222;Wir m\u00fcssen uns fragen, was wollen Menschen im Fernsehen \u00fcberhaupt sehen.&#8220;<\/em><\/p>\n<div style=\"height:10px;\"><\/div>\n<div style=\"height:20px;\"><\/div>\n <audio   controls > <source src=\"http:\/\/www.wwwagner.tv\/audio\/20130214_programmauftrag_96.mp3\" type='audio\/mpeg' \/> <object   type=\"application\/x-shockwave-flash\"  data=\"https:\/\/www.wwwagner.tv\/wp-content\/plugins\/wphtml5player\/inc\/flowplayer.swf\"  width=\"400\"  height=\"30\"> <param name=\"movie\" value='https:\/\/www.wwwagner.tv\/wp-content\/plugins\/wphtml5player\/inc\/flowplayer.swf' \/><param name=\"allowfullscreen\" value='false' \/><param name=\"cachebusting\" value='true' \/><param name=\"bgcolor\" value='#000000' \/><param name=\"flashvars\" value='config={\"plugins\":{\"controls\":{\"height\":30,\"autoHide\":false,\"fullscreen\":false}},\"clip\":{\"autoPlay\":false,\"url\":\"http:\\\/\\\/www.wwwagner.tv\\\/audio\\\/20130214_programmauftrag_96.mp3\"},\"playlist\":[{\"autoPlay\":false,\"url\":\"http:\\\/\\\/www.wwwagner.tv\\\/audio\\\/20130214_programmauftrag_96.mp3\"}],\"play\":{\"opacity\":0}}' \/>  No audio playback capabilities, please download the audio below<br \/><strong>Download Audio:<\/strong> Closed Format: <a href=\"http:\/\/www.wwwagner.tv\/audio\/20130214_programmauftrag_96.mp3\">MP3<\/a> <\/object> <!-- Generated by HTML5 Multimedia Framework (http:\/\/code.google.com\/p\/html5videoplayer) --> <\/audio>  \n<div style=\"height:10px;\"><\/div>\n<p><span style=\"color: #FFA500;\">Was:<\/span> Podiumsdiskussion \u201eEin Auftrag, den man nicht ablehnen kann &#8211; Welches Programm fordert die Politik und welches liefern die \u00f6ffentlich rechtlichen Sender?&#8220; auf Einladung der <a href=\"http:\/\/www.deutscheakademiefuerfernsehen.de\/\" target=\"_blank\">Deutschen Akademie f\u00fcr Fernsehen<\/a> (DAfF)<\/p>\n<p><span style=\"color: #FFA500;\">Wer:<\/span> (v.l.n.r.)<br \/>\n* Dagmar Reim, Intendantin, rbb<br \/>\n* Ines Pohl, Chefredakteurin, taz<br \/>\n* Wolfgang Kubicki, medienpolitischer Sprecher, FDP<br \/>\n* Harald Staun, Leiter Medienressort, Frankfurter Allgemeine Sonntagszeitung<br \/>\n* Peter Frey, Chefredakteur, ZDF<br \/>\n* Florian Hager, stellvertretender Programmdirektor, arte<\/p>\n<p><span style=\"color: #FFA500;\">Wo:<\/span> Vertretung des Landes NRW beim Bund, Hiroshimastra\u00dfe 12, 10785 Berlin<br \/>\n<span style=\"color: #FFA500;\">Wann:<\/span> 14.02.2013, Mitschnitt aus technischen Gr\u00fcnden ab ca. Minute 4; 10:25-11:39 Uhr<\/p>\n<div style=\"height:10px;\"><\/div>\n<p>Seit 01.01.2013 ist nicht mehr das Bereithalten eines Rundfunkempf\u00e4ngers die Grundlage f\u00fcr die Finanzierung des \u00f6ffentlich-rechtlichen Rundfunks, sondern im Privatbereich z. B. das Leben in einer Wohnung. Damit wird das jahrzehntelang trainierte Denken: Ger\u00e4t &#8211; Dienstleistung &#8211; Entgelt abgel\u00f6st durch die Logik: der \u00f6ffentlich-rechtliche Rundfunk n\u00fctzt allen, also sollen auch fast alle zahlen, selbst jene, die kein Ger\u00e4t haben. Dies belebt eine alte Debatte, ob f\u00fcr die Abgabe von 17,98 Euro im Monat (0,59 ct am Tag) die Sender ihrem Auftrag gerecht werden. Doch was ist der Auftrag? Minderheiten zu bedienen? Massen? Differenziert in Spartenkan\u00e4len? Oder am &#8222;Lagerfeuer&#8220; f\u00fcr alle &#8211; jung und alt? Das zu diskutieren, war wiederum der Auftrag der Podiumsteilnehmer am Rande der Berlinale. Die im Mitschnitt erw\u00e4hnte Keynote von Adriana Altaras ist hier nicht dokumentiert.<\/p>\n<div style=\"height:10px;\"><\/div>\n<p><a href=\"http:\/\/www.wwwagner.tv\/wp-content\/uploads\/20130214-IMG_2570_deutsche_akademie_fuer_fernsehen_400.jpg\"><img loading=\"lazy\" decoding=\"async\" src=\"http:\/\/www.wwwagner.tv\/wp-content\/uploads\/20130214-IMG_2570_deutsche_akademie_fuer_fernsehen_400.jpg\" alt=\"\" title=\"20130214-IMG_2570_deutsche_akademie_fuer_fernsehen_400\" width=\"400\" height=\"246\" class=\"alignright size-full wp-image-20324\" srcset=\"https:\/\/www.wwwagner.tv\/wp-content\/uploads\/20130214-IMG_2570_deutsche_akademie_fuer_fernsehen_400.jpg 400w, https:\/\/www.wwwagner.tv\/wp-content\/uploads\/20130214-IMG_2570_deutsche_akademie_fuer_fernsehen_400-300x184.jpg 300w\" sizes=\"auto, (max-width: 400px) 100vw, 400px\" \/><\/a><br \/>\n<span style=\"color: #888888;\">Peter Frey (links)<\/span><br \/>\n<span style=\"color: #888888;\">Florian Hager (rechts)<\/span><br \/>\n<a href=\"http:\/\/www.wwwagner.tv\/wp-content\/uploads\/20130214-IMG_2579_deutsche_akademie_fuer_fernsehen_600.jpg\"><img loading=\"lazy\" decoding=\"async\" src=\"http:\/\/www.wwwagner.tv\/wp-content\/uploads\/20130214-IMG_2579_deutsche_akademie_fuer_fernsehen_600.jpg\" alt=\"\" title=\"20130214-IMG_2579_deutsche_akademie_fuer_fernsehen_600\" width=\"600\" height=\"299\" class=\"alignright size-full wp-image-20327\" srcset=\"https:\/\/www.wwwagner.tv\/wp-content\/uploads\/20130214-IMG_2579_deutsche_akademie_fuer_fernsehen_600.jpg 600w, https:\/\/www.wwwagner.tv\/wp-content\/uploads\/20130214-IMG_2579_deutsche_akademie_fuer_fernsehen_600-300x149.jpg 300w\" sizes=\"auto, (max-width: 600px) 100vw, 600px\" \/><\/a><\/p>\n<div style=\"height:320px;\"><\/div>\n<div style=\"height:70px;\"><\/div>\n<p><span style=\"color: #888888;\">(Fotos: \u00a9 J\u00f6rg Wagner)<\/span><\/p>\n<div style=\"height:20px;\"><\/div>\n<p><script type=\"text\/javascript\" src=\"https:\/\/apis.google.com\/js\/plusone.js\">\n  {lang: 'de'}\n<\/script><g:plusone><\/g:plusone><br \/>\n<script type=\"text\/javascript\" src=\"http:\/\/twittercounter.com\/embed\/?username=medienmagazin&#038;style=avatar\"><\/script><noscript><a href=\"http:\/\/twittercounter.com\/medienmagazin\">medienmagazin on Twitter Counter<\/a><\/noscript><\/p>\n","protected":false},"excerpt":{"rendered":"<p>Werden die Gelder richtig verteilt? &#8222;Wir m\u00fcssen uns fragen, was wollen Menschen im Fernsehen \u00fcberhaupt sehen.&#8220; No audio playback capabilities, please download the audio belowDownload Audio: Closed Format: MP3 Was: Podiumsdiskussion \u201eEin Auftrag, den man nicht ablehnen kann &#8211; Welches Programm fordert die Politik und welches liefern die \u00f6ffentlich rechtlichen Sender?&#8220; auf Einladung der Deutschen [&hellip;]<\/p>\n","protected":false},"author":2,"featured_media":0,"comment_status":"open","ping_status":"open","sticky":false,"template":"","format":"standard","meta":{"_monsterinsights_skip_tracking":false,"_monsterinsights_sitenote_active":false,"_monsterinsights_sitenote_note":"","_monsterinsights_sitenote_category":0,"footnotes":""},"categories":[53],"tags":[423],"class_list":["post-20311","post","type-post","status-publish","format-standard","hentry","category-dokument","tag-rundfunkbeitrag"],"_links":{"self":[{"href":"https:\/\/www.wwwagner.tv\/index.php?rest_route=\/wp\/v2\/posts\/20311","targetHints":{"allow":["GET"]}}],"collection":[{"href":"https:\/\/www.wwwagner.tv\/index.php?rest_route=\/wp\/v2\/posts"}],"about":[{"href":"https:\/\/www.wwwagner.tv\/index.php?rest_route=\/wp\/v2\/types\/post"}],"author":[{"embeddable":true,"href":"https:\/\/www.wwwagner.tv\/index.php?rest_route=\/wp\/v2\/users\/2"}],"replies":[{"embeddable":true,"href":"https:\/\/www.wwwagner.tv\/index.php?rest_route=%2Fwp%2Fv2%2Fcomments&post=20311"}],"version-history":[{"count":37,"href":"https:\/\/www.wwwagner.tv\/index.php?rest_route=\/wp\/v2\/posts\/20311\/revisions"}],"predecessor-version":[{"id":20351,"href":"https:\/\/www.wwwagner.tv\/index.php?rest_route=\/wp\/v2\/posts\/20311\/revisions\/20351"}],"wp:attachment":[{"href":"https:\/\/www.wwwagner.tv\/index.php?rest_route=%2Fwp%2Fv2%2Fmedia&parent=20311"}],"wp:term":[{"taxonomy":"category","embeddable":true,"href":"https:\/\/www.wwwagner.tv\/index.php?rest_route=%2Fwp%2Fv2%2Fcategories&post=20311"},{"taxonomy":"post_tag","embeddable":true,"href":"https:\/\/www.wwwagner.tv\/index.php?rest_route=%2Fwp%2Fv2%2Ftags&post=20311"}],"curies":[{"name":"wp","href":"https:\/\/api.w.org\/{rel}","templated":true}]}}