{"id":20387,"date":"2013-02-23T18:07:33","date_gmt":"2013-02-23T17:07:33","guid":{"rendered":"http:\/\/www.wwwagner.tv\/?p=20387"},"modified":"2019-08-25T06:04:47","modified_gmt":"2019-08-25T04:04:47","slug":"usa-chefredakteursfahrt-crusa13-ohne-leistungsschutzrecht","status":"publish","type":"post","link":"https:\/\/www.wwwagner.tv\/?p=20387","title":{"rendered":"Informelle USA-Chefredakteursfahrt #crusa13 ohne Leistungsschutzrecht"},"content":{"rendered":"<h4>Nicht Politk machen, sondern lernen<\/h4>\n<p><a href=\"http:\/\/www.wwwagner.tv\/wp-content\/uploads\/20130131_IMG_1580_milz_annette_600.jpg\"><img loading=\"lazy\" decoding=\"async\" src=\"http:\/\/www.wwwagner.tv\/wp-content\/uploads\/20130131_IMG_1580_milz_annette_600.jpg\" alt=\"\" title=\"20130131_IMG_1580_milz_annette_600\" width=\"600\" height=\"341\" class=\"alignnone size-full wp-image-20388\" srcset=\"https:\/\/www.wwwagner.tv\/wp-content\/uploads\/20130131_IMG_1580_milz_annette_600.jpg 600w, https:\/\/www.wwwagner.tv\/wp-content\/uploads\/20130131_IMG_1580_milz_annette_600-300x170.jpg 300w\" sizes=\"auto, (max-width: 600px) 100vw, 600px\" \/><\/a><\/p>\n<blockquote><p><em>&#8222;Das Thema Leistungsschutzrecht ist mitnichten zur Sprache gekommen.&#8220;<\/em><\/p><\/blockquote>\n<div style=\"height:20px;\"><\/div>\n <audio   controls > <source src=\"http:\/\/www.wwwagner.tv\/audio\/20130223_milz_annette_96.mp3\" type='audio\/mpeg' \/> <object   type=\"application\/x-shockwave-flash\"  data=\"https:\/\/www.wwwagner.tv\/wp-content\/plugins\/wphtml5player\/inc\/flowplayer.swf\"  width=\"400\"  height=\"30\"> <param name=\"movie\" value='https:\/\/www.wwwagner.tv\/wp-content\/plugins\/wphtml5player\/inc\/flowplayer.swf' \/><param name=\"allowfullscreen\" value='false' \/><param name=\"cachebusting\" value='true' \/><param name=\"bgcolor\" value='#000000' \/><param name=\"flashvars\" value='config={\"plugins\":{\"controls\":{\"height\":30,\"autoHide\":false,\"fullscreen\":false}},\"clip\":{\"autoPlay\":false,\"url\":\"http:\\\/\\\/www.wwwagner.tv\\\/audio\\\/20130223_milz_annette_96.mp3\"},\"playlist\":[{\"autoPlay\":false,\"url\":\"http:\\\/\\\/www.wwwagner.tv\\\/audio\\\/20130223_milz_annette_96.mp3\"}],\"play\":{\"opacity\":0}}' \/>  No audio playback capabilities, please download the audio below<br \/><strong>Download Audio:<\/strong> Closed Format: <a href=\"http:\/\/www.wwwagner.tv\/audio\/20130223_milz_annette_96.mp3\">MP3<\/a> <\/object> <!-- Generated by HTML5 Multimedia Framework (http:\/\/code.google.com\/p\/html5videoplayer) --> <\/audio>  \n<div style=\"height:10px;\"><\/div>\n<p><u>Was<\/u>: Interview zur #crusa13-Reise<br \/>\n<u>Wer<\/u>: Annette Milz, Chefredakteurin &#8222;<a href=\"http:\/\/www.mediummagazin.de\/\" target=\"_blank\" rel=\"noopener noreferrer\">medium magazin<\/a>&#8220; (Foto)<br \/>\n<u>Wo<\/u>: San Francisco &#8211; Potsdam<br \/>\n<u>Wann<\/u>: 23.02.2013, 18:07 Uhr live im radioeins-Medienmagazin, rbb<\/p>\n<div style=\"height:20px;\"><\/div>\n<blockquote class=\"twitter-tweet\" lang=\"de\">\n<p><a href=\"https:\/\/twitter.com\/search\/%23FF\">#FF<\/a> f\u00fcr <a href=\"https:\/\/twitter.com\/search\/%23crusa13\">#crusa13<\/a> &#8211; deutsche Chefredakteure mit @<a href=\"https:\/\/twitter.com\/mediummagazin\">mediummagazin<\/a> auf Studytour-USA in San Francisco\/Silikon Valley<a href=\"http:\/\/t.co\/xiFRxFJF5I\" title=\"http:\/\/twitter.com\/mediummagazin\/status\/303195664844726273\/photo\/1\">twitter.com\/mediummagazin\/\u2026<\/a><\/p>\n<p>&mdash; Inge Seibel (@issis) <a href=\"https:\/\/twitter.com\/issis\/status\/304500367322906624\">21. Februar 2013<\/a><\/p><\/blockquote>\n<p><script async src=\"\/\/platform.twitter.com\/widgets.js\" charset=\"utf-8\"><\/script><\/p>\n<div style=\"height:10px;\"><\/div>\n<p>06:09<br \/>\n<u>Annette Milz<\/u>: <\/p>\n<blockquote><p><em>&#8222;Entscheidend sind, glaube ich, zwei Erkenntnisse aus dieser Reise, die uns alle, die wir hier mit dabei waren, eint. Das erste ist: die Fehlerkultur, die hier gepredigt und gelebt wird, ist etwas, wovon wir tats\u00e4chlich nur lernen k\u00f6nnen und die wir uns bem\u00fchen sollten, auch bei uns zu praktizieren. Da sind wir alle noch weit davon entfernt. Das zweite ist: die Ver\u00e4nderungsgeschwindigkeit, mit der sich hier Kommunikationsmodelle entwickeln. Auch da sind wir meilenweit davon entfernt. Und beide Elemente, das hei\u00dft, den Mut Fehler zu machen, mehr Experimente zu wagen und gleichzeitig uns nicht mehr in Gewissheit zu wagen, dass unsere bisherigen Gesch\u00e4ftsmodelle noch irgendwie irgendwann noch irgendwie doch noch funktionieren werden, dieses m\u00fcssen, sollten wir, glaube ich, sehr gewahr sein. Das ist eine wesentliche Erkenntnis, die wir in dieser Reise gewonnen haben, die uns alle eint.&#8220;<\/em><\/p><\/blockquote>\n<div style=\"height:10px;\"><\/div>\n<blockquote class=\"twitter-tweet\" lang=\"de\">\n<p>@<a href=\"https:\/\/twitter.com\/mediummagazin\">mediummagazin<\/a>: Reiseleiterin Annette Milz der <a href=\"https:\/\/twitter.com\/search\/%23crusa13\">#crusa13<\/a> <a href=\"http:\/\/t.co\/XZ5cmNCi8f\" title=\"http:\/\/twitter.com\/froeingh\/status\/304831674527674368\/photo\/1\">twitter.com\/froeingh\/statu\u2026<\/a><\/p>\n<p>&mdash; froeingh (@froeingh) <a href=\"https:\/\/twitter.com\/froeingh\/status\/304831674527674368\">22. Februar 2013<\/a><\/p><\/blockquote>\n<p><script async src=\"\/\/platform.twitter.com\/widgets.js\" charset=\"utf-8\"><\/script><\/p>\n<div style=\"height:10px;\"><\/div>\n<blockquote class=\"twitter-tweet\" lang=\"de\">\n<p>2000 Menschen arbeiten im @<a href=\"https:\/\/twitter.com\/facebook\">facebook<\/a>-HQ. Ein gro\u00dfer Teil davon ist wohl damit besch\u00e4ftigt, K\u00fchlschr\u00e4nke und Chipsregale aufzuf\u00fcllen <a href=\"https:\/\/twitter.com\/search\/%23crusa13\">#crusa13<\/a><\/p>\n<p>&mdash; Andreas Sch\u00fcmchen (@a_schuemchen) <a href=\"https:\/\/twitter.com\/a_schuemchen\/status\/304709153199378432\">21. Februar 2013<\/a><\/p><\/blockquote>\n<p><script async src=\"\/\/platform.twitter.com\/widgets.js\" charset=\"utf-8\"><\/script><\/p>\n<div style=\"height:10px;\"><\/div>\n<blockquote class=\"twitter-tweet\" lang=\"de\">\n<p>Auf dem Facebook Campus gibt es Begleitschutz f\u00fcr die <a href=\"https:\/\/twitter.com\/search\/%23crusa13\">#crusa13<\/a>: Die Security begleitet @<a href=\"https:\/\/twitter.com\/wbuechner\">wbuechner<\/a> bis zum WC.<\/p>\n<p>&mdash; Carsten Erdmann (@carsten_erdmann) <a href=\"https:\/\/twitter.com\/carsten_erdmann\/status\/304723725905973248\">21. Februar 2013<\/a><\/p><\/blockquote>\n<p><script async src=\"\/\/platform.twitter.com\/widgets.js\" charset=\"utf-8\"><\/script><\/p>\n<div style=\"height:10px;\"><\/div>\n<blockquote class=\"twitter-tweet\" lang=\"de\">\n<p>Innovation in Medienh\u00e4usern ist nicht Aufgabe nur des IT-Chefs. @<a href=\"https:\/\/twitter.com\/richardgingras\">richardgingras<\/a> von Google bei Gespr\u00e4ch mit <a href=\"https:\/\/twitter.com\/search\/%23crusa13\">#crusa13<\/a><\/p>\n<p>&mdash; Christian Lindner (@RZChefredakteur) <a href=\"https:\/\/twitter.com\/RZChefredakteur\/status\/304303020957659136\">20. Februar 2013<\/a><\/p><\/blockquote>\n<p><script async src=\"\/\/platform.twitter.com\/widgets.js\" charset=\"utf-8\"><\/script><\/p>\n<div style=\"height:20px;\"><\/div>\n<p>04:51<br \/>\n<u>Annette Milz<\/u>: <\/p>\n<blockquote><p><em>&#8222;Also, wissen Sie, eine der Erfahrungen hier ist: wir sind ganz weit weg von zuhause. Und das ist auch tats\u00e4chlich, aus hiesiger Sicht ist Deutschland ganz weit weg. Nat\u00fcrlich besch\u00e4ftigt sich Google intensiv mit dem sehr wichtigen deutschen Markt. Und nat\u00fcrlich ist es ein wichtiges Thema, \u00fcberhaupt gar keine Frage, unser Thema war aber hier: Kommunikationsentwickeln. Wir haben bei Google beispielsweise intensiv \u00fcber die Search-Kultur gesprochen, hatten dort Richard Gingras als Gespr\u00e4chspartner, das ein hoch interessantes Gespr\u00e4ch war, aber auch das ist ein wichtiger Punkt f\u00fcr unsere Reise gewesen, alle Gespr\u00e4che waren informell. Und das hei\u00dft und erkl\u00e4rt auch dann eben, warum die K\u00fchlschr\u00e4nke, aber keine konkreten quotes (Zitate) dann gesagt worden sind. Diese Gespr\u00e4che waren auf sehr hohem und auf sehr intensivem Niveau, aber eben informell. Und von daher sind wir gehalten, eben keine Details aus den Gespr\u00e4chen auch zu ver\u00f6ffentlichen.&#8220;<\/em><\/p><\/blockquote>\n<div style=\"height:20px;\"><\/div>\n<p><span style=\"color: #FFA500;\">Vgl.:<\/span><br \/>\n<div class=\"BorlabsCookie\"><div class=\"_brlbs-content-blocker\"> <div class=\"_brlbs-embed _brlbs-video-youtube\"> <img class=\"_brlbs-thumbnail\" src=\"https:\/\/www.wwwagner.tv\/wp-content\/plugins\/borlabs-cookie\/images\/cb-no-thumbnail.png\" alt=\"YouTube\"> <div class=\"_brlbs-caption\"> <p>Mit dem Laden des Videos akzeptieren Sie die Datenschutzerkl\u00e4rung von YouTube.<br><a href=\"https:\/\/policies.google.com\/privacy\" target=\"_blank\" rel=\"nofollow noopener noreferrer\">Mehr erfahren<\/a><\/p> <p><a class=\"_brlbs-btn _brlbs-icon-play-white\" href=\"#\" data-borlabs-cookie-unblock role=\"button\">Video laden<\/a><\/p> <p><label><input type=\"checkbox\" name=\"unblockAll\" value=\"1\" checked> <small>YouTube immer entsperren<\/small><\/label><\/p> <\/div> <\/div> <\/div><div class=\"borlabs-hide\" data-borlabs-cookie-type=\"content-blocker\" data-borlabs-cookie-id=\"youtube\"><script type=\"text\/template\">PGlmcmFtZSBsb2FkaW5nPSJsYXp5IiB3aWR0aD0iNDAwIiBoZWlnaHQ9IjIyNSIgc3JjPSJodHRwczovL3d3dy55b3V0dWJlLW5vY29va2llLmNvbS9lbWJlZC8zR0ZSdGlZWGkzNCIgZnJhbWVib3JkZXI9IjAiIGFsbG93ZnVsbHNjcmVlbj48L2lmcmFtZT48L3A+<\/script><\/div><\/div>\n<div style=\"height:20px;\"><\/div>\n<p><u>Was<\/u>:  Veranstaltung <a href=\"http:\/\/www.udldigital.de\/wirtschaftsminister-rosler-wir-konnen-stolz-sein-auf-unsere-start-up-szene\/\" target=\"_blank\" rel=\"noopener noreferrer\">UdL Digital Talk<\/a><br \/>\n<u>Wer<\/u>:<br \/>\n* Philipp R\u00f6sler, FDP, Vizekanzler, Bundeswirtschaftsminister<br \/>\n* Mario Sixtus, Journalist<br \/>\n<u>Wo<\/u>:  Berlin<br \/>\n<u>Wann<\/u>:  20.02.2013, ca. 19:30<br \/>\n<u>Quelle<\/u>: <a href=\"https:\/\/www.youtube.com\/user\/Nfes2005\" target=\"_blank\" rel=\"noopener noreferrer\">Tilo Jung<\/a><\/p>\n<div style=\"height:20px;\"><\/div>\n <audio   controls > <source src=\"http:\/\/www.wwwagner.tv\/audio\/20130220_udldigitaltalk.mp3\" type='audio\/mpeg' \/> <object   type=\"application\/x-shockwave-flash\"  data=\"https:\/\/www.wwwagner.tv\/wp-content\/plugins\/wphtml5player\/inc\/flowplayer.swf\"  width=\"400\"  height=\"30\"> <param name=\"movie\" value='https:\/\/www.wwwagner.tv\/wp-content\/plugins\/wphtml5player\/inc\/flowplayer.swf' \/><param name=\"allowfullscreen\" value='false' \/><param name=\"cachebusting\" value='true' \/><param name=\"bgcolor\" value='#000000' \/><param name=\"flashvars\" value='config={\"plugins\":{\"controls\":{\"height\":30,\"autoHide\":false,\"fullscreen\":false}},\"clip\":{\"autoPlay\":false,\"url\":\"http:\\\/\\\/www.wwwagner.tv\\\/audio\\\/20130220_udldigitaltalk.mp3\"},\"playlist\":[{\"autoPlay\":false,\"url\":\"http:\\\/\\\/www.wwwagner.tv\\\/audio\\\/20130220_udldigitaltalk.mp3\"}],\"play\":{\"opacity\":0}}' \/>  No audio playback capabilities, please download the audio below<br \/><strong>Download Audio:<\/strong> Closed Format: <a href=\"http:\/\/www.wwwagner.tv\/audio\/20130220_udldigitaltalk.mp3\">MP3<\/a> <\/object> <!-- Generated by HTML5 Multimedia Framework (http:\/\/code.google.com\/p\/html5videoplayer) --> <\/audio>  \n<div style=\"height:10px;\"><\/div>\n<p>Transkript-Auszug (Quelle: <a href=\"http:\/\/blog.die-linke.de\/digitalelinke\/kippt-das-leistungsschutzrecht-weil-sich-google-mit-den-deutschen-verlagen-auf-einen-deal-einigt\/\" target=\"_blank\" rel=\"noopener noreferrer\">Digitale Linke<\/a>)<\/p>\n<p>(&#8230;)<\/p>\n<p>00:48<br \/>\n<u>Philipp R\u00f6sler<\/u>: <\/p>\n<blockquote><p><em>&#8222;Erstmal zum Leistungsschutz selber: Das liegt jetzt nach Beschluss der Bundesregierung [unverst\u00e4ndlich] beim Deutschen Bundestag. Auch meine eigenen Leute haben mir gesagt, dass sie das momentan nicht passieren lassen wollen, dass muss ich akzeptieren. Ich ziehe [unverst\u00e4ndlich] des Deutschen Bundestages grunds\u00e4tzlich nicht in Zweifel. Als ich vor einer Woche in Frankreich war, haben die Franzosen ihr Modell, ihr L\u00f6sungsmodell erl\u00e4utert, n\u00e4mlich dass sie einen Vertrag [unverst\u00e4ndlich, evtl. \u201emit Google\u201c?] geschlossen haben mit den jeweiligen Verlagen, dass es eine Einmalzahlung gegeben hat und dann hat man jede weitere gesetzgeberische Aktivit\u00e4t fallen lassen. Ob das nun gut ist oder nicht, steht mir nicht zu, aber zumindest gab es eine andere L\u00f6sung jenseits der gesetzgeberischen.<\/em><\/p><\/blockquote>\n<blockquote><p><em>Und jetzt habe ich geh\u00f6rt, dass gro\u00dfe namhafte Verlage aktuell, aktuell w\u00e4hrend wir hier zeitgleich sitzen, zuf\u00e4lligerweise &#8211; das war ein Klingelton &#8211; auch gerade in den USA sind, um mit entsprechenden, eben schon genannten Konzernen zu au\u00dferlegislativen L\u00f6sungen zu kommen.<\/em><\/p><\/blockquote>\n<blockquote>\n<p><em>Und, \u00e4hm, das w\u00e4re der Hammer. Dann w\u00fcrden meine Abgeordneten, die haben mir das gerade angedroht, eine [unverst\u00e4ndlich, evtl. \u201eregelrechte liberale\u201c?] Tradition, die haben mir das gestern Abend n\u00e4mlich gesagt, f\u00fcr den Fall, dass das eintreten w\u00fcrde, w\u00fcrden die Abgeordneten des Deutschen Bundestages, auch meiner Fraktion, danke, die eigenen Leute sind immer die besten, w\u00fcrden das Gesetz voraussichtlich nicht passieren lassen. [unverst\u00e4ndlich]. Deswegen warten wir doch jetzt erstmal ab, was die Gespr\u00e4che den bringen. Die Modelle zeigen, dass das funktionieren kann, also insofern, glaube ich, w\u00fcrde ich mal abwarten und wir k\u00f6nnen dann beim n\u00e4chsten Liveblog, das wir haben, dann nochmal dar\u00fcber sprechen.&#8220;<\/em><\/p><\/blockquote>\n<p>(&#8230;)<\/p>\n<div class=\"BorlabsCookie\"><div class=\"_brlbs-content-blocker\"> <div class=\"_brlbs-embed _brlbs-video-youtube\"> <img class=\"_brlbs-thumbnail\" src=\"https:\/\/www.wwwagner.tv\/wp-content\/plugins\/borlabs-cookie\/images\/cb-no-thumbnail.png\" alt=\"YouTube\"> <div class=\"_brlbs-caption\"> <p>Mit dem Laden des Videos akzeptieren Sie die Datenschutzerkl\u00e4rung von YouTube.<br><a href=\"https:\/\/policies.google.com\/privacy\" target=\"_blank\" rel=\"nofollow noopener noreferrer\">Mehr erfahren<\/a><\/p> <p><a class=\"_brlbs-btn _brlbs-icon-play-white\" href=\"#\" data-borlabs-cookie-unblock role=\"button\">Video laden<\/a><\/p> <p><label><input type=\"checkbox\" name=\"unblockAll\" value=\"1\" checked> <small>YouTube immer entsperren<\/small><\/label><\/p> <\/div> <\/div> <\/div><div class=\"borlabs-hide\" data-borlabs-cookie-type=\"content-blocker\" data-borlabs-cookie-id=\"youtube\"><script type=\"text\/template\">PHA+PGlmcmFtZSBsb2FkaW5nPSJsYXp5IiB3aWR0aD0iNDAwIiBoZWlnaHQ9IjIyNSIgc3JjPSJodHRwczovL3d3dy55b3V0dWJlLW5vY29va2llLmNvbS9lbWJlZC85bUczZzFrZmdnQSIgZnJhbWVib3JkZXI9IjAiIGFsbG93ZnVsbHNjcmVlbj48L2lmcmFtZT48L3A+<\/script><\/div><\/div>\n<p><u>Was<\/u>:  Offizielles Video der Veranstaltung <a href=\"http:\/\/www.udldigital.de\/wirtschaftsminister-rosler-wir-konnen-stolz-sein-auf-unsere-start-up-szene\/\" target=\"_blank\" rel=\"noopener noreferrer\">UdL Digital Talk<\/a>, ab 24:03 zur Leistungsschutzrecht-Frage von Mario Sixtus (geschnitten)<\/p>\n<div style=\"height:20px;\"><\/div>\n<blockquote class=\"twitter-tweet\" lang=\"de\">\n<p>Spannend, wie falsch <a href=\"https:\/\/twitter.com\/search\/%23R\u00f6sler\">#R\u00f6sler<\/a> die <a href=\"https:\/\/twitter.com\/search\/%23crusa13\">#crusa13<\/a> versteht. Spannender, dass die @<a href=\"https:\/\/twitter.com\/fdp\">fdp<\/a> beim <a href=\"https:\/\/twitter.com\/search\/%23LSR\">#LSR<\/a> offenbar ernsthaft wackelt. <a href=\"http:\/\/t.co\/nAtN4TdWPE\" title=\"http:\/\/blog.die-linke.de\/digitalelinke\/kippt-das-leistungsschutzrecht-weil-sich-google-mit-den-deutschen-verlagen-auf-einen-deal-einigt\/\">blog.die-linke.de\/digitalelinke\/\u2026<\/a><\/p>\n<p>&mdash; Stefan Pl\u00f6chinger (@ploechinger) <a href=\"https:\/\/twitter.com\/ploechinger\/status\/304627230967988226\">21. Februar 2013<\/a><\/p><\/blockquote>\n<p><script async src=\"\/\/platform.twitter.com\/widgets.js\" charset=\"utf-8\"><\/script><\/p>\n<div style=\"height:10px;\"><\/div>\n<blockquote class=\"twitter-tweet\" lang=\"de\">\n<p>@<a href=\"https:\/\/twitter.com\/carsten_erdmann\">carsten_erdmann<\/a> Wenn Ihr mit <a href=\"https:\/\/twitter.com\/search\/%23crusa13\">#crusa13<\/a> nicht mit <a href=\"https:\/\/twitter.com\/search\/%23Google\">#Google<\/a> dar\u00fcber gesprochen habt, wir waren es auch nicht. Wohl ein Missverst\u00e4ndnis.<\/p>\n<p>&mdash; Christoph Keese (@ChristophKeese) <a href=\"https:\/\/twitter.com\/ChristophKeese\/status\/304743051186806784\">22. Februar 2013<\/a><\/p><\/blockquote>\n<p><script async src=\"\/\/platform.twitter.com\/widgets.js\" charset=\"utf-8\"><\/script><\/p>\n<div style=\"height:10px;\"><\/div>\n<p>04:01<br \/>\n<u>Annette Milz<\/u>:<\/p>\n<blockquote><p><em>&#8222;Wir haben Google tats\u00e4chlich besucht. Wir waren tats\u00e4chlich bei facebook und bei twitter, aber das Thema Leistungsschutzrecht ist mitnichten zur Sprache gekommen. Keine Ahnung, wo Herr R\u00f6sler diese Informationen her hatte. Tatsache ist auch, es waren 21 Chefredakteure mit an Bord, sowohl von Print und zwar allen gro\u00dfen deutschen Printh\u00e4usern, aber eben auch von allen gro\u00dfen deutschen Onlineunternehmen, also: Spiegel, S\u00fcddeutsche und FAZ.de beispielsweise. Aber wir waren hier nicht um Politik zu machen, sondern um etwas zu lernen.&#8220;<\/em><\/p><\/blockquote>\n<div style=\"height: 10px;\"><\/div>\n<hr \/>\n<div style=\"height: 5px;\"><\/div>\n<p><html><br \/>\n     <head><\/p>\n<style type=\"text\/css\">\n       body {\n                     background: #DADADA;\n       }\n      <\/style>\n<p>     <\/head><br \/>\n     <body><br \/>\n<\/body><br \/>\n    <\/html><br \/>\n<script src=\"https:\/\/apis.google.com\/js\/plusone.js\" type=\"text\/javascript\">\/\/ < ![CDATA[ {lang: 'de'} \/\/ ]]><\/script><br \/>\n<script src=\"http:\/\/twittercounter.com\/embed\/?username=medienmagazin&amp;style=avatar\" type=\"text\/javascript\"><\/script><\/p>\n<p><noscript><a href=\"http:\/\/twittercounter.com\/medienmagazin\">medienmagazin on Twitter Counter<\/a><\/noscript><\/p>\n","protected":false},"excerpt":{"rendered":"<p>Nicht Politk machen, sondern lernen &#8222;Das Thema Leistungsschutzrecht ist mitnichten zur Sprache gekommen.&#8220; No audio playback capabilities, please download the audio belowDownload Audio: Closed Format: MP3 Was: Interview zur #crusa13-Reise Wer: Annette Milz, Chefredakteurin &#8222;medium magazin&#8220; (Foto) Wo: San Francisco &#8211; Potsdam Wann: 23.02.2013, 18:07 Uhr live im radioeins-Medienmagazin, rbb #FF f\u00fcr #crusa13 &#8211; deutsche [&hellip;]<\/p>\n","protected":false},"author":2,"featured_media":0,"comment_status":"closed","ping_status":"open","sticky":false,"template":"","format":"standard","meta":{"_monsterinsights_skip_tracking":false,"_monsterinsights_sitenote_active":false,"_monsterinsights_sitenote_note":"","_monsterinsights_sitenote_category":0,"footnotes":""},"categories":[17],"tags":[66,21],"class_list":["post-20387","post","type-post","status-publish","format-standard","hentry","category-aktuell","tag-leistungsschutzrecht","tag-print"],"_links":{"self":[{"href":"https:\/\/www.wwwagner.tv\/index.php?rest_route=\/wp\/v2\/posts\/20387","targetHints":{"allow":["GET"]}}],"collection":[{"href":"https:\/\/www.wwwagner.tv\/index.php?rest_route=\/wp\/v2\/posts"}],"about":[{"href":"https:\/\/www.wwwagner.tv\/index.php?rest_route=\/wp\/v2\/types\/post"}],"author":[{"embeddable":true,"href":"https:\/\/www.wwwagner.tv\/index.php?rest_route=\/wp\/v2\/users\/2"}],"replies":[{"embeddable":true,"href":"https:\/\/www.wwwagner.tv\/index.php?rest_route=%2Fwp%2Fv2%2Fcomments&post=20387"}],"version-history":[{"count":68,"href":"https:\/\/www.wwwagner.tv\/index.php?rest_route=\/wp\/v2\/posts\/20387\/revisions"}],"predecessor-version":[{"id":44168,"href":"https:\/\/www.wwwagner.tv\/index.php?rest_route=\/wp\/v2\/posts\/20387\/revisions\/44168"}],"wp:attachment":[{"href":"https:\/\/www.wwwagner.tv\/index.php?rest_route=%2Fwp%2Fv2%2Fmedia&parent=20387"}],"wp:term":[{"taxonomy":"category","embeddable":true,"href":"https:\/\/www.wwwagner.tv\/index.php?rest_route=%2Fwp%2Fv2%2Fcategories&post=20387"},{"taxonomy":"post_tag","embeddable":true,"href":"https:\/\/www.wwwagner.tv\/index.php?rest_route=%2Fwp%2Fv2%2Ftags&post=20387"}],"curies":[{"name":"wp","href":"https:\/\/api.w.org\/{rel}","templated":true}]}}