{"id":20470,"date":"2013-03-03T19:50:52","date_gmt":"2013-03-03T18:50:52","guid":{"rendered":"http:\/\/www.wwwagner.tv\/?p=20470"},"modified":"2018-10-13T11:46:17","modified_gmt":"2018-10-13T10:46:17","slug":"keese-leistungsschutzrecht-gute-losung","status":"publish","type":"post","link":"https:\/\/www.wwwagner.tv\/?p=20470","title":{"rendered":"Keese: Leistungsschutzrecht &#8211; &#8222;gute L\u00f6sung&#8220;"},"content":{"rendered":"<figure id=\"attachment_20471\" aria-describedby=\"caption-attachment-20471\" style=\"width: 600px\" class=\"wp-caption alignnone\"><a href=\"http:\/\/www.wwwagner.tv\/wp-content\/uploads\/20121016_keese_christoph_600a.jpg\"><img loading=\"lazy\" decoding=\"async\" src=\"http:\/\/www.wwwagner.tv\/wp-content\/uploads\/20121016_keese_christoph_600a.jpg\" alt=\"Christoph Keese | Foto: \u00a9 J\u00f6rg Wagner\" width=\"600\" height=\"400\" class=\"size-full wp-image-20471\" srcset=\"https:\/\/www.wwwagner.tv\/wp-content\/uploads\/20121016_keese_christoph_600a.jpg 600w, https:\/\/www.wwwagner.tv\/wp-content\/uploads\/20121016_keese_christoph_600a-300x200.jpg 300w\" sizes=\"auto, (max-width: 600px) 100vw, 600px\" \/><\/a><figcaption id=\"caption-attachment-20471\" class=\"wp-caption-text\">Christoph Keese | Foto: \u00a9 J\u00f6rg Wagner<\/figcaption><\/figure>\n<p><span style=\"font-size: 11pt; font-family: tahoma,arial,helvetica,sans-serif;\"><br \/>\nSnippet oder\/und k\u00fcrzester Textauszug? F\u00e4llt diese Suchausgabe unters Leistungschutzrecht?<\/span><\/p>\n<div style=\"height: 10px;\"><\/div>\n<figure id=\"attachment_20557\" aria-describedby=\"caption-attachment-20557\" style=\"width: 600px\" class=\"wp-caption alignnone\"><a href=\"http:\/\/www.wwwagner.tv\/wp-content\/uploads\/snippet.jpg\"><img loading=\"lazy\" decoding=\"async\" src=\"http:\/\/www.wwwagner.tv\/wp-content\/uploads\/snippet.jpg\" alt=\"Screenshot: Google\" width=\"600\" height=\"181\" class=\"size-full wp-image-20557\" srcset=\"https:\/\/www.wwwagner.tv\/wp-content\/uploads\/snippet.jpg 600w, https:\/\/www.wwwagner.tv\/wp-content\/uploads\/snippet-300x90.jpg 300w\" sizes=\"auto, (max-width: 600px) 100vw, 600px\" \/><\/a><figcaption id=\"caption-attachment-20557\" class=\"wp-caption-text\">Screenshot: Google<\/figcaption><\/figure>\n<div style=\"height: 10px;\"><\/div>\n<blockquote><p><em>&#8222;Die Verlage k\u00f6nnen mit dem Ergebnis zufrieden sein.&#8220;<\/em><\/p><\/blockquote>\n<div style=\"height: 20px;\"><\/div>\n<p><u>Was<\/u>: Statements zum Leistungsschutzrechtsgesetz nach der Abstimmung im Deutschen Bundestag am 01.03.2013<br \/>\n<u>Wer<\/u>: Christoph Keese, Konzerngesch\u00e4ftsf\u00fchrer Public Affairs Axel Springer AG; vertritt gemeinsam mit Prof. Robert Schweizer von Burda alle deutschen Zeitungs- und Zeitschriftenverlage in Fragen des Urheberrechts<br \/>\n<u>Wann<\/u>: 02.03.2013, ver\u00f6ffentlicht im radioeins-Medienmagazin, rbb<\/p>\n<div style=\"height: 20px;\"><\/div>\n<div id='stb-container-7876' class='stb-container-css stb-custom-container stb-no-caption stb-image-none stb-ltr stb-border stb-side'><aside class='stb-icon'><img src='http:\/\/www.wwwagner.tv\/wp-content\/plugins\/wp-special-textboxes\/themes\/stb-dark\/heart.png'><\/aside><div id='stb-box-7876' class='stb-custom_box stb-box' ><br \/>\n<strong>1. Das Leistungsschutzrechtsgesetz wurde kurz vor der Abstimmung ge\u00e4ndert. Verschlimmbessert? Oder sind Sie zufrieden?<\/strong><\/p>\n<div style=\"height: 10px;\"><\/div>\n<p> <audio   controls > <source src=\"http:\/\/www.wwwagner.tv\/audio\/20130302_keese_christoph_lsr1.mp3\" type='audio\/mpeg' \/> <object   type=\"application\/x-shockwave-flash\"  data=\"https:\/\/www.wwwagner.tv\/wp-content\/plugins\/wphtml5player\/inc\/flowplayer.swf\"  width=\"400\"  height=\"30\"> <param name=\"movie\" value='https:\/\/www.wwwagner.tv\/wp-content\/plugins\/wphtml5player\/inc\/flowplayer.swf' \/><param name=\"allowfullscreen\" value='false' \/><param name=\"cachebusting\" value='true' \/><param name=\"bgcolor\" value='#000000' \/><param name=\"flashvars\" value='config={\"plugins\":{\"controls\":{\"height\":30,\"autoHide\":false,\"fullscreen\":false}},\"clip\":{\"autoPlay\":false,\"url\":\"http:\\\/\\\/www.wwwagner.tv\\\/audio\\\/20130302_keese_christoph_lsr1.mp3\"},\"playlist\":[{\"autoPlay\":false,\"url\":\"http:\\\/\\\/www.wwwagner.tv\\\/audio\\\/20130302_keese_christoph_lsr1.mp3\"}],\"play\":{\"opacity\":0}}' \/>  No audio playback capabilities, please download the audio below<br \/><strong>Download Audio:<\/strong> Closed Format: <a href=\"http:\/\/www.wwwagner.tv\/audio\/20130302_keese_christoph_lsr1.mp3\">MP3<\/a> <\/object> <!-- Generated by HTML5 Multimedia Framework (http:\/\/code.google.com\/p\/html5videoplayer) --> <\/audio>  <\/p>\n<div style=\"height: 10px;\"><\/div>\n<p>Nun, die Verlage k\u00f6nnen mit dem Ergebnis des jetzt verabschiedeten Leistungsschutzrechtes doch zufrieden sein. Es ist l\u00e4ngst nicht alles dort aufgenommen worden, was Verlage vorgeschlagen hatten. Es ist aber doch eine gute L\u00f6sung. Die Ver\u00e4nderungen, die am Gesetzestext und an der Begr\u00fcndung noch kurz vor der Verabschiedung vorgenommen worden sind, sind aus Sicht der Verlage durchaus akzeptabel. Warum? Was ist ge\u00e4ndert worden?<\/p>\n<p>Der Gesetzgeber hat noch einmal deutlich gemacht, dass das Leistungsschutzrecht nicht darauf abzielt, \u00dcberschriften oder k\u00fcrzeste Ausz\u00fcge aus Texten unter das Leistungsschutzrecht fallen zulassen. Also, einzelne Worte, Schlagzeilen, wie zum Beispiel &#8218;Bayern schl\u00e4gt Schalke&#8216; sollen ausdr\u00fccklich nicht umfasst sein, aber die so genannten Kurzzusammenfassungen, die in den Nachrichten-Aggregatoren, in den zusammenfassenden Diensten angezeigt werden, sollen durchaus davon erfasst werden. Man spricht hier von so genannten Snippets. Diese Snippets ausdr\u00fccklich sind Bestandteil jetzt auch des Leistungsschutzrechtes.<\/p>\n<p>Das hat der Gesetzgeber sehr deutlich zum Ausdruck gebracht. Der Wille des Gesetzgebers ist deutlich manifestiert worden in der parlamentarischen Debatte im Bundestag. Die Redner der Regierungsfraktion, also der Mehrheit mit deren Stimmen das Gesetz verabschiedet worden ist, haben deutlich gemacht, dass diese Snippets umfasst sein sollen. Und damit sind sie einem Vorschlag der Verlage deutlich entgegengekommen. An der Stelle lohnt es sich, sich die Rede einmal anzuschauen, die Dr. G\u00fcnter Krings, der stellvertretende Fraktionsvorsitzende der Union im Bundestag gehalten hat. Ich zitiere. Er sagt:<\/p>\n<div style=\"height: 10px;\"><\/div>\n<p><em>&#8222;Genau so aber, wie dieses Gesetz niemals eine Lex Google war, ist auch die Ausnahme, die wir Mittwoch im Rechtsausschuss beschlossen haben, nicht dazu geeignet, dass jetzt Suchmaschinen insgesamt herausfallen. F\u00fcr mich war&#8217;s eine wichtige Klarstellung, denn wir wollten von vornherein ein schlankes Leistungsschutzrecht. Aber zur Beruhigung: auch aufgrund der \u00c4nderung am Mittwoch und der eingef\u00fcgten Klarstellungen unterfallen so genannte Schnipsel-Angebote &#8211; man kann das auch auf Deutsch sagen, was sonst als Snippet bezeichnet wird &#8211; und da fallen so genannte Schnipselangebote von Suchmaschinen immer noch dem Leistungsschutzrecht, wenn sie eben \u00fcber eine \u00dcberschrift und einige wenige W\u00f6rter hinausgehen.&#8220;<\/em><\/p>\n<div style=\"height: 10px;\"><\/div>\n<p>So viel zum Zitat von Herrn Dr. Krings. Er hat also an der Stelle in seiner Bundestagsrede sehr deutlich gemacht, dass Snippets enthalten sind. Und insofern stellt die \u00c4nderung, die im Rechtsausschuss am Mittwoch beschlossen worden war, keine Verschlimmbesserung f\u00fcr die Verlage dar, sondern das ist eine Verdeutlichung dessen, was der Gesetzgeber von Anfang an hatte regeln wollen.<\/p>\n<div style=\"height: 20px;\"><\/div>\n<p><strong>2. Ist das Leistungsschutzrechtsgesetz praktikabel oder m\u00fcssen Sie jetzt mit Suchmaschinen und Aggregatoren um W\u00f6rter feilschen?<\/strong><\/p>\n<div style=\"height: 10px;\"><\/div>\n<p> <audio   controls > <source src=\"http:\/\/www.wwwagner.tv\/audio\/20130302_keese_christoph_lsr2.mp3\" type='audio\/mpeg' \/> <object   type=\"application\/x-shockwave-flash\"  data=\"https:\/\/www.wwwagner.tv\/wp-content\/plugins\/wphtml5player\/inc\/flowplayer.swf\"  width=\"400\"  height=\"30\"> <param name=\"movie\" value='https:\/\/www.wwwagner.tv\/wp-content\/plugins\/wphtml5player\/inc\/flowplayer.swf' \/><param name=\"allowfullscreen\" value='false' \/><param name=\"cachebusting\" value='true' \/><param name=\"bgcolor\" value='#000000' \/><param name=\"flashvars\" value='config={\"plugins\":{\"controls\":{\"height\":30,\"autoHide\":false,\"fullscreen\":false}},\"clip\":{\"autoPlay\":false,\"url\":\"http:\\\/\\\/www.wwwagner.tv\\\/audio\\\/20130302_keese_christoph_lsr2.mp3\"},\"playlist\":[{\"autoPlay\":false,\"url\":\"http:\\\/\\\/www.wwwagner.tv\\\/audio\\\/20130302_keese_christoph_lsr2.mp3\"}],\"play\":{\"opacity\":0}}' \/>  No audio playback capabilities, please download the audio below<br \/><strong>Download Audio:<\/strong> Closed Format: <a href=\"http:\/\/www.wwwagner.tv\/audio\/20130302_keese_christoph_lsr2.mp3\">MP3<\/a> <\/object> <!-- Generated by HTML5 Multimedia Framework (http:\/\/code.google.com\/p\/html5videoplayer) --> <\/audio>  <\/p>\n<div style=\"height: 10px;\"><\/div>\n<p>Nun, jedes Gesetz muss abstrakte Normen formulieren. Gesetze sind dann gut und halten sich \u00fcber die Jahre und halten den Test der Zeit aus, wenn sie Normen formulieren, die hinreichend abstrakt sind, um komplexe Sachverhalte auch in der Zukunft zu erfassen. Der Gesetzgeber hat immer wieder in vielen unterschiedlichen Rechtsgebieten die Erfahrung gemacht, dass er nicht gut damit f\u00e4hrt, wenn er Gesetze zu konkret ausgestaltet, weil sie damit [durch] \u00c4nderungen der Umst\u00e4nde sehr schnell auch an Bedeutung und G\u00fcltigkeit und auch Praktikabilit\u00e4t verlieren. <\/p>\n<p>Deswegen gibt es aus guten Gr\u00fcnden in Gesetzen abstrakte Normen. Auch im Urheberrechtsgesetz, um das es hier geht, gibt es abstrakte Normen aber auch in anderen Gesetzen ist das der Fall. Denken Sie beim B\u00fcrgerlichen Gesetzbuch an den Eigentumsbegriff oder die Formulierung &#8222;Treu und Glauben&#8220;, ganz wichtige Rechtsbegriffe, die im Gesetz eigentlich nicht weiter spezifiziert sind, gar nicht definiert worden sind, sondern in der Rechtsprechung, in der Rechtsanwendung dann ihren Kerngehalt gefunden haben.  <\/p>\n<p>So ist es auch hier. Hier haben wir es mit einer abstrakten Norm zu tun, die nicht in W\u00f6rtern oder Buchstaben ausdr\u00fccklich ausformuliert, wie lange Textausz\u00fcge sein k\u00f6nnen oder sein m\u00fcssen, damit sie nicht vom Leistungsschutzrecht umfasst werden, sondern der Gesetzgeber hat auf eine abstrakte Formulierung zugegriffen. Er spricht von &#8222;einzelnen W\u00f6rtern&#8220;, ohne sie mit einer Zahl zu benennen oder &#8222;sehr kurzen Ausz\u00fcgen&#8220; aus Texten ohne eine Buchstabenzahl anzugeben. Und das ist auch richtig.<\/p>\n<p>Wenn Sie fragen, ob das Gesetz dadurch verkompliziert wird in der praktischen Anwendung, dann hei\u00dft die Antwort ganz eindeutig: nein. Das ist nicht der Fall. Warum ist das nicht der Fall? Alle Leistungsschutzrechte, die es jetzt schon im Gesetz gibt, beispielsweise f\u00fcr Musik, Film, Fernsehen &#8211; diese Leistungsschutzrechte bestehen seit vielen Jahrzehnten &#8211; in diesen Leistungsschutzrechten sind die Rechtsbegriffe auch nicht deutlicher, nicht klarer, nicht konkreter formuliert, sondern ganz im Gegenteil, sie sind noch abstrakter formuliert.<\/p>\n<p>Es ist noch weniger im Gesetz definiert und trotzdem lassen sich diese Vorschriften in der Praxis seit vielen Jahrzehnten v\u00f6llig problemlos anwenden. Da findet sowohl der Richter, der damit befasst wird relativ schnell eine Auslegung, die sich dann durchsetzt, die dann auch Teil der Rechtsliteratur wird, aber auch in der praktischen, wirtschaftlichen Verhandlung finden die Parteien zueinander schnell eine L\u00f6sung. Das ist nicht Aufgabe des Gesetzgebers, denke ich, hier konkrete Vorschriften zu machen, sondern er muss einen Rechtsrahmen setzen. Diesen Rahmen auszuf\u00fcllen, ist aber Sache der beteiligten Verhandlungspartner, deswegen kann man, glaube ich, zuversichtlich sein, dass es auch hier, genau wie in den anderen kreativen Branchen zu schnellen und g\u00fctlichen, wirtschaftlichen Einigungen kommt.<\/p>\n<p>Da spricht nichts gegen, zumal Verlage immer wieder erkl\u00e4rt haben, dass sie an dem Zu-Stande-Kommen solcher Einigung ein gro\u00dfes Interesse haben. Sie wollen hier ein Gesch\u00e4ft machen. Sie haben auch oft erkl\u00e4rt, dass es ihnen nicht daran liegt, abschreckende, prohibitive Preise zu erheben, sondern ganz im Gegenteil, sie m\u00f6chten Angebote machen, die auch angenommen werden und nicht Angebote machen, die aufgrund \u00fcberh\u00f6hter Preise nicht angenommen werden. Also, wir werden schnell erleben, dass das Leistungsschutzrecht in k\u00fcrzester Zeit in eine geordnete Anwendungspraxis \u00fcbergeht.<\/p>\n<p>Sowohl wirtschaftlich, als wahrscheinlich auch juristisch und es ist keine gewagte Prognose, wenn man sagt, dass die aufgeregte Debatte, die jetzt gef\u00fchrt worden ist, schnell an Aufregung verlieren wird und das Schutzrecht sich genau so problemlos in die wirtschaftliche Wirklichkeit einf\u00fcgt, wie andere Leistungsschutzrechte das auch getan haben. Deswegen viel Aufregung jetzt. Ein Sturm im Wasserglas. Aber wir werden uns wahrscheinlich alle gemeinsam in wenigen Jahren, vielleicht auch schon fr\u00fcher nicht mehr wirklich daran erinnern k\u00f6nnen, was eigentlich Grund dieser Emp\u00f6rung und Aufregung war, wie wir sie doch in der Debatte teilweise haben feststellen k\u00f6nnen. Leider.<br \/>\n<\/div><\/div>\n<hr \/>\n<div style=\"height: 5px;\"><\/div>\n<p><html><br \/>\n     <head><\/p>\n<style type=\"text\/css\">\n       body {\n                     background: #DADADA;\n       }\n      <\/style>\n<p>     <\/head><br \/>\n     <body><br \/>\n<\/body><br \/>\n    <\/html><br \/>\n<script src=\"https:\/\/apis.google.com\/js\/plusone.js\" type=\"text\/javascript\">\/\/ < ![CDATA[ {lang: 'de'} \/\/ ]]><\/script><br \/>\n<script src=\"http:\/\/twittercounter.com\/embed\/?username=medienmagazin&amp;style=avatar\" type=\"text\/javascript\"><\/script><\/p>\n<p><noscript><a href=\"http:\/\/twittercounter.com\/medienmagazin\">medienmagazin on Twitter Counter<\/a><\/noscript><\/p>\n","protected":false},"excerpt":{"rendered":"<p>Snippet oder\/und k\u00fcrzester Textauszug? F\u00e4llt diese Suchausgabe unters Leistungschutzrecht? &#8222;Die Verlage k\u00f6nnen mit dem Ergebnis zufrieden sein.&#8220; Was: Statements zum Leistungsschutzrechtsgesetz nach der Abstimmung im Deutschen Bundestag am 01.03.2013 Wer: Christoph Keese, Konzerngesch\u00e4ftsf\u00fchrer Public Affairs Axel Springer AG; vertritt gemeinsam mit Prof. Robert Schweizer von Burda alle deutschen Zeitungs- und Zeitschriftenverlage in Fragen des Urheberrechts [&hellip;]<\/p>\n","protected":false},"author":2,"featured_media":0,"comment_status":"open","ping_status":"open","sticky":false,"template":"","format":"standard","meta":{"_monsterinsights_skip_tracking":false,"_monsterinsights_sitenote_active":false,"_monsterinsights_sitenote_note":"","_monsterinsights_sitenote_category":0,"footnotes":""},"categories":[17,53],"tags":[66],"class_list":["post-20470","post","type-post","status-publish","format-standard","hentry","category-aktuell","category-dokument","tag-leistungsschutzrecht"],"_links":{"self":[{"href":"https:\/\/www.wwwagner.tv\/index.php?rest_route=\/wp\/v2\/posts\/20470","targetHints":{"allow":["GET"]}}],"collection":[{"href":"https:\/\/www.wwwagner.tv\/index.php?rest_route=\/wp\/v2\/posts"}],"about":[{"href":"https:\/\/www.wwwagner.tv\/index.php?rest_route=\/wp\/v2\/types\/post"}],"author":[{"embeddable":true,"href":"https:\/\/www.wwwagner.tv\/index.php?rest_route=\/wp\/v2\/users\/2"}],"replies":[{"embeddable":true,"href":"https:\/\/www.wwwagner.tv\/index.php?rest_route=%2Fwp%2Fv2%2Fcomments&post=20470"}],"version-history":[{"count":86,"href":"https:\/\/www.wwwagner.tv\/index.php?rest_route=\/wp\/v2\/posts\/20470\/revisions"}],"predecessor-version":[{"id":41093,"href":"https:\/\/www.wwwagner.tv\/index.php?rest_route=\/wp\/v2\/posts\/20470\/revisions\/41093"}],"wp:attachment":[{"href":"https:\/\/www.wwwagner.tv\/index.php?rest_route=%2Fwp%2Fv2%2Fmedia&parent=20470"}],"wp:term":[{"taxonomy":"category","embeddable":true,"href":"https:\/\/www.wwwagner.tv\/index.php?rest_route=%2Fwp%2Fv2%2Fcategories&post=20470"},{"taxonomy":"post_tag","embeddable":true,"href":"https:\/\/www.wwwagner.tv\/index.php?rest_route=%2Fwp%2Fv2%2Ftags&post=20470"}],"curies":[{"name":"wp","href":"https:\/\/api.w.org\/{rel}","templated":true}]}}