{"id":20573,"date":"2013-03-08T14:24:06","date_gmt":"2013-03-08T13:24:06","guid":{"rendered":"http:\/\/www.wwwagner.tv\/?p=20573"},"modified":"2019-07-30T04:48:03","modified_gmt":"2019-07-30T02:48:03","slug":"dju-dapd-insolvenz-hoffen-auf-ein-wunder","status":"publish","type":"post","link":"https:\/\/www.wwwagner.tv\/?p=20573","title":{"rendered":"dju: dapd-Insolvenz &#8211; Hoffen auf ein Wunder"},"content":{"rendered":"<h3>Planlosigkeit bei dapd<\/h3>\n<div style=\"height: 10px;\"><\/div>\n<p><a href=\"http:\/\/www.wwwagner.tv\/wp-content\/uploads\/20130307-hass_cornelia_1_600.jpg\"><img loading=\"lazy\" decoding=\"async\" src=\"http:\/\/www.wwwagner.tv\/wp-content\/uploads\/20130307-hass_cornelia_1_600.jpg\" alt=\"\" title=\"20130307-hass_cornelia_1_600\" width=\"600\" height=\"422\" class=\"alignnone size-full wp-image-20575\" srcset=\"https:\/\/www.wwwagner.tv\/wp-content\/uploads\/20130307-hass_cornelia_1_600.jpg 600w, https:\/\/www.wwwagner.tv\/wp-content\/uploads\/20130307-hass_cornelia_1_600-300x211.jpg 300w\" sizes=\"auto, (max-width: 600px) 100vw, 600px\" \/><\/a><\/p>\n<div style=\"height: 10px;\"><\/div>\n <audio   controls > <source src=\"http:\/\/www.wwwagner.tv\/audio\/20130307_hass_cornelia_96.mp3\" type='audio\/mpeg' \/> <object   type=\"application\/x-shockwave-flash\"  data=\"https:\/\/www.wwwagner.tv\/wp-content\/plugins\/wphtml5player\/inc\/flowplayer.swf\"  width=\"400\"  height=\"30\"> <param name=\"movie\" value='https:\/\/www.wwwagner.tv\/wp-content\/plugins\/wphtml5player\/inc\/flowplayer.swf' \/><param name=\"allowfullscreen\" value='false' \/><param name=\"cachebusting\" value='true' \/><param name=\"bgcolor\" value='#000000' \/><param name=\"flashvars\" value='config={\"plugins\":{\"controls\":{\"height\":30,\"autoHide\":false,\"fullscreen\":false}},\"clip\":{\"autoPlay\":false,\"url\":\"http:\\\/\\\/www.wwwagner.tv\\\/audio\\\/20130307_hass_cornelia_96.mp3\"},\"playlist\":[{\"autoPlay\":false,\"url\":\"http:\\\/\\\/www.wwwagner.tv\\\/audio\\\/20130307_hass_cornelia_96.mp3\"}],\"play\":{\"opacity\":0}}' \/>  No audio playback capabilities, please download the audio below<br \/><strong>Download Audio:<\/strong> Closed Format: <a href=\"http:\/\/www.wwwagner.tv\/audio\/20130307_hass_cornelia_96.mp3\">MP3<\/a> <\/object> <!-- Generated by HTML5 Multimedia Framework (http:\/\/code.google.com\/p\/html5videoplayer) --> <\/audio>  \n<div style=\"height: 10px;\"><\/div>\n<p><u>Wer<\/u>:<br \/>\n* Cornelia Ha\u00df, dju-Bundesgesch\u00e4ftsf\u00fchrerin (Foto)<br \/>\n* <a href=\"https:\/\/twitter.com\/VeraLi\" target=\"_blank\" rel=\"noopener noreferrer\">Vera Lin\u00df<\/a>, Medienjournalistin<br \/>\n<u>Was<\/u>: Interview zur zweiten dapd-Insolvenz<br \/>\n<u>Wann<\/u>: 07.03.2013, ca. 17:20 Uhr<br \/>\n<u>Wo<\/u>: Berlin<\/p>\n<div style=\"height: 20px;\"><\/div>\n<div id='stb-container-9603' class='stb-container-css stb-grey-container stb-no-caption stb-image-none stb-ltr stb-border stb-side'><aside class='stb-icon'><img src='http:\/\/www.wwwagner.tv\/wp-content\/plugins\/wp-special-textboxes\/themes\/stb-dark\/gears.png'><\/aside><div id='stb-box-9603' class='stb-grey_box stb-box' ><br \/>\n(w\u00f6rtliches Transkript)<\/p>\n<blockquote><p>\n00:00<br \/>\n<u>Vera Lin\u00df<\/u>: Im Moment kursieren ja die wildesten Verschw\u00f6rungstheorien. Dass alles von langer Hand geplant gewesen sei und jetzt h\u00e4tten wir das Ergebnis. Was halten Sie von solchen Ideen?<\/p>\n<p><u>Cornelia Ha\u00df<\/u>: Ich glaube nicht, dass es einen gro\u00dfen Plan gegeben hat, das Ding jetzt ein zweites Mal so an die Wand fahren zu lassen. Mir w\u00e4re nicht klar oder einleuchtend, was da f\u00fcr eine Strategie dahinter stecken sollte, was damit f\u00fcr ein Ziel erreicht werden soll. Ich habe eher den Eindruck, dass aus einer ganz gro\u00dfen Planlosigkeit jetzt die Tatsache entstanden ist, dass der Laden einfach gegen die Wand gefahren ist. Was sicherlich so weder beabsichtigt noch gewollt gewesen ist. Es ist einfach passiert und das zeugt aus meiner Sicht von einer Planlosigkeit.<\/p>\n<p><u>Vera Lin\u00df<\/u>: Sie haben ja Ulrich Ende auch erlebt in Berlin auf einer Diskussionsveranstaltung vor einigen Wochen. Was war Ihr Eindruck von ihm als Manager oder als Gesch\u00e4ftsf\u00fchrer dieser Agentur?<\/p>\n<p>00:52<br \/>\n<u>Cornelia Ha\u00df<\/u>: Es w\u00e4re vermessen zu sagen, dass ich nach dieser Veranstaltung schon diese schnelle negative Entwicklung h\u00e4tte absehen k\u00f6nnen. Aber ich war schon entsetzt dar\u00fcber, wie Herr Ende mit Zahlen jongliert hat und einen Arbeitsplatzabbau versucht hat, durch prozentuale Berechnungen klein zu reden, der objektiv stattgefunden hat. Und wie alles \u00fcberhaupt so unter so einem Mantel des Wohlbefindens zusammengekuschelt wurde, ohne dass mir klar geworden ist an diesem Abend, was er eigentlich mit der Agentur vorhat. Wie er sie erfolgreich in die Zukunft fahren will. Da ist mir schon ein bisschen angst und bange geworden. <\/p>\n<p><u>Vera Lin\u00df<\/u>: Ein Thema sind ja auch die Investoren. Bis zum Schluss hat er ja auch nicht offen gelegt, wer eigentlich investieren sollte und auch investiert hat. Zwei wurden genannt, aber nicht das gesamte Paket. Ist das eigentlich \u00fcblich, dass man sich da so bedeckt h\u00e4lt?<\/p>\n<p>01:43<br \/>\n<u>Cornelia Ha\u00df<\/u>: Ich fand das eher un\u00fcblich. Oder, ich fand das tats\u00e4chlich sehr befremdlich. Ich h\u00e4tte mir gew\u00fcnscht, dass da eine Transparenz hergestellt worden w\u00e4re. Dass man auch so ein bisschen einsch\u00e4tzen kann, wie viel Geld ist da eigentlich im Hintergrund vorhanden? Denn es war klar, es w\u00fcrde Investitionen geben m\u00fcssen in die Akquise neuer Agenturpartner, in die Akquise neuer Kunden, dass das nicht zum Nulltarif zu haben sein w\u00fcrde und auch schon gar nicht jetzt nach dem Arbeitsplatzabbau, dass da alles so weitergehen k\u00f6nnte, wie vorher, das w\u00e4re nicht m\u00f6glich gewesen. Also musste Geld her und ich fand es nicht positiv f\u00fcr die Aussichten der Agentur, nicht zu wissen, wer da tats\u00e4chlich in diesem f\u00fcnf- oder siebenk\u00f6pfigen Konsortium drinsteckt und was sich da tats\u00e4chlich f\u00fcr Gelder verbergen.<\/p>\n<p><u>Vera Lin\u00df<\/u>: Nun war ja ein Argument daf\u00fcr, dass es die Insolvenz jetzt gegeben hat, nach so kurzer Zeit wieder eine Insolvenz, ein Argument waren diese K\u00fcndigungsschutzklagen. Dass man gesagt hat, das belastet uns finanziell so sehr, dass die Investoren zur\u00fcckgeschreckt haben und dass darum das Geld nicht reicht. Was halten Sie von dieser Argumentation?<\/p>\n<p>02:51<br \/>\n<u>Cornelia Ha\u00df<\/u>: Ich finde diese Argumentation nicht nur fadenscheinig, sondern ausgesprochen zynisch. Da werden die Kolleginnen und Kollegen, die gek\u00fcndigt worden sind, ausgespielt gegen die, die jetzt um ihre Arbeitspl\u00e4tze bangen. Und es wird mit den Fingern noch mal auf sie gezeigt und wird gesagt, kuck mal, die sind Schuld daran, dass es uns jetzt so schlecht geht. Das ist totaler Quatsch. Als diese K\u00fcndigungen ausgesprochen worden sind, h\u00e4tte allen Beteiligten klar sein m\u00fcssen, dass das ein rechtlich angreifbares Verfahren ist, das damals gew\u00e4hlt worden ist und diese K\u00fcndigungsschutzklagen sind rechtm\u00e4\u00dfig. Da versuchen Besch\u00e4ftigte ihr gutes Recht einzuklagen. Und das jetzt als Vorwand zu nutzen, um die eigene Unf\u00e4higkeit, ein vern\u00fcnftiges, tragf\u00e4higes wirtschaftliches Konzept aufzubauen, dass das jetzt als Vorwand benutzt wird, das ist aus meiner Sicht kaum noch zu \u00fcberbieten und es macht mich immer wieder richtig w\u00fctend, so was zu h\u00f6ren. <\/p>\n<p><u>Vera Lin\u00df<\/u>: Das h\u00e4tte also Herr Ende auch von Anfang an sehen m\u00fcssen, dass das ein Posten sein wird, der auf ihn zukommen wird und den er halt mit kalkulieren muss? <\/p>\n<p>03:51<br \/>\n<u>Cornelia Ha\u00df<\/u>: Das ist richtig. Es war abzusehen, dass es entsprechende Klagen geben w\u00fcrde, und das muss dann in einem seri\u00f6sen Konzept Teil der Finanzplanung sein. Und es m\u00fcssen trotzdem noch genug andere Gelder da sein, um notwendige Investitionen vorzunehmen. Man kann da nicht sagen, ach das ist jetzt ganz spontan \u00fcber uns gekommen. Das war absehbar.<\/p>\n<p><u>Vera Lin\u00df<\/u>: Nun gibt es doch noch mal Insolvenzgeld, also bis April wird gezahlt, noch zwei Monate. Was kann Ihrer Meinung nach in dieser Zeit passieren mit der Agentur? <\/p>\n<p>04:20<br \/>\n<u>Cornelia Ha\u00df<\/u>: Ja, wir hoffen nat\u00fcrlich alle, dass ein Wunder geschieht. Da w\u00fcrde ich mich in die erste Reihe derer stellen, die der Agentur eine gute Zukunft w\u00fcnschen. Ich h\u00f6re aus der Belegschaft, dass es da eine sehr zwiesp\u00e4ltige Stimmung gibt. Die einen bauen und hoffen auf dieses Wunder. Die anderen sprechen eher von einer Geisterstimmung. Ich kann beides den Kolleginnen und Kollegen \u00fcberhaupt nicht verdenken. Und au\u00dfer auf ein Wunder zu hoffen, bleibt, glaube ich, in diesen zwei Monaten wenig, es sei denn, es gibt konkrete Pl\u00e4ne, von denen wir alle noch nichts wissen. Dann w\u00fcrde ich mir aber w\u00fcnschen, dass es jetzt allerh\u00f6chste Zeit ist, diese Pl\u00e4ne zu ver\u00f6ffentlichen. Weil, jeder Tag, der verstreicht, schreckt nat\u00fcrlich auch potentielle Kunden ab. <\/p>\n<div style=\"height: 20px;\"><\/div>\n<\/blockquote>\n<p> <\/div><\/div>\n<div style=\"height: 10px;\"><\/div>\n<hr \/>\n<p>(Foto: \u00a9 Vera Lin\u00df)<\/p>\n<div style=\"height: 5px;\"><\/div>\n<p><html><br \/>\n     <head><\/p>\n<style type=\"text\/css\">\n       body {\n                     background: #DADADA;\n       }\n      <\/style>\n<p>     <\/head><br \/>\n     <body><br \/>\n<\/body><br \/>\n    <\/html><br \/>\n<script src=\"https:\/\/apis.google.com\/js\/plusone.js\" type=\"text\/javascript\">\/\/ < ![CDATA[ {lang: 'de'} \/\/ ]]><\/script><br \/>\n<script src=\"http:\/\/twittercounter.com\/embed\/?username=medienmagazin&amp;style=avatar\" type=\"text\/javascript\"><\/script><\/p>\n<p><noscript><a href=\"http:\/\/twittercounter.com\/medienmagazin\">medienmagazin on Twitter Counter<\/a><\/noscript><\/p>\n","protected":false},"excerpt":{"rendered":"<p>Planlosigkeit bei dapd No audio playback capabilities, please download the audio belowDownload Audio: Closed Format: MP3 Wer: * Cornelia Ha\u00df, dju-Bundesgesch\u00e4ftsf\u00fchrerin (Foto) * Vera Lin\u00df, Medienjournalistin Was: Interview zur zweiten dapd-Insolvenz Wann: 07.03.2013, ca. 17:20 Uhr Wo: Berlin (Foto: \u00a9 Vera Lin\u00df) medienmagazin on Twitter Counter<\/p>\n","protected":false},"author":2,"featured_media":0,"comment_status":"closed","ping_status":"closed","sticky":false,"template":"","format":"standard","meta":{"_monsterinsights_skip_tracking":false,"_monsterinsights_sitenote_active":false,"_monsterinsights_sitenote_note":"","_monsterinsights_sitenote_category":0,"footnotes":""},"categories":[17],"tags":[376],"class_list":["post-20573","post","type-post","status-publish","format-standard","hentry","category-aktuell","tag-dapd"],"_links":{"self":[{"href":"https:\/\/www.wwwagner.tv\/index.php?rest_route=\/wp\/v2\/posts\/20573","targetHints":{"allow":["GET"]}}],"collection":[{"href":"https:\/\/www.wwwagner.tv\/index.php?rest_route=\/wp\/v2\/posts"}],"about":[{"href":"https:\/\/www.wwwagner.tv\/index.php?rest_route=\/wp\/v2\/types\/post"}],"author":[{"embeddable":true,"href":"https:\/\/www.wwwagner.tv\/index.php?rest_route=\/wp\/v2\/users\/2"}],"replies":[{"embeddable":true,"href":"https:\/\/www.wwwagner.tv\/index.php?rest_route=%2Fwp%2Fv2%2Fcomments&post=20573"}],"version-history":[{"count":34,"href":"https:\/\/www.wwwagner.tv\/index.php?rest_route=\/wp\/v2\/posts\/20573\/revisions"}],"predecessor-version":[{"id":43718,"href":"https:\/\/www.wwwagner.tv\/index.php?rest_route=\/wp\/v2\/posts\/20573\/revisions\/43718"}],"wp:attachment":[{"href":"https:\/\/www.wwwagner.tv\/index.php?rest_route=%2Fwp%2Fv2%2Fmedia&parent=20573"}],"wp:term":[{"taxonomy":"category","embeddable":true,"href":"https:\/\/www.wwwagner.tv\/index.php?rest_route=%2Fwp%2Fv2%2Fcategories&post=20573"},{"taxonomy":"post_tag","embeddable":true,"href":"https:\/\/www.wwwagner.tv\/index.php?rest_route=%2Fwp%2Fv2%2Ftags&post=20573"}],"curies":[{"name":"wp","href":"https:\/\/api.w.org\/{rel}","templated":true}]}}