{"id":20605,"date":"2013-03-09T13:02:25","date_gmt":"2013-03-09T12:02:25","guid":{"rendered":"http:\/\/www.wwwagner.tv\/?p=20605"},"modified":"2018-10-12T10:45:33","modified_gmt":"2018-10-12T09:45:33","slug":"die-scanner-buchervernichtung-2035","status":"publish","type":"post","link":"https:\/\/www.wwwagner.tv\/?p=20605","title":{"rendered":"Die Scanner &#8211; B\u00fcchervernichtung 2035"},"content":{"rendered":"<figure id=\"attachment_20643\" aria-describedby=\"caption-attachment-20643\" style=\"width: 600px\" class=\"wp-caption alignnone\"><a href=\"http:\/\/www.wwwagner.tv\/wp-content\/uploads\/20130306-IMG_3290_schaeuble_martin_600.jpg\"><img loading=\"lazy\" decoding=\"async\" src=\"http:\/\/www.wwwagner.tv\/wp-content\/uploads\/20130306-IMG_3290_schaeuble_martin_600.jpg\" alt=\"Martin Sch\u00e4uble | Foto: \u00a9 J\u00f6rg Wagner\" width=\"600\" height=\"392\" class=\"size-full wp-image-20643\" srcset=\"https:\/\/www.wwwagner.tv\/wp-content\/uploads\/20130306-IMG_3290_schaeuble_martin_600.jpg 600w, https:\/\/www.wwwagner.tv\/wp-content\/uploads\/20130306-IMG_3290_schaeuble_martin_600-300x196.jpg 300w\" sizes=\"auto, (max-width: 600px) 100vw, 600px\" \/><\/a><figcaption id=\"caption-attachment-20643\" class=\"wp-caption-text\">Martin Sch\u00e4uble | Foto: \u00a9 J\u00f6rg Wagner<\/figcaption><\/figure>\n<div style=\"height:10px;\"><\/div>\n<blockquote><p><em>&#8222;Das sind auch eigene Wunden.&#8220;<\/em><\/p><\/blockquote>\n<div style=\"height:10px;\"><\/div>\n<p><u>Wer<\/u>: Robert M. Sonntag alias <a href=\"http:\/\/www.martin-schaeuble.net\/\" target=\"_blank\">Martin Sch\u00e4uble<\/a> (Foto)<br \/>\n<u>Was<\/u>: Interview \u00fcber das Buch &#8222;Die Scanner&#8220;<br \/>\n<u>Wo<\/u>: Berlin, S. Fischer Verlag<br \/>\n<u>Wann<\/u>: 06.03.2013, ca. 11:30; ver\u00f6ffentlicht im radioeins-Medienmagazin 09.03.2013<\/p>\n<div style=\"height:20px;\"><\/div>\n<div class=\"BorlabsCookie\"><div class=\"_brlbs-content-blocker\"> <div class=\"_brlbs-embed _brlbs-video-youtube\"> <img class=\"_brlbs-thumbnail\" src=\"https:\/\/www.wwwagner.tv\/wp-content\/plugins\/borlabs-cookie\/images\/cb-no-thumbnail.png\" alt=\"YouTube\"> <div class=\"_brlbs-caption\"> <p>Mit dem Laden des Videos akzeptieren Sie die Datenschutzerkl\u00e4rung von YouTube.<br><a href=\"https:\/\/policies.google.com\/privacy\" target=\"_blank\" rel=\"nofollow noopener noreferrer\">Mehr erfahren<\/a><\/p> <p><a class=\"_brlbs-btn _brlbs-icon-play-white\" href=\"#\" data-borlabs-cookie-unblock role=\"button\">Video laden<\/a><\/p> <p><label><input type=\"checkbox\" name=\"unblockAll\" value=\"1\" checked> <small>YouTube immer entsperren<\/small><\/label><\/p> <\/div> <\/div> <\/div><div class=\"borlabs-hide\" data-borlabs-cookie-type=\"content-blocker\" data-borlabs-cookie-id=\"youtube\"><script type=\"text\/template\">PHA+PGlmcmFtZSBsb2FkaW5nPSJsYXp5IiB3aWR0aD0iNDAwIiBoZWlnaHQ9IjIyNSIgc3JjPSJodHRwczovL3d3dy55b3V0dWJlLW5vY29va2llLmNvbS9lbWJlZC8wZTBzRVdkOHZyOCIgZnJhbWVib3JkZXI9IjAiIGFsbG93ZnVsbHNjcmVlbj48L2lmcmFtZT48L3A+<\/script><\/div><\/div>\n<div style=\"height:10px;\"><\/div>\n<p>Der Autor Martin Sch\u00e4uble im Interview \u00fcber seinen Zukunftsroman &#8222;Die Scanner&#8220;, der eine Welt im Jahre 2035 aus der Sicht von Robert M. Sonntag (geb. 2010)  beschreibt, in der Papierb\u00fccher gescannt und dann vernichtet werden. Angeblich zum Wohle aller. Doch offenbar werden nicht alle Informationen allen zug\u00e4nglich gemacht.<\/p>\n<p><u>Autor<\/u>: Robert M. Sonntag<br \/>\n<u>Titel<\/u>: Die Scanner (Roman)<br \/>\n<u>Preis<\/u>: 12,99 \u20ac<br \/>\n<u>ISBN<\/u>: 978-3-596-85537-7<br \/>\n<u>Erschienen<\/u>: 07.03.2013<\/p>\n<div style=\"height:10px;\"><\/div>\n<p><u>Vgl<\/u>.: Buch auf der <a href=\"http:\/\/www.fischerverlage.de\/buch\/die_scanner\/9783596855377\" target=\"_blank\">Verlagsseite<\/a><\/p>\n<div style=\"height:30px;\"><\/div>\n<div class=\"BorlabsCookie\"><div class=\"_brlbs-content-blocker\"> <div class=\"_brlbs-embed _brlbs-video-youtube\"> <img class=\"_brlbs-thumbnail\" src=\"https:\/\/www.wwwagner.tv\/wp-content\/plugins\/borlabs-cookie\/images\/cb-no-thumbnail.png\" alt=\"YouTube\"> <div class=\"_brlbs-caption\"> <p>Mit dem Laden des Videos akzeptieren Sie die Datenschutzerkl\u00e4rung von YouTube.<br><a href=\"https:\/\/policies.google.com\/privacy\" target=\"_blank\" rel=\"nofollow noopener noreferrer\">Mehr erfahren<\/a><\/p> <p><a class=\"_brlbs-btn _brlbs-icon-play-white\" href=\"#\" data-borlabs-cookie-unblock role=\"button\">Video laden<\/a><\/p> <p><label><input type=\"checkbox\" name=\"unblockAll\" value=\"1\" checked> <small>YouTube immer entsperren<\/small><\/label><\/p> <\/div> <\/div> <\/div><div class=\"borlabs-hide\" data-borlabs-cookie-type=\"content-blocker\" data-borlabs-cookie-id=\"youtube\"><script type=\"text\/template\">PHA+PGlmcmFtZSBsb2FkaW5nPSJsYXp5IiB3aWR0aD0iNDAwIiBoZWlnaHQ9IjIyNSIgc3JjPSJodHRwczovL3d3dy55b3V0dWJlLW5vY29va2llLmNvbS9lbWJlZC9YR3JCaktOTmtpTSIgZnJhbWVib3JkZXI9IjAiIGFsbG93ZnVsbHNjcmVlbj48L2lmcmFtZT48L3A+<\/script><\/div><\/div>\n<div style=\"height:10px;\"><\/div>\n<hr \/>\n<div style=\"height: 5px;\"><\/div>\n<p><html><br \/>\n     <head><\/p>\n<style type=\"text\/css\">\n       body {\n                     background: #DADADA;\n       }\n      <\/style>\n<p>     <\/head><br \/>\n     <body><br \/>\n<\/body><br \/>\n    <\/html><br \/>\n<script src=\"https:\/\/apis.google.com\/js\/plusone.js\" type=\"text\/javascript\">\/\/ < ![CDATA[ {lang: 'de'} \/\/ ]]><\/script><br \/>\n<script src=\"http:\/\/twittercounter.com\/embed\/?username=medienmagazin&amp;style=avatar\" type=\"text\/javascript\"><\/script><\/p>\n<p><noscript><a href=\"http:\/\/twittercounter.com\/medienmagazin\">medienmagazin on Twitter Counter<\/a><\/noscript><\/p>\n","protected":false},"excerpt":{"rendered":"<p>&#8222;Das sind auch eigene Wunden.&#8220; Wer: Robert M. Sonntag alias Martin Sch\u00e4uble (Foto) Was: Interview \u00fcber das Buch &#8222;Die Scanner&#8220; Wo: Berlin, S. Fischer Verlag Wann: 06.03.2013, ca. 11:30; ver\u00f6ffentlicht im radioeins-Medienmagazin 09.03.2013 Mit dem Laden des Videos akzeptieren Sie die Datenschutzerkl\u00e4rung von YouTube.Mehr erfahren Video laden YouTube immer entsperren Der Autor Martin Sch\u00e4uble im [&hellip;]<\/p>\n","protected":false},"author":2,"featured_media":0,"comment_status":"open","ping_status":"open","sticky":false,"template":"","format":"standard","meta":{"_monsterinsights_skip_tracking":false,"_monsterinsights_sitenote_active":false,"_monsterinsights_sitenote_note":"","_monsterinsights_sitenote_category":0,"footnotes":""},"categories":[17],"tags":[608,56,68],"class_list":["post-20605","post","type-post","status-publish","format-standard","hentry","category-aktuell","tag-buch","tag-google","tag-internet"],"_links":{"self":[{"href":"https:\/\/www.wwwagner.tv\/index.php?rest_route=\/wp\/v2\/posts\/20605","targetHints":{"allow":["GET"]}}],"collection":[{"href":"https:\/\/www.wwwagner.tv\/index.php?rest_route=\/wp\/v2\/posts"}],"about":[{"href":"https:\/\/www.wwwagner.tv\/index.php?rest_route=\/wp\/v2\/types\/post"}],"author":[{"embeddable":true,"href":"https:\/\/www.wwwagner.tv\/index.php?rest_route=\/wp\/v2\/users\/2"}],"replies":[{"embeddable":true,"href":"https:\/\/www.wwwagner.tv\/index.php?rest_route=%2Fwp%2Fv2%2Fcomments&post=20605"}],"version-history":[{"count":50,"href":"https:\/\/www.wwwagner.tv\/index.php?rest_route=\/wp\/v2\/posts\/20605\/revisions"}],"predecessor-version":[{"id":41085,"href":"https:\/\/www.wwwagner.tv\/index.php?rest_route=\/wp\/v2\/posts\/20605\/revisions\/41085"}],"wp:attachment":[{"href":"https:\/\/www.wwwagner.tv\/index.php?rest_route=%2Fwp%2Fv2%2Fmedia&parent=20605"}],"wp:term":[{"taxonomy":"category","embeddable":true,"href":"https:\/\/www.wwwagner.tv\/index.php?rest_route=%2Fwp%2Fv2%2Fcategories&post=20605"},{"taxonomy":"post_tag","embeddable":true,"href":"https:\/\/www.wwwagner.tv\/index.php?rest_route=%2Fwp%2Fv2%2Ftags&post=20605"}],"curies":[{"name":"wp","href":"https:\/\/api.w.org\/{rel}","templated":true}]}}