{"id":21179,"date":"2013-04-21T17:05:06","date_gmt":"2013-04-21T16:05:06","guid":{"rendered":"http:\/\/www.wwwagner.tv\/?p=21179"},"modified":"2014-10-30T20:29:10","modified_gmt":"2014-10-30T19:29:10","slug":"ard-vorsitzender-mehr-transparenz","status":"publish","type":"post","link":"https:\/\/www.wwwagner.tv\/?p=21179","title":{"rendered":"ARD-Vorsitzender: Mehr Transparenz"},"content":{"rendered":"<div style=\"height: 70px;\"><\/div>\n<figure id=\"attachment_21255\" aria-describedby=\"caption-attachment-21255\" style=\"width: 600px\" class=\"wp-caption alignnone\"><a href=\"http:\/\/www.wwwagner.tv\/wp-content\/uploads\/20130417_IMG_3982_marmor_lutz_6001.jpg\"><img loading=\"lazy\" decoding=\"async\" src=\"http:\/\/www.wwwagner.tv\/wp-content\/uploads\/20130417_IMG_3982_marmor_lutz_6001.jpg\" alt=\"Lutz Marmor, NDR-Intendant und ARD-Vorsitzender\" title=\"Lutz Marmor, NDR-Intendant und ARD-Vorsitzender\" width=\"600\" height=\"373\" class=\"size-full wp-image-21255\" srcset=\"https:\/\/www.wwwagner.tv\/wp-content\/uploads\/20130417_IMG_3982_marmor_lutz_6001.jpg 600w, https:\/\/www.wwwagner.tv\/wp-content\/uploads\/20130417_IMG_3982_marmor_lutz_6001-300x186.jpg 300w\" sizes=\"auto, (max-width: 600px) 100vw, 600px\" \/><\/a><figcaption id=\"caption-attachment-21255\" class=\"wp-caption-text\">Lutz Marmor, NDR-Intendant und ARD-Vorsitzender<\/figcaption><\/figure>\n<div style=\"height: 20px;\"><\/div>\n <audio   controls > <source src=\"http:\/\/www.wwwagner.tv\/audio\/20130417_marmor_lutz_128.mp3\" type='audio\/mpeg' \/> <object   type=\"application\/x-shockwave-flash\"  data=\"https:\/\/www.wwwagner.tv\/wp-content\/plugins\/wphtml5player\/inc\/flowplayer.swf\"  width=\"400\"  height=\"30\"> <param name=\"movie\" value='https:\/\/www.wwwagner.tv\/wp-content\/plugins\/wphtml5player\/inc\/flowplayer.swf' \/><param name=\"allowfullscreen\" value='false' \/><param name=\"cachebusting\" value='true' \/><param name=\"bgcolor\" value='#000000' \/><param name=\"flashvars\" value='config={\"plugins\":{\"controls\":{\"height\":30,\"autoHide\":false,\"fullscreen\":false}},\"clip\":{\"autoPlay\":false,\"url\":\"http:\\\/\\\/www.wwwagner.tv\\\/audio\\\/20130417_marmor_lutz_128.mp3\"},\"playlist\":[{\"autoPlay\":false,\"url\":\"http:\\\/\\\/www.wwwagner.tv\\\/audio\\\/20130417_marmor_lutz_128.mp3\"}],\"play\":{\"opacity\":0}}' \/>  No audio playback capabilities, please download the audio below<br \/><strong>Download Audio:<\/strong> Closed Format: <a href=\"http:\/\/www.wwwagner.tv\/audio\/20130417_marmor_lutz_128.mp3\">MP3<\/a> <\/object> <!-- Generated by HTML5 Multimedia Framework (http:\/\/code.google.com\/p\/html5videoplayer) --> <\/audio>  \n<div style=\"height: 10px;\"><\/div>\n<p><span style=\"color: #ffa500;\">Wer:<\/span> Lutz Marmor, NDR-Intendant und ARD-Vorsitzender<br \/>\n<span style=\"color: #ffa500;\">Was:<\/span> Interview \u00fcber die Zukunft der sechs digitalen ARD\/ZDF Spartenkan\u00e4le und die Zusammenarbeit mit der Deutschen Welle<br \/>\n<span style=\"color: #ffa500;\">Wann:<\/span> rec.: 17.04.2013, gesendet im radioeins-Medienmagazin, rbb (20.\/21.04.2013)<br \/>\n<span style=\"color: #ffa500;\">Wo:<\/span> Berlin, NRW-Landesvertretung beim Bund, ARD-Pressekonferenz<\/p>\n<div style=\"height: 20px;\"><\/div>\n<p>+++<\/p>\n<div style=\"height: 20px;\"><\/div>\n<p><span style=\"color: #ffa500;\">Lutz Marmor:<\/span> <span style=\"color: #c0c0c0;\"> Grunds\u00e4tzlich stehen wir dem Anliegen nach mehr Transparenz auch nachvollziehbar und offen gegen\u00fcber. Ich habe eben auch auf der Pressekonferenz erkl\u00e4rt, das ist nicht ganz einfach, weil wir sehr, sehr viel an Synergieen, was sehr gut ist f\u00fcr die Beitragszahler, Kooperationen haben. Also, es gibt z. B. Menschen, die arbeiten ja nicht f\u00fcr <em>eine<\/em> Sendung. <a href=\"http:\/\/www.wwwagner.tv\/wp-content\/uploads\/20130417_IMG_3981_marmor_lutz_400.jpg\"><img loading=\"lazy\" decoding=\"async\" src=\"http:\/\/www.wwwagner.tv\/wp-content\/uploads\/20130417_IMG_3981_marmor_lutz_400.jpg\" alt=\"\" title=\"20130417_IMG_3981_marmor_lutz_400\" width=\"400\" height=\"274\" class=\"alignnone size-full wp-image-21257\" srcset=\"https:\/\/www.wwwagner.tv\/wp-content\/uploads\/20130417_IMG_3981_marmor_lutz_400.jpg 400w, https:\/\/www.wwwagner.tv\/wp-content\/uploads\/20130417_IMG_3981_marmor_lutz_400-300x205.jpg 300w\" sizes=\"auto, (max-width: 400px) 100vw, 400px\" \/><\/a> Und wenn wir dann gefragt werden, was kostet die tagesschau, dann muss man entscheiden, ja wieviel macht der jetzt f\u00fcr die tagesschau, der Auslandskorrespondent, und wieviel f\u00fcr andere Sendungen. Da haben wir einen Auftrag gegeben. Da m\u00f6chten wir doch im Sommer wirklich auch im Netz entsprechende Daten aufbereiten. Die Kritik ist berechtigt. Nur Insider verstehen dann KEF-Bericht und \u00e4hnliches. Da werden wir eine Menge Daten dann pr\u00e4sentieren. Ich hoffe, dass die dann auch den Anspr\u00fcchen von <a href=\"https:\/\/netzpolitik.org\/2013\/aufruf-zur-mitarbeit-open-ard-zdf\/\" target=\"_blank\">Netz[politik].org<\/a> dann gen\u00fcgen. Aber, das m\u00fcssen wir sehen. Vielleicht gibt&#8217;s dann auch noch einmal einen Dialog. Erst einmal muss man einen ersten Schritt machen. Dann kann man es auch weiter entwickeln. Aber grunds\u00e4tzlich ist Einigkeit unter den ARD-Anstalten, dass wir da nach vorn gehen wollen.<\/span> <span style=\"color: #888888;\">(w\u00f6rtliches Transkript)<\/span><\/p>\n<div style=\"height: 10px;\"><\/div>\n<p> <audio   controls > <source src=\"http:\/\/www.wwwagner.tv\/audio\/20130417_marmor_lutz_transparenz_128.mp3\" type='audio\/mpeg' \/> <object   type=\"application\/x-shockwave-flash\"  data=\"https:\/\/www.wwwagner.tv\/wp-content\/plugins\/wphtml5player\/inc\/flowplayer.swf\"  width=\"400\"  height=\"30\"> <param name=\"movie\" value='https:\/\/www.wwwagner.tv\/wp-content\/plugins\/wphtml5player\/inc\/flowplayer.swf' \/><param name=\"allowfullscreen\" value='false' \/><param name=\"cachebusting\" value='true' \/><param name=\"bgcolor\" value='#000000' \/><param name=\"flashvars\" value='config={\"plugins\":{\"controls\":{\"height\":30,\"autoHide\":false,\"fullscreen\":false}},\"clip\":{\"autoPlay\":false,\"url\":\"http:\\\/\\\/www.wwwagner.tv\\\/audio\\\/20130417_marmor_lutz_transparenz_128.mp3\"},\"playlist\":[{\"autoPlay\":false,\"url\":\"http:\\\/\\\/www.wwwagner.tv\\\/audio\\\/20130417_marmor_lutz_transparenz_128.mp3\"}],\"play\":{\"opacity\":0}}' \/>  No audio playback capabilities, please download the audio below<br \/><strong>Download Audio:<\/strong> Closed Format: <a href=\"http:\/\/www.wwwagner.tv\/audio\/20130417_marmor_lutz_transparenz_128.mp3\">MP3<\/a> <\/object> <!-- Generated by HTML5 Multimedia Framework (http:\/\/code.google.com\/p\/html5videoplayer) --> <\/audio>  <br \/>\n<a href=\"http:\/\/www.wwwagner.tv\/audio\/20130417_marmor_lutz_transparenz_128.mp3\" target=\"_blank\">Download<\/a><\/p>\n<div style=\"height: 10px;\"><\/div>\n<p><span style=\"color: #ffa500;\">Wer:<\/span> Lutz Marmor, NDR-Intendant und ARD-Vorsitzender<br \/>\n<span style=\"color: #ffa500;\">Was:<\/span> Statement zur <a href=\"https:\/\/netzpolitik.org\/2013\/aufruf-zur-mitarbeit-open-ard-zdf\/\" target=\"_blank\">Forderung von Open ARD ZDF<\/a><br \/>\n<span style=\"color: #ffa500;\">Wann:<\/span> rec.: 17.04.2013<br \/>\n<span style=\"color: #ffa500;\">Wo:<\/span> Berlin, NRW-Landesvertretung beim Bund, ARD-Pressekonferenz<\/p>\n<div style=\"height: 10px;\"><\/div>\n<p><a href=\"http:\/\/www.wwwagner.tv\/wp-content\/uploads\/opendataardzdf.png\"><img loading=\"lazy\" decoding=\"async\" class=\"alignnone size-full wp-image-21208\" title=\"opendataardzdf\" src=\"http:\/\/www.wwwagner.tv\/wp-content\/uploads\/opendataardzdf.png\" alt=\"\" width=\"256\" height=\"256\" srcset=\"https:\/\/www.wwwagner.tv\/wp-content\/uploads\/opendataardzdf.png 256w, https:\/\/www.wwwagner.tv\/wp-content\/uploads\/opendataardzdf-150x150.png 150w\" sizes=\"auto, (max-width: 256px) 100vw, 256px\" \/><\/a><\/p>\n<div style=\"height: 220px;\"><\/div>\n<div style=\"height: 70px;\"><\/div>\n<p><span style=\"color: #888888;\">(\u00a9 Fotos: J\u00f6rg Wagner)<\/span><\/p>\n<div style=\"height: 20px;\"><\/div>\n<p><script type=\"text\/javascript\" src=\"https:\/\/apis.google.com\/js\/plusone.js\">\/\/ <![CDATA[\n   {lang: 'de'}\n\/\/ ]]><\/script><br \/>\n<script type=\"text\/javascript\" src=\"http:\/\/twittercounter.com\/embed\/?username=medienmagazin&amp;style=avatar\"><\/script><\/p>\n<p><noscript><a href=\"http:\/\/twittercounter.com\/medienmagazin\">medienmagazin on Twitter Counter<\/a><\/noscript><\/p>\n","protected":false},"excerpt":{"rendered":"<p>No audio playback capabilities, please download the audio belowDownload Audio: Closed Format: MP3 Wer: Lutz Marmor, NDR-Intendant und ARD-Vorsitzender Was: Interview \u00fcber die Zukunft der sechs digitalen ARD\/ZDF Spartenkan\u00e4le und die Zusammenarbeit mit der Deutschen Welle Wann: rec.: 17.04.2013, gesendet im radioeins-Medienmagazin, rbb (20.\/21.04.2013) Wo: Berlin, NRW-Landesvertretung beim Bund, ARD-Pressekonferenz +++ Lutz Marmor: Grunds\u00e4tzlich stehen [&hellip;]<\/p>\n","protected":false},"author":2,"featured_media":0,"comment_status":"closed","ping_status":"closed","sticky":false,"template":"","format":"standard","meta":{"_monsterinsights_skip_tracking":false,"_monsterinsights_sitenote_active":false,"_monsterinsights_sitenote_note":"","_monsterinsights_sitenote_category":0,"footnotes":""},"categories":[17],"tags":[30,366,453,50],"class_list":["post-21179","post","type-post","status-publish","format-standard","hentry","category-aktuell","tag-ard","tag-digitalkanale","tag-opendata","tag-zdf"],"_links":{"self":[{"href":"https:\/\/www.wwwagner.tv\/index.php?rest_route=\/wp\/v2\/posts\/21179","targetHints":{"allow":["GET"]}}],"collection":[{"href":"https:\/\/www.wwwagner.tv\/index.php?rest_route=\/wp\/v2\/posts"}],"about":[{"href":"https:\/\/www.wwwagner.tv\/index.php?rest_route=\/wp\/v2\/types\/post"}],"author":[{"embeddable":true,"href":"https:\/\/www.wwwagner.tv\/index.php?rest_route=\/wp\/v2\/users\/2"}],"replies":[{"embeddable":true,"href":"https:\/\/www.wwwagner.tv\/index.php?rest_route=%2Fwp%2Fv2%2Fcomments&post=21179"}],"version-history":[{"count":56,"href":"https:\/\/www.wwwagner.tv\/index.php?rest_route=\/wp\/v2\/posts\/21179\/revisions"}],"predecessor-version":[{"id":26008,"href":"https:\/\/www.wwwagner.tv\/index.php?rest_route=\/wp\/v2\/posts\/21179\/revisions\/26008"}],"wp:attachment":[{"href":"https:\/\/www.wwwagner.tv\/index.php?rest_route=%2Fwp%2Fv2%2Fmedia&parent=21179"}],"wp:term":[{"taxonomy":"category","embeddable":true,"href":"https:\/\/www.wwwagner.tv\/index.php?rest_route=%2Fwp%2Fv2%2Fcategories&post=21179"},{"taxonomy":"post_tag","embeddable":true,"href":"https:\/\/www.wwwagner.tv\/index.php?rest_route=%2Fwp%2Fv2%2Ftags&post=21179"}],"curies":[{"name":"wp","href":"https:\/\/api.w.org\/{rel}","templated":true}]}}