{"id":2121,"date":"2010-09-11T13:30:00","date_gmt":"2010-09-11T11:30:00","guid":{"rendered":"http:\/\/www.wwwagner.tv\/?p=2121"},"modified":"2010-09-26T01:37:14","modified_gmt":"2010-09-25T23:37:14","slug":"medienmagazin-vom-11-09-2010","status":"publish","type":"post","link":"https:\/\/www.wwwagner.tv\/?p=2121","title":{"rendered":"Medienmagazin vom 11.09.2010"},"content":{"rendered":"<p>Gesamt-PodCast:<br \/>\n <audio   controls > <source src=\"http:\/\/download.radioeins.de\/mp3\/medienmagazin\/mm20100911.mp3\" type='audio\/mpeg' \/> <object   type=\"application\/x-shockwave-flash\"  data=\"https:\/\/www.wwwagner.tv\/wp-content\/plugins\/wphtml5player\/inc\/flowplayer.swf\"  width=\"400\"  height=\"30\"> <param name=\"movie\" value='https:\/\/www.wwwagner.tv\/wp-content\/plugins\/wphtml5player\/inc\/flowplayer.swf' \/><param name=\"allowfullscreen\" value='false' \/><param name=\"cachebusting\" value='true' \/><param name=\"bgcolor\" value='#000000' \/><param name=\"flashvars\" value='config={\"plugins\":{\"controls\":{\"height\":30,\"autoHide\":false,\"fullscreen\":false}},\"clip\":{\"autoPlay\":false,\"url\":\"http:\\\/\\\/download.radioeins.de\\\/mp3\\\/medienmagazin\\\/mm20100911.mp3\"},\"playlist\":[{\"autoPlay\":false,\"url\":\"http:\\\/\\\/download.radioeins.de\\\/mp3\\\/medienmagazin\\\/mm20100911.mp3\"}],\"play\":{\"opacity\":0}}' \/>  No audio playback capabilities, please download the audio below<br \/><strong>Download Audio:<\/strong> Closed Format: <a href=\"http:\/\/download.radioeins.de\/mp3\/medienmagazin\/mm20100911.mp3\">MP3<\/a> <\/object> <!-- Generated by HTML5 Multimedia Framework (http:\/\/code.google.com\/p\/html5videoplayer) --> <\/audio>  <br \/>\n<a href=\"http:\/\/download.radioeins.de\/mp3\/medienmagazin\/mm20100911.mp3\" target=\"_blank\">Download<\/a><\/p>\n<div style=\"height:20px;\"><\/div>\n<p><a href=\"http:\/\/www.wwwagner.tv\/wp-content\/uploads\/klotsikas_eleni_studio_300.jpg\"><img loading=\"lazy\" decoding=\"async\" src=\"http:\/\/www.wwwagner.tv\/wp-content\/uploads\/klotsikas_eleni_studio_300.jpg\" alt=\"\" title=\"klotsikas_eleni_studio_300\" width=\"300\" height=\"200\" class=\"alignnone size-full wp-image-1794\" \/><\/a><\/p>\n<p>Gast im Studio: <a href=\"http:\/\/www.klotsikas.de\">Eleni Klotsikas<\/a>, Medienjournalistin (Foto)<\/p>\n<div style=\"height:180px;\"><\/div>\n<p><strong>Intro:<\/strong> 62% der TV-Haushalte sehen digital \u2013 Neuer Digitalisierungsbericht<br \/>\nO-Ton: Hans Hege, Direktor der MABB<br \/>\n <audio   controls > <source src=\"http:\/\/download.radioeins.de\/mp3\/medienmagazin\/mm20100911_0.mp3\" type='audio\/mpeg' \/> <object   type=\"application\/x-shockwave-flash\"  data=\"https:\/\/www.wwwagner.tv\/wp-content\/plugins\/wphtml5player\/inc\/flowplayer.swf\"  width=\"400\"  height=\"30\"> <param name=\"movie\" value='https:\/\/www.wwwagner.tv\/wp-content\/plugins\/wphtml5player\/inc\/flowplayer.swf' \/><param name=\"allowfullscreen\" value='false' \/><param name=\"cachebusting\" value='true' \/><param name=\"bgcolor\" value='#000000' \/><param name=\"flashvars\" value='config={\"plugins\":{\"controls\":{\"height\":30,\"autoHide\":false,\"fullscreen\":false}},\"clip\":{\"autoPlay\":false,\"url\":\"http:\\\/\\\/download.radioeins.de\\\/mp3\\\/medienmagazin\\\/mm20100911_0.mp3\"},\"playlist\":[{\"autoPlay\":false,\"url\":\"http:\\\/\\\/download.radioeins.de\\\/mp3\\\/medienmagazin\\\/mm20100911_0.mp3\"}],\"play\":{\"opacity\":0}}' \/>  No audio playback capabilities, please download the audio below<br \/><strong>Download Audio:<\/strong> Closed Format: <a href=\"http:\/\/download.radioeins.de\/mp3\/medienmagazin\/mm20100911_0.mp3\">MP3<\/a> <\/object> <!-- Generated by HTML5 Multimedia Framework (http:\/\/code.google.com\/p\/html5videoplayer) --> <\/audio>  <br \/>\n<a href=\"http:\/\/download.radioeins.de\/mp3\/medienmagazin\/mm20100911_0.mp3\" target=\"_blank\">Download<\/a><\/p>\n<div style=\"height:20px;\"><\/div>\n<p>Vgl.: <a href=\"http:\/\/www.alm.de\/309.html\">Digitalisierungsbericht 2010<\/a><\/p>\n<div style=\"height:20px;\"><\/div>\n<p><a href=\"http:\/\/www.wwwagner.tv\/wp-content\/uploads\/20100906_reim_dagmar_totale_600.jpg\"><img loading=\"lazy\" decoding=\"async\" src=\"http:\/\/www.wwwagner.tv\/wp-content\/uploads\/20100906_reim_dagmar_totale_600.jpg\" alt=\"\" title=\"20100906_reim_dagmar_totale_600\" width=\"600\" height=\"338\" class=\"alignnone size-full wp-image-2123\" srcset=\"https:\/\/www.wwwagner.tv\/wp-content\/uploads\/20100906_reim_dagmar_totale_600.jpg 600w, https:\/\/www.wwwagner.tv\/wp-content\/uploads\/20100906_reim_dagmar_totale_600-300x169.jpg 300w\" sizes=\"auto, (max-width: 600px) 100vw, 600px\" \/><\/a><br \/>\n<strong>1) Weniger ist mehr? &#8211; Die Zukunft des \u00f6ffentlich-rechtlichen Rundfunks<\/strong><br \/>\nZum <a href=\"http:\/\/www.medienwoche.de\/WebObjects\/Medienboard.woa\/wa\/CMSshow\/2711982\">Auftaktpanel der Medienwoche<\/a><br \/>\nInterviews\/Redeausschnitte:<br \/>\n\t\u2022 Dagmar Reim, rbb-Intendantin (Foto)<br \/>\n\t\u2022 Christoph Keese, Konzerngesch\u00e4ftsf\u00fchrer Public Affairs, Axel Springer<br \/>\n <audio   controls > <source src=\"http:\/\/download.radioeins.de\/mp3\/medienmagazin\/mm20100911_1.mp3\" type='audio\/mpeg' \/> <object   type=\"application\/x-shockwave-flash\"  data=\"https:\/\/www.wwwagner.tv\/wp-content\/plugins\/wphtml5player\/inc\/flowplayer.swf\"  width=\"400\"  height=\"30\"> <param name=\"movie\" value='https:\/\/www.wwwagner.tv\/wp-content\/plugins\/wphtml5player\/inc\/flowplayer.swf' \/><param name=\"allowfullscreen\" value='false' \/><param name=\"cachebusting\" value='true' \/><param name=\"bgcolor\" value='#000000' \/><param name=\"flashvars\" value='config={\"plugins\":{\"controls\":{\"height\":30,\"autoHide\":false,\"fullscreen\":false}},\"clip\":{\"autoPlay\":false,\"url\":\"http:\\\/\\\/download.radioeins.de\\\/mp3\\\/medienmagazin\\\/mm20100911_1.mp3\"},\"playlist\":[{\"autoPlay\":false,\"url\":\"http:\\\/\\\/download.radioeins.de\\\/mp3\\\/medienmagazin\\\/mm20100911_1.mp3\"}],\"play\":{\"opacity\":0}}' \/>  No audio playback capabilities, please download the audio below<br \/><strong>Download Audio:<\/strong> Closed Format: <a href=\"http:\/\/download.radioeins.de\/mp3\/medienmagazin\/mm20100911_1.mp3\">MP3<\/a> <\/object> <!-- Generated by HTML5 Multimedia Framework (http:\/\/code.google.com\/p\/html5videoplayer) --> <\/audio>  <br \/>\n<a href=\"http:\/\/download.radioeins.de\/mp3\/medienmagazin\/mm20100911_1.mp3\" target=\"_blank\">Download<\/a><\/p>\n<div style=\"height:20px;\"><\/div>\n<p>Vgl.: Aufzeichnungen der Veranstaltungen im Saal 3 des ICC w\u00e4hrend der Medienwoche<br \/>\n13.09.2010 &#8211; 17.09.2010 jeweils ab 12:30 Uhr <a href=\"http:\/\/www.alex-berlin.de\/tv\/programm\">ALEX TV<\/a><br \/>\nVgl.: folgenden Videostream<\/p>\n<div style=\"height:20px;\"><\/div>\n<div class=\"BorlabsCookie\"><div class=\"_brlbs-content-blocker\"> <div class=\"_brlbs-embed _brlbs-video-vimeo\"> <img class=\"_brlbs-thumbnail\" src=\"https:\/\/www.wwwagner.tv\/wp-content\/plugins\/borlabs-cookie\/images\/cb-no-thumbnail.png\" alt=\"Vimeo\"> <div class=\"_brlbs-caption\"> <p>Mit dem Laden des Videos akzeptieren Sie die Datenschutzerkl\u00e4rung von Vimeo.<br><a href=\"https:\/\/vimeo.com\/privacy\" target=\"_blank\" rel=\"nofollow noopener noreferrer\">Mehr erfahren<\/a><\/p> <p><a class=\"_brlbs-btn _brlbs-icon-play-white\" href=\"#\" data-borlabs-cookie-unblock role=\"button\">Video laden<\/a><\/p> <p><label><input type=\"checkbox\" name=\"unblockAll\" value=\"1\" checked> <small>Vimeo immer entsperren<\/small><\/label><\/p> <\/div> <\/div> <\/div><div class=\"borlabs-hide\" data-borlabs-cookie-type=\"content-blocker\" data-borlabs-cookie-id=\"vimeo\"><script type=\"text\/template\">PHA+PGlmcmFtZSBsb2FkaW5nPSJsYXp5IiBzcmM9Imh0dHA6Ly9wbGF5ZXIudmltZW8uY29tL3ZpZGVvLzE0NzM3OTAzP3RpdGxlPTAmYW1wO2J5bGluZT0wJmFtcDtwb3J0cmFpdD0wJmFtcDtjb2xvcj1mZjk5MzMiIHdpZHRoPSI2MDAiIGhlaWdodD0iNDgwIiBmcmFtZWJvcmRlcj0iMCI+PC9pZnJhbWU+PC9wPg==<\/script><\/div><\/div>\n<div style=\"height:20px;\"><\/div>\n<p><a href=\"http:\/\/www.wwwagner.tv\/wp-content\/uploads\/20100907_schmidt_eric_halbnah_6001.jpg\"><img loading=\"lazy\" decoding=\"async\" src=\"http:\/\/www.wwwagner.tv\/wp-content\/uploads\/20100907_schmidt_eric_halbnah_6001.jpg\" alt=\"\" title=\"20100907_schmidt_eric_halbnah_600\" width=\"600\" height=\"338\" class=\"alignnone size-full wp-image-2129\" srcset=\"https:\/\/www.wwwagner.tv\/wp-content\/uploads\/20100907_schmidt_eric_halbnah_6001.jpg 600w, https:\/\/www.wwwagner.tv\/wp-content\/uploads\/20100907_schmidt_eric_halbnah_6001-300x169.jpg 300w\" sizes=\"auto, (max-width: 600px) 100vw, 600px\" \/><\/a><br \/>\n<strong>2) Die Zukunft wird phantastisch? &#8211; die google Charmingoffensive in Berlin<\/strong><br \/>\ngoogle tr\u00e4umt von einer total vernetzten Zukunft, die auch mobil mit dem Handy erschlossen werden kann.<br \/>\n\t\u2022 Ausschnitte: IFA-Keynote von Dr. Eric Schmidt, Chairman of the board + CEO google, Inc. (Foto)<br \/>\n\t\u2022 O-Ton: Hugo Barra, google Product Management Director<br \/>\n <audio   controls > <source src=\"http:\/\/download.radioeins.de\/mp3\/medienmagazin\/mm20100911_2.mp3\" type='audio\/mpeg' \/> <object   type=\"application\/x-shockwave-flash\"  data=\"https:\/\/www.wwwagner.tv\/wp-content\/plugins\/wphtml5player\/inc\/flowplayer.swf\"  width=\"400\"  height=\"30\"> <param name=\"movie\" value='https:\/\/www.wwwagner.tv\/wp-content\/plugins\/wphtml5player\/inc\/flowplayer.swf' \/><param name=\"allowfullscreen\" value='false' \/><param name=\"cachebusting\" value='true' \/><param name=\"bgcolor\" value='#000000' \/><param name=\"flashvars\" value='config={\"plugins\":{\"controls\":{\"height\":30,\"autoHide\":false,\"fullscreen\":false}},\"clip\":{\"autoPlay\":false,\"url\":\"http:\\\/\\\/download.radioeins.de\\\/mp3\\\/medienmagazin\\\/mm20100911_2.mp3\"},\"playlist\":[{\"autoPlay\":false,\"url\":\"http:\\\/\\\/download.radioeins.de\\\/mp3\\\/medienmagazin\\\/mm20100911_2.mp3\"}],\"play\":{\"opacity\":0}}' \/>  No audio playback capabilities, please download the audio below<br \/><strong>Download Audio:<\/strong> Closed Format: <a href=\"http:\/\/download.radioeins.de\/mp3\/medienmagazin\/mm20100911_2.mp3\">MP3<\/a> <\/object> <!-- Generated by HTML5 Multimedia Framework (http:\/\/code.google.com\/p\/html5videoplayer) --> <\/audio>  <br \/>\n<a href=\"http:\/\/download.radioeins.de\/mp3\/medienmagazin\/mm20100911_2.mp3\" target=\"_blank\">Download<\/a><\/p>\n<div style=\"height:10px;\"><\/div>\n<p> <audio   controls > <source src=\"http:\/\/download.radioeins.de\/mp3\/medienmagazin\/mm20100911_3.mp3\" type='audio\/mpeg' \/> <object   type=\"application\/x-shockwave-flash\"  data=\"https:\/\/www.wwwagner.tv\/wp-content\/plugins\/wphtml5player\/inc\/flowplayer.swf\"  width=\"400\"  height=\"30\"> <param name=\"movie\" value='https:\/\/www.wwwagner.tv\/wp-content\/plugins\/wphtml5player\/inc\/flowplayer.swf' \/><param name=\"allowfullscreen\" value='false' \/><param name=\"cachebusting\" value='true' \/><param name=\"bgcolor\" value='#000000' \/><param name=\"flashvars\" value='config={\"plugins\":{\"controls\":{\"height\":30,\"autoHide\":false,\"fullscreen\":false}},\"clip\":{\"autoPlay\":false,\"url\":\"http:\\\/\\\/download.radioeins.de\\\/mp3\\\/medienmagazin\\\/mm20100911_3.mp3\"},\"playlist\":[{\"autoPlay\":false,\"url\":\"http:\\\/\\\/download.radioeins.de\\\/mp3\\\/medienmagazin\\\/mm20100911_3.mp3\"}],\"play\":{\"opacity\":0}}' \/>  No audio playback capabilities, please download the audio below<br \/><strong>Download Audio:<\/strong> Closed Format: <a href=\"http:\/\/download.radioeins.de\/mp3\/medienmagazin\/mm20100911_3.mp3\">MP3<\/a> <\/object> <!-- Generated by HTML5 Multimedia Framework (http:\/\/code.google.com\/p\/html5videoplayer) --> <\/audio>  <br \/>\n<a href=\"http:\/\/download.radioeins.de\/mp3\/medienmagazin\/mm20100911_3.mp3\" target=\"_blank\">Download<\/a><\/p>\n<div style=\"height:20px;\"><\/div>\n<p>Vgl.: <a href=\"http:\/\/www.wwwagner.tv\/?p=2072\">komplette Keynote<\/a><br \/>\nVgl.: folgenden Video-Ausschnitt aus der Keynote mit Hugo Barra<\/p>\n<div style=\"height:10px;\"><\/div>\n<p><object width=\"600\" height=\"345\"><param name=\"movie\" value=\"http:\/\/www.youtube.com\/v\/RApmPikUEMM?fs=1&amp;hl=de_DE&amp;rel=0&amp;color1=0xe1600f&amp;color2=0xfebd01\"><\/param><param name=\"allowFullScreen\" value=\"true\"><\/param><param name=\"allowscriptaccess\" value=\"always\"><\/param><embed src=\"http:\/\/www.youtube.com\/v\/RApmPikUEMM?fs=1&amp;hl=de_DE&amp;rel=0&amp;color1=0xe1600f&amp;color2=0xfebd01\" type=\"application\/x-shockwave-flash\" allowscriptaccess=\"always\" allowfullscreen=\"true\" width=\"600\" height=\"345\"><\/embed><\/object><\/p>\n<div style=\"height:20px;\"><\/div>\n<p><a href=\"http:\/\/www.wwwagner.tv\/wp-content\/uploads\/20100908_m100_panel2.jpg\"><img loading=\"lazy\" decoding=\"async\" src=\"http:\/\/www.wwwagner.tv\/wp-content\/uploads\/20100908_m100_panel2.jpg\" alt=\"\" title=\"20100908_m100_panel2\" width=\"600\" height=\"399\" class=\"alignnone size-full wp-image-2137\" srcset=\"https:\/\/www.wwwagner.tv\/wp-content\/uploads\/20100908_m100_panel2.jpg 600w, https:\/\/www.wwwagner.tv\/wp-content\/uploads\/20100908_m100_panel2-300x199.jpg 300w\" sizes=\"auto, (max-width: 600px) 100vw, 600px\" \/><\/a><br \/>\n<strong>3) Digitalisierung Gefahr f\u00fcr die Pressefreiheit? &#8211; M100 diskutierte Herausforderungen der europ\u00e4ischen Medien im 21. Jahrhundert<\/strong><br \/>\nO-Ton:  Christoph Lanz, DW-TV und Moderator eines M100-Panels (Bildmitte)<\/p>\n<div style=\"height:10px;\"><\/div>\n<p><a href=\"http:\/\/www.wwwagner.tv\/wp-content\/uploads\/20100908_westergaard_kurt_klotsikas_eleni.jpg\"><img loading=\"lazy\" decoding=\"async\" src=\"http:\/\/www.wwwagner.tv\/wp-content\/uploads\/20100908_westergaard_kurt_klotsikas_eleni.jpg\" alt=\"\" title=\"20100908_westergaard_kurt_klotsikas_eleni\" width=\"600\" height=\"339\" class=\"alignnone size-full wp-image-2131\" srcset=\"https:\/\/www.wwwagner.tv\/wp-content\/uploads\/20100908_westergaard_kurt_klotsikas_eleni.jpg 600w, https:\/\/www.wwwagner.tv\/wp-content\/uploads\/20100908_westergaard_kurt_klotsikas_eleni-300x169.jpg 300w\" sizes=\"auto, (max-width: 600px) 100vw, 600px\" \/><\/a><\/p>\n<p><strong>4) Symbol f\u00fcr Pressefreiheit? Verleihung <a href=\"http:\/\/www.m100potsdam.org\/\">M100<\/a>-Sanssouci Medien Preis 2010<\/strong><br \/>\nUnter h\u00f6chster Sicherheitsstufe wurde der d\u00e4nische Karikaturist Kurt Westergaard geehrt. Er zeichnete eine der 12 Mohammed-Karikaturen, die 2005 in der d\u00e4nischen Tageszeitung Jyllands-Posten erschienen ist. Seine Darstellung l\u00f6ste einen internationalen Streit um Meinungsfreiheit und gewaltt\u00e4tige Demonstrationen von Muslimen in der ganzen Welt aus.<\/p>\n<p>\t\u2022 Interview mit dem Preistr\u00e4ger Kurt Westergaard, d\u00e4nischer Karikaturist (Foto: links mit Eleni Klotsikas)<br \/>\n <audio   controls > <source src=\"http:\/\/download.radioeins.de\/mp3\/medienmagazin\/mm20100911_4.mp3\" type='audio\/mpeg' \/> <object   type=\"application\/x-shockwave-flash\"  data=\"https:\/\/www.wwwagner.tv\/wp-content\/plugins\/wphtml5player\/inc\/flowplayer.swf\"  width=\"400\"  height=\"30\"> <param name=\"movie\" value='https:\/\/www.wwwagner.tv\/wp-content\/plugins\/wphtml5player\/inc\/flowplayer.swf' \/><param name=\"allowfullscreen\" value='false' \/><param name=\"cachebusting\" value='true' \/><param name=\"bgcolor\" value='#000000' \/><param name=\"flashvars\" value='config={\"plugins\":{\"controls\":{\"height\":30,\"autoHide\":false,\"fullscreen\":false}},\"clip\":{\"autoPlay\":false,\"url\":\"http:\\\/\\\/download.radioeins.de\\\/mp3\\\/medienmagazin\\\/mm20100911_4.mp3\"},\"playlist\":[{\"autoPlay\":false,\"url\":\"http:\\\/\\\/download.radioeins.de\\\/mp3\\\/medienmagazin\\\/mm20100911_4.mp3\"}],\"play\":{\"opacity\":0}}' \/>  No audio playback capabilities, please download the audio below<br \/><strong>Download Audio:<\/strong> Closed Format: <a href=\"http:\/\/download.radioeins.de\/mp3\/medienmagazin\/mm20100911_4.mp3\">MP3<\/a> <\/object> <!-- Generated by HTML5 Multimedia Framework (http:\/\/code.google.com\/p\/html5videoplayer) --> <\/audio>  <br \/>\n<a href=\"http:\/\/download.radioeins.de\/mp3\/medienmagazin\/mm20100911_4.mp3\" target=\"_blank\">Download<\/a><\/p>\n<div style=\"height:20px;\"><\/div>\n<p>Vgl.: <a href=\"http:\/\/www.wwwagner.tv\/?p=2089\">komplette Reden<\/a><br \/>\nVgl.: <a href=\"http:\/\/www.freitag.de\/community\/blogs\/jonas-jansen\/hier-kommt-kurt\">&#8222;Hier kommt Kurt?&#8220;<\/a>, Jonas Jansen in &#8222;der Freitag&#8220;<\/p>\n<div style=\"height:10px;\"><\/div>\n<p><span style=\"color: #888888;\">(Fotos \u00a9 J\u00f6rg Wagner)<\/span><em><\/p>\n<div style=\"height:50px;\"><\/div>\n<p><span style=\"color: #888888;\">(letzte \u00c4nderungen: 14.09.2010\/04:15 Uhr)<\/span><em><\/p>\n","protected":false},"excerpt":{"rendered":"<p>Gesamt-PodCast: No audio playback capabilities, please download the audio belowDownload Audio: Closed Format: MP3 Download Gast im Studio: Eleni Klotsikas, Medienjournalistin (Foto) Intro: 62% der TV-Haushalte sehen digital \u2013 Neuer Digitalisierungsbericht O-Ton: Hans Hege, Direktor der MABB No audio playback capabilities, please download the audio belowDownload Audio: Closed Format: MP3 Download Vgl.: Digitalisierungsbericht 2010 1) [&hellip;]<\/p>\n","protected":false},"author":2,"featured_media":0,"comment_status":"open","ping_status":"open","sticky":false,"template":"","format":"standard","meta":{"_monsterinsights_skip_tracking":false,"_monsterinsights_sitenote_active":false,"_monsterinsights_sitenote_note":"","_monsterinsights_sitenote_category":0,"footnotes":""},"categories":[4],"tags":[56,89,61,27,88,90],"class_list":["post-2121","post","type-post","status-publish","format-standard","hentry","category-medienmagazin","tag-google","tag-m100","tag-mabb","tag-pressefreiheit","tag-rbb","tag-springer"],"_links":{"self":[{"href":"https:\/\/www.wwwagner.tv\/index.php?rest_route=\/wp\/v2\/posts\/2121","targetHints":{"allow":["GET"]}}],"collection":[{"href":"https:\/\/www.wwwagner.tv\/index.php?rest_route=\/wp\/v2\/posts"}],"about":[{"href":"https:\/\/www.wwwagner.tv\/index.php?rest_route=\/wp\/v2\/types\/post"}],"author":[{"embeddable":true,"href":"https:\/\/www.wwwagner.tv\/index.php?rest_route=\/wp\/v2\/users\/2"}],"replies":[{"embeddable":true,"href":"https:\/\/www.wwwagner.tv\/index.php?rest_route=%2Fwp%2Fv2%2Fcomments&post=2121"}],"version-history":[{"count":56,"href":"https:\/\/www.wwwagner.tv\/index.php?rest_route=\/wp\/v2\/posts\/2121\/revisions"}],"predecessor-version":[{"id":2681,"href":"https:\/\/www.wwwagner.tv\/index.php?rest_route=\/wp\/v2\/posts\/2121\/revisions\/2681"}],"wp:attachment":[{"href":"https:\/\/www.wwwagner.tv\/index.php?rest_route=%2Fwp%2Fv2%2Fmedia&parent=2121"}],"wp:term":[{"taxonomy":"category","embeddable":true,"href":"https:\/\/www.wwwagner.tv\/index.php?rest_route=%2Fwp%2Fv2%2Fcategories&post=2121"},{"taxonomy":"post_tag","embeddable":true,"href":"https:\/\/www.wwwagner.tv\/index.php?rest_route=%2Fwp%2Fv2%2Ftags&post=2121"}],"curies":[{"name":"wp","href":"https:\/\/api.w.org\/{rel}","templated":true}]}}