{"id":21899,"date":"2013-05-18T19:30:03","date_gmt":"2013-05-18T18:30:03","guid":{"rendered":"http:\/\/www.wwwagner.tv\/?p=21899"},"modified":"2013-05-22T09:51:23","modified_gmt":"2013-05-22T08:51:23","slug":"berlin-brandenburg-digitales-zentrum-der-republik","status":"publish","type":"post","link":"https:\/\/www.wwwagner.tv\/?p=21899","title":{"rendered":"Berlin-Brandenburg Digitales Zentrum der Republik"},"content":{"rendered":"<div style=\"height: 70px;\"><\/div>\n<p><span style=\"color: #ffa500;\"><span style=\"font-size: medium;\"><em>&#8222;4.000 Neugr\u00fcndungen&#8220;<\/em><\/span><\/span><\/p>\n<div style=\"height: 10px;\"><\/div>\n<figure id=\"attachment_21908\" aria-describedby=\"caption-attachment-21908\" style=\"width: 600px\" class=\"wp-caption alignnone\"><a href=\"http:\/\/www.wwwagner.tv\/wp-content\/uploads\/20130513-20130513-IMG_4334-2k_giglinger_elmar_600.jpg\"><img loading=\"lazy\" decoding=\"async\" src=\"http:\/\/www.wwwagner.tv\/wp-content\/uploads\/20130513-20130513-IMG_4334-2k_giglinger_elmar_600.jpg\" alt=\"\" title=\"Elmar Giglinger im radioeins-Studio\" width=\"600\" height=\"398\" class=\"size-full wp-image-21908\" srcset=\"https:\/\/www.wwwagner.tv\/wp-content\/uploads\/20130513-20130513-IMG_4334-2k_giglinger_elmar_600.jpg 600w, https:\/\/www.wwwagner.tv\/wp-content\/uploads\/20130513-20130513-IMG_4334-2k_giglinger_elmar_600-300x199.jpg 300w\" sizes=\"auto, (max-width: 600px) 100vw, 600px\" \/><\/a><figcaption id=\"caption-attachment-21908\" class=\"wp-caption-text\">Elmar Giglinger im radioeins-Studio<\/figcaption><\/figure>\n<div style=\"height: 10px;\"><\/div>\n<p> <audio   controls > <source src=\"http:\/\/download.radioeins.de\/mp3\/medienmagazin\/mm20130518_1.mp3\" type='audio\/mpeg' \/> <object   type=\"application\/x-shockwave-flash\"  data=\"https:\/\/www.wwwagner.tv\/wp-content\/plugins\/wphtml5player\/inc\/flowplayer.swf\"  width=\"400\"  height=\"30\"> <param name=\"movie\" value='https:\/\/www.wwwagner.tv\/wp-content\/plugins\/wphtml5player\/inc\/flowplayer.swf' \/><param name=\"allowfullscreen\" value='false' \/><param name=\"cachebusting\" value='true' \/><param name=\"bgcolor\" value='#000000' \/><param name=\"flashvars\" value='config={\"plugins\":{\"controls\":{\"height\":30,\"autoHide\":false,\"fullscreen\":false}},\"clip\":{\"autoPlay\":false,\"url\":\"http:\\\/\\\/download.radioeins.de\\\/mp3\\\/medienmagazin\\\/mm20130518_1.mp3\"},\"playlist\":[{\"autoPlay\":false,\"url\":\"http:\\\/\\\/download.radioeins.de\\\/mp3\\\/medienmagazin\\\/mm20130518_1.mp3\"}],\"play\":{\"opacity\":0}}' \/>  No audio playback capabilities, please download the audio below<br \/><strong>Download Audio:<\/strong> Closed Format: <a href=\"http:\/\/download.radioeins.de\/mp3\/medienmagazin\/mm20130518_1.mp3\">MP3<\/a> <\/object> <!-- Generated by HTML5 Multimedia Framework (http:\/\/code.google.com\/p\/html5videoplayer) --> <\/audio>  <br \/>\n<a href=\"http:\/\/download.radioeins.de\/mp3\/medienmagazin\/mm20130518_1.mp3\" target=\"_blank\">Download<\/a><span style=\"color: #888888;\"> (verlinkte Audio-Quelle: rbb, radioeins)<\/span><\/p>\n<div style=\"height: 20px;\"><\/div>\n<div style=\"height: 10px;\"><\/div>\n<p><span style=\"color: #ffa500;\">Was:<\/span> Studiogespr\u00e4ch \u00fcber den Standort Berlin-Brandenburg f\u00fcr die digitale Wirtschaft<br \/>\n<span style=\"color: #ffa500;\">Wer:<\/span> <a href=\"http:\/\/www.medienboard.de\/WebObjects\/Medienboard.woa\/wa\/CMSshow\/2752104\" target=\"_blank\">Elmar Giglinger<\/a>, Gesch\u00e4ftsf\u00fchrer Medienboard Berlin-Brandenburg Standortmarketing<br \/>\n<span style=\"color: #ffa500;\">Wann:<\/span> ver\u00f6ffentlicht: 18.05.2013, 18:17 Uhr, radioeins-Medienmagazin, rbb<br \/>\n<span style=\"color: #ffa500;\">Wo:<\/span> Medienstadt Potsdam Babelsberg, radioeins-Produktionsstudio<\/p>\n<div style=\"height: 10px;\"><\/div>\n<p><span style=\"color: #ffa500;\">Vgl.:<\/span><br \/>\n* <a href=\"http:\/\/bit.ly\/182ABbV\" target=\"_blank\">Rede von Bundeskanzlerin Dr. Angela Merkel<\/a> w\u00e4hrend der CDU MediaNight 2013<\/p>\n<div style=\"height: 30px;\"><\/div>\n<figure id=\"attachment_21903\" aria-describedby=\"caption-attachment-21903\" style=\"width: 600px\" class=\"wp-caption alignnone\"><a href=\"http:\/\/www.wwwagner.tv\/wp-content\/uploads\/20130513-IMG_4351_600.jpg\"><img loading=\"lazy\" decoding=\"async\" src=\"http:\/\/www.wwwagner.tv\/wp-content\/uploads\/20130513-IMG_4351_600.jpg\" alt=\"\" title=\"Besuch im Sendestudio (v.l.n.r.): radioeins-Moderator Steen Lorenzen; vom Medienboard: Sigrid Herrenbr\u00fcck, Elmar Giglinger\" width=\"600\" height=\"338\" class=\"size-full wp-image-21903\" srcset=\"https:\/\/www.wwwagner.tv\/wp-content\/uploads\/20130513-IMG_4351_600.jpg 600w, https:\/\/www.wwwagner.tv\/wp-content\/uploads\/20130513-IMG_4351_600-300x169.jpg 300w\" sizes=\"auto, (max-width: 600px) 100vw, 600px\" \/><\/a><figcaption id=\"caption-attachment-21903\" class=\"wp-caption-text\">Besuch im Sendestudio (v.l.n.r.): radioeins-Moderator Steen Lorenzen; vom Medienboard: Sigrid Herrenbr\u00fcck, Elmar Giglinger<\/figcaption><\/figure>\n<div style=\"height: 70px;\"><\/div>\n<p><span style=\"color: #888888;\">(\u00a9 Fotos: J\u00f6rg Wagner)<\/span><\/p>\n<div style=\"height: 20px;\"><\/div>\n<p><script type=\"text\/javascript\" src=\"https:\/\/apis.google.com\/js\/plusone.js\">\/\/ <![CDATA[\n  {lang: 'de'}\n\/\/ ]]><\/script><br \/>\n<script type=\"text\/javascript\" src=\"http:\/\/twittercounter.com\/embed\/?username=medienmagazin&amp;style=avatar\"><\/script><\/p>\n<p><noscript><a href=\"http:\/\/twittercounter.com\/medienmagazin\">medienmagazin on Twitter Counter<\/a><\/noscript><\/p>\n","protected":false},"excerpt":{"rendered":"<p>&#8222;4.000 Neugr\u00fcndungen&#8220; No audio playback capabilities, please download the audio belowDownload Audio: Closed Format: MP3 Download (verlinkte Audio-Quelle: rbb, radioeins) Was: Studiogespr\u00e4ch \u00fcber den Standort Berlin-Brandenburg f\u00fcr die digitale Wirtschaft Wer: Elmar Giglinger, Gesch\u00e4ftsf\u00fchrer Medienboard Berlin-Brandenburg Standortmarketing Wann: ver\u00f6ffentlicht: 18.05.2013, 18:17 Uhr, radioeins-Medienmagazin, rbb Wo: Medienstadt Potsdam Babelsberg, radioeins-Produktionsstudio Vgl.: * Rede von Bundeskanzlerin Dr. [&hellip;]<\/p>\n","protected":false},"author":2,"featured_media":0,"comment_status":"open","ping_status":"open","sticky":false,"template":"","format":"standard","meta":{"_monsterinsights_skip_tracking":false,"_monsterinsights_sitenote_active":false,"_monsterinsights_sitenote_note":"","_monsterinsights_sitenote_category":0,"footnotes":""},"categories":[17],"tags":[73,461],"class_list":["post-21899","post","type-post","status-publish","format-standard","hentry","category-aktuell","tag-medienboard","tag-startups"],"_links":{"self":[{"href":"https:\/\/www.wwwagner.tv\/index.php?rest_route=\/wp\/v2\/posts\/21899","targetHints":{"allow":["GET"]}}],"collection":[{"href":"https:\/\/www.wwwagner.tv\/index.php?rest_route=\/wp\/v2\/posts"}],"about":[{"href":"https:\/\/www.wwwagner.tv\/index.php?rest_route=\/wp\/v2\/types\/post"}],"author":[{"embeddable":true,"href":"https:\/\/www.wwwagner.tv\/index.php?rest_route=\/wp\/v2\/users\/2"}],"replies":[{"embeddable":true,"href":"https:\/\/www.wwwagner.tv\/index.php?rest_route=%2Fwp%2Fv2%2Fcomments&post=21899"}],"version-history":[{"count":14,"href":"https:\/\/www.wwwagner.tv\/index.php?rest_route=\/wp\/v2\/posts\/21899\/revisions"}],"predecessor-version":[{"id":21945,"href":"https:\/\/www.wwwagner.tv\/index.php?rest_route=\/wp\/v2\/posts\/21899\/revisions\/21945"}],"wp:attachment":[{"href":"https:\/\/www.wwwagner.tv\/index.php?rest_route=%2Fwp%2Fv2%2Fmedia&parent=21899"}],"wp:term":[{"taxonomy":"category","embeddable":true,"href":"https:\/\/www.wwwagner.tv\/index.php?rest_route=%2Fwp%2Fv2%2Fcategories&post=21899"},{"taxonomy":"post_tag","embeddable":true,"href":"https:\/\/www.wwwagner.tv\/index.php?rest_route=%2Fwp%2Fv2%2Ftags&post=21899"}],"curies":[{"name":"wp","href":"https:\/\/api.w.org\/{rel}","templated":true}]}}