{"id":22051,"date":"2013-05-28T01:49:51","date_gmt":"2013-05-28T00:49:51","guid":{"rendered":"http:\/\/www.wwwagner.tv\/?p=22051"},"modified":"2019-08-20T23:53:55","modified_gmt":"2019-08-20T21:53:55","slug":"springers-bezahl-plan-a-bild","status":"publish","type":"post","link":"https:\/\/www.wwwagner.tv\/?p=22051","title":{"rendered":"Springers Bezahl-Plan A: Bild+"},"content":{"rendered":"<h3>&#8222;Das Ganze erinnert an eine Zeitungsgr\u00fcndung.&#8220;<\/h3>\n<div style=\"height: 10px;\"><\/div>\n<figure id=\"attachment_22052\" aria-describedby=\"caption-attachment-22052\" style=\"width: 600px\" class=\"wp-caption alignnone\"><a href=\"http:\/\/www.wwwagner.tv\/wp-content\/uploads\/20130527_IMG_6026_k_doepfner_mathias_600.jpg\"><img loading=\"lazy\" decoding=\"async\" src=\"http:\/\/www.wwwagner.tv\/wp-content\/uploads\/20130527_IMG_6026_k_doepfner_mathias_600.jpg\" alt=\"Dr. Mathias D\u00f6pfner bei der Pr\u00e4sentation von Bild+\" title=\"Dr. Mathias D\u00f6pfner bei der Pr\u00e4sentation von Bild+\" width=\"600\" height=\"362\" class=\"size-full wp-image-22052\" srcset=\"https:\/\/www.wwwagner.tv\/wp-content\/uploads\/20130527_IMG_6026_k_doepfner_mathias_600.jpg 600w, https:\/\/www.wwwagner.tv\/wp-content\/uploads\/20130527_IMG_6026_k_doepfner_mathias_600-300x181.jpg 300w\" sizes=\"auto, (max-width: 600px) 100vw, 600px\" \/><\/a><figcaption id=\"caption-attachment-22052\" class=\"wp-caption-text\">Dr. Mathias D\u00f6pfner bei der Pr\u00e4sentation von Bild+<\/figcaption><\/figure>\n<div style=\"height:20px;\"><\/div>\n<p>Nach Springers WELT werden nun auch Online-Artikel bei bild.de ab <a href=\"http:\/\/www.axelspringer.de\/presse\/BILDplus-Neues-Angebot-von-BILD-verbindet-Marken-Abo-mit-einem-Bezahlmodell-fuer-digitale-journalistische-Inhalte_18588521.html\" target=\"_blank\" rel=\"noopener noreferrer\">11.06.2013<\/a> mit kostenpflichtigen Inhalten versehen. Unter dem Label Bild+ werden Leserinnen und Leser in drei Preisgruppen die M\u00f6glichkeit haben, auf diversen elektronischen Ger\u00e4ten Bild-Artikel lesen zu k\u00f6nnen, wenn gew\u00fcnscht auch in Kombination mit der Papier-Bild. Dar\u00fcberhinaus wird es moderat kostenpflichtig (zus\u00e4tzlich 2,99 \u20ac\/Monat) Fu\u00dfball-Bundesliga im Bewegtbild geben. <\/p>\n<p>Dies alles sei der Versuch, sich aus der Abh\u00e4ngigkeit der Werbeeinnahmen zu l\u00f6sen. Man probiere den <a href=\"http:\/\/www.bild.de\/news\/inland\/bildplus\/marken-abo-und-bezahlmodell-fuer-digitale-journalistische-inhalte-30578338.bild.html\" target=\"_blank\" rel=\"noopener noreferrer\">Plan A<\/a>, um f\u00fcr Inhalte Geld zu bekommen. Wenn dieser scheitere, werde es einen Plan B geben. Und einen Plan C. <\/p>\n<p>Hier wird die Pr\u00e4sentation von Bild+ dokumentiert.<\/p>\n<div style=\"height:30px;\"><\/div>\n<figure id=\"attachment_22064\" aria-describedby=\"caption-attachment-22064\" style=\"width: 400px\" class=\"wp-caption alignnone\"><a href=\"http:\/\/www.wwwagner.tv\/wp-content\/uploads\/20130527_IMG_5872_k-2_wiele_andreas_400.jpg\"><img loading=\"lazy\" decoding=\"async\" src=\"http:\/\/www.wwwagner.tv\/wp-content\/uploads\/20130527_IMG_5872_k-2_wiele_andreas_400.jpg\" alt=\"Dr. Andreas Wiele\" title=\"Dr. Andreas Wiele\" width=\"400\" height=\"251\" class=\"size-full wp-image-22064\" srcset=\"https:\/\/www.wwwagner.tv\/wp-content\/uploads\/20130527_IMG_5872_k-2_wiele_andreas_400.jpg 400w, https:\/\/www.wwwagner.tv\/wp-content\/uploads\/20130527_IMG_5872_k-2_wiele_andreas_400-300x188.jpg 300w\" sizes=\"auto, (max-width: 400px) 100vw, 400px\" \/><\/a><figcaption id=\"caption-attachment-22064\" class=\"wp-caption-text\">Dr. Andreas Wiele<\/figcaption><\/figure>\n<div style=\"height:10px;\"><\/div>\n <audio   controls > <source src=\"http:\/\/www.wwwagner.tv\/audio\/20130527_bildplus_1.mp3\" type='audio\/mpeg' \/> <object   type=\"application\/x-shockwave-flash\"  data=\"https:\/\/www.wwwagner.tv\/wp-content\/plugins\/wphtml5player\/inc\/flowplayer.swf\"  width=\"400\"  height=\"30\"> <param name=\"movie\" value='https:\/\/www.wwwagner.tv\/wp-content\/plugins\/wphtml5player\/inc\/flowplayer.swf' \/><param name=\"allowfullscreen\" value='false' \/><param name=\"cachebusting\" value='true' \/><param name=\"bgcolor\" value='#000000' \/><param name=\"flashvars\" value='config={\"plugins\":{\"controls\":{\"height\":30,\"autoHide\":false,\"fullscreen\":false}},\"clip\":{\"autoPlay\":false,\"url\":\"http:\\\/\\\/www.wwwagner.tv\\\/audio\\\/20130527_bildplus_1.mp3\"},\"playlist\":[{\"autoPlay\":false,\"url\":\"http:\\\/\\\/www.wwwagner.tv\\\/audio\\\/20130527_bildplus_1.mp3\"}],\"play\":{\"opacity\":0}}' \/>  No audio playback capabilities, please download the audio below<br \/><strong>Download Audio:<\/strong> Closed Format: <a href=\"http:\/\/www.wwwagner.tv\/audio\/20130527_bildplus_1.mp3\">MP3<\/a> <\/object> <!-- Generated by HTML5 Multimedia Framework (http:\/\/code.google.com\/p\/html5videoplayer) --> <\/audio>  \n<div style=\"height:10px;\"><\/div>\n<p><u>Was<\/u>: Pr\u00e4sentation Bild+, Einf\u00fchrung<br \/>\n<u>Wo<\/u>: Berlin, Axel-Springer-Hochhaus, 19. Etage<br \/>\n<u>Wann<\/u>: 27.05.2013, ca. 18:42 Uhr<br \/>\n<u>Wer<\/u>: Dr. Andreas Wiele, Vorstand Bild-Gruppe und Zeitschriften<\/p>\n<div style=\"height:20px;\"><\/div>\n<figure id=\"attachment_22065\" aria-describedby=\"caption-attachment-22065\" style=\"width: 400px\" class=\"wp-caption alignnone\"><a href=\"http:\/\/www.wwwagner.tv\/wp-content\/uploads\/20130527_IMG_5896_k_hopfen_donata_400.jpg\"><img loading=\"lazy\" decoding=\"async\" src=\"http:\/\/www.wwwagner.tv\/wp-content\/uploads\/20130527_IMG_5896_k_hopfen_donata_400.jpg\" alt=\"Donata Hopfen\" title=\"Donata Hopfen\" width=\"400\" height=\"252\" class=\"size-full wp-image-22065\" srcset=\"https:\/\/www.wwwagner.tv\/wp-content\/uploads\/20130527_IMG_5896_k_hopfen_donata_400.jpg 400w, https:\/\/www.wwwagner.tv\/wp-content\/uploads\/20130527_IMG_5896_k_hopfen_donata_400-300x189.jpg 300w\" sizes=\"auto, (max-width: 400px) 100vw, 400px\" \/><\/a><figcaption id=\"caption-attachment-22065\" class=\"wp-caption-text\">Donata Hopfen<\/figcaption><\/figure>\n<div style=\"height:10px;\"><\/div>\n <audio   controls > <source src=\"http:\/\/www.wwwagner.tv\/audio\/20130527_bildplus_2.mp3\" type='audio\/mpeg' \/> <object   type=\"application\/x-shockwave-flash\"  data=\"https:\/\/www.wwwagner.tv\/wp-content\/plugins\/wphtml5player\/inc\/flowplayer.swf\"  width=\"400\"  height=\"30\"> <param name=\"movie\" value='https:\/\/www.wwwagner.tv\/wp-content\/plugins\/wphtml5player\/inc\/flowplayer.swf' \/><param name=\"allowfullscreen\" value='false' \/><param name=\"cachebusting\" value='true' \/><param name=\"bgcolor\" value='#000000' \/><param name=\"flashvars\" value='config={\"plugins\":{\"controls\":{\"height\":30,\"autoHide\":false,\"fullscreen\":false}},\"clip\":{\"autoPlay\":false,\"url\":\"http:\\\/\\\/www.wwwagner.tv\\\/audio\\\/20130527_bildplus_2.mp3\"},\"playlist\":[{\"autoPlay\":false,\"url\":\"http:\\\/\\\/www.wwwagner.tv\\\/audio\\\/20130527_bildplus_2.mp3\"}],\"play\":{\"opacity\":0}}' \/>  No audio playback capabilities, please download the audio below<br \/><strong>Download Audio:<\/strong> Closed Format: <a href=\"http:\/\/www.wwwagner.tv\/audio\/20130527_bildplus_2.mp3\">MP3<\/a> <\/object> <!-- Generated by HTML5 Multimedia Framework (http:\/\/code.google.com\/p\/html5videoplayer) --> <\/audio>  \n<div style=\"height:10px;\"><\/div>\n<p><u>Was<\/u>: Pr\u00e4sentation Bild+, Details zum Bezahlmodell<br \/>\n<u>Wo<\/u>: Berlin, Axel-Springer-Hochhaus, 19. Etage<br \/>\n<u>Wann<\/u>: 27.05.2013, ca. 18:50 Uhr<br \/>\n<u>Wer<\/u>: Donata Hopfen, Gesch\u00e4ftsf\u00fchrerin Bild digital<\/p>\n<div style=\"height:20px;\"><\/div>\n<figure id=\"attachment_22067\" aria-describedby=\"caption-attachment-22067\" style=\"width: 400px\" class=\"wp-caption alignnone\"><a href=\"http:\/\/www.wwwagner.tv\/wp-content\/uploads\/20130527_IMG_6009_k_horn_marion_hart_manfred_400.jpg\"><img loading=\"lazy\" decoding=\"async\" src=\"http:\/\/www.wwwagner.tv\/wp-content\/uploads\/20130527_IMG_6009_k_horn_marion_hart_manfred_400.jpg\" alt=\"Marion Horn - Manfred Hart\" title=\"Marion Horn - Manfred Hart\" width=\"400\" height=\"267\" class=\"size-full wp-image-22067\" srcset=\"https:\/\/www.wwwagner.tv\/wp-content\/uploads\/20130527_IMG_6009_k_horn_marion_hart_manfred_400.jpg 400w, https:\/\/www.wwwagner.tv\/wp-content\/uploads\/20130527_IMG_6009_k_horn_marion_hart_manfred_400-300x200.jpg 300w\" sizes=\"auto, (max-width: 400px) 100vw, 400px\" \/><\/a><figcaption id=\"caption-attachment-22067\" class=\"wp-caption-text\">Marion Horn - Manfred Hart<\/figcaption><\/figure>\n<div style=\"height:10px;\"><\/div>\n <audio   controls > <source src=\"http:\/\/www.wwwagner.tv\/audio\/20130527_bildplus_3.mp3\" type='audio\/mpeg' \/> <object   type=\"application\/x-shockwave-flash\"  data=\"https:\/\/www.wwwagner.tv\/wp-content\/plugins\/wphtml5player\/inc\/flowplayer.swf\"  width=\"400\"  height=\"30\"> <param name=\"movie\" value='https:\/\/www.wwwagner.tv\/wp-content\/plugins\/wphtml5player\/inc\/flowplayer.swf' \/><param name=\"allowfullscreen\" value='false' \/><param name=\"cachebusting\" value='true' \/><param name=\"bgcolor\" value='#000000' \/><param name=\"flashvars\" value='config={\"plugins\":{\"controls\":{\"height\":30,\"autoHide\":false,\"fullscreen\":false}},\"clip\":{\"autoPlay\":false,\"url\":\"http:\\\/\\\/www.wwwagner.tv\\\/audio\\\/20130527_bildplus_3.mp3\"},\"playlist\":[{\"autoPlay\":false,\"url\":\"http:\\\/\\\/www.wwwagner.tv\\\/audio\\\/20130527_bildplus_3.mp3\"}],\"play\":{\"opacity\":0}}' \/>  No audio playback capabilities, please download the audio below<br \/><strong>Download Audio:<\/strong> Closed Format: <a href=\"http:\/\/www.wwwagner.tv\/audio\/20130527_bildplus_3.mp3\">MP3<\/a> <\/object> <!-- Generated by HTML5 Multimedia Framework (http:\/\/code.google.com\/p\/html5videoplayer) --> <\/audio>  \n<div style=\"height:10px;\"><\/div>\n<p><u>Was<\/u>: Pr\u00e4sentation Bild+, Zusammenarbeit Print\/Online<br \/>\n<u>Wo<\/u>: Berlin, Axel-Springer-Hochhaus, 19. Etage<br \/>\n<u>Wann<\/u>: 27.05.2013, ca. 19:10 Uhr<br \/>\n<u>Wer<\/u>: Marion Horn, Stellvertreterin des Bild-Chefredakteurs; Manfred Hart, Chefredakteur bild.de<\/p>\n<div style=\"height:20px;\"><\/div>\n<figure id=\"attachment_22068\" aria-describedby=\"caption-attachment-22068\" style=\"width: 400px\" class=\"wp-caption alignnone\"><a href=\"http:\/\/www.wwwagner.tv\/wp-content\/uploads\/20130527_IMG_6102_k_doepfner_mathias_400.jpg\"><img loading=\"lazy\" decoding=\"async\" src=\"http:\/\/www.wwwagner.tv\/wp-content\/uploads\/20130527_IMG_6102_k_doepfner_mathias_400.jpg\" alt=\"Dr. Mathias D\u00f6pfner\" title=\"Dr. Mathias D\u00f6pfner\" width=\"400\" height=\"260\" class=\"size-full wp-image-22068\" srcset=\"https:\/\/www.wwwagner.tv\/wp-content\/uploads\/20130527_IMG_6102_k_doepfner_mathias_400.jpg 400w, https:\/\/www.wwwagner.tv\/wp-content\/uploads\/20130527_IMG_6102_k_doepfner_mathias_400-300x195.jpg 300w\" sizes=\"auto, (max-width: 400px) 100vw, 400px\" \/><\/a><figcaption id=\"caption-attachment-22068\" class=\"wp-caption-text\">Dr. Mathias D\u00f6pfner<\/figcaption><\/figure>\n<div style=\"height:10px;\"><\/div>\n <audio   controls > <source src=\"http:\/\/www.wwwagner.tv\/audio\/20130527_bildplus_4.mp3\" type='audio\/mpeg' \/> <object   type=\"application\/x-shockwave-flash\"  data=\"https:\/\/www.wwwagner.tv\/wp-content\/plugins\/wphtml5player\/inc\/flowplayer.swf\"  width=\"400\"  height=\"30\"> <param name=\"movie\" value='https:\/\/www.wwwagner.tv\/wp-content\/plugins\/wphtml5player\/inc\/flowplayer.swf' \/><param name=\"allowfullscreen\" value='false' \/><param name=\"cachebusting\" value='true' \/><param name=\"bgcolor\" value='#000000' \/><param name=\"flashvars\" value='config={\"plugins\":{\"controls\":{\"height\":30,\"autoHide\":false,\"fullscreen\":false}},\"clip\":{\"autoPlay\":false,\"url\":\"http:\\\/\\\/www.wwwagner.tv\\\/audio\\\/20130527_bildplus_4.mp3\"},\"playlist\":[{\"autoPlay\":false,\"url\":\"http:\\\/\\\/www.wwwagner.tv\\\/audio\\\/20130527_bildplus_4.mp3\"}],\"play\":{\"opacity\":0}}' \/>  No audio playback capabilities, please download the audio below<br \/><strong>Download Audio:<\/strong> Closed Format: <a href=\"http:\/\/www.wwwagner.tv\/audio\/20130527_bildplus_4.mp3\">MP3<\/a> <\/object> <!-- Generated by HTML5 Multimedia Framework (http:\/\/code.google.com\/p\/html5videoplayer) --> <\/audio>  \n<div style=\"height:10px;\"><\/div>\n<p><u>Was<\/u>: Pr\u00e4sentation Bild+, strategische \u00dcberlegungen<br \/>\n<u>Wo<\/u>: Berlin, Axel-Springer-Hochhaus, 19. Etage<br \/>\n<u>Wann<\/u>: 27.05.2013, ca. 19:20 Uhr<br \/>\n<u>Wer<\/u>: Dr. Mathias D\u00f6pfner, Vorstandsvorsitzender Axel Springer AG<\/p>\n<div style=\"height:20px;\"><\/div>\n<figure id=\"attachment_22069\" aria-describedby=\"caption-attachment-22069\" style=\"width: 400px\" class=\"wp-caption alignnone\"><a href=\"http:\/\/www.wwwagner.tv\/wp-content\/uploads\/20130527_IMG_6111_k_alle_400.jpg\"><img loading=\"lazy\" decoding=\"async\" src=\"http:\/\/www.wwwagner.tv\/wp-content\/uploads\/20130527_IMG_6111_k_alle_400.jpg\" alt=\"Gruppenfoto\" title=\"Gruppenfoto\" width=\"400\" height=\"258\" class=\"size-full wp-image-22069\" srcset=\"https:\/\/www.wwwagner.tv\/wp-content\/uploads\/20130527_IMG_6111_k_alle_400.jpg 400w, https:\/\/www.wwwagner.tv\/wp-content\/uploads\/20130527_IMG_6111_k_alle_400-300x193.jpg 300w\" sizes=\"auto, (max-width: 400px) 100vw, 400px\" \/><\/a><figcaption id=\"caption-attachment-22069\" class=\"wp-caption-text\">Gruppenfoto<\/figcaption><\/figure>\n<div style=\"height:10px;\"><\/div>\n <audio   controls > <source src=\"http:\/\/www.wwwagner.tv\/audio\/20130527_bildplus_5.mp3\" type='audio\/mpeg' \/> <object   type=\"application\/x-shockwave-flash\"  data=\"https:\/\/www.wwwagner.tv\/wp-content\/plugins\/wphtml5player\/inc\/flowplayer.swf\"  width=\"400\"  height=\"30\"> <param name=\"movie\" value='https:\/\/www.wwwagner.tv\/wp-content\/plugins\/wphtml5player\/inc\/flowplayer.swf' \/><param name=\"allowfullscreen\" value='false' \/><param name=\"cachebusting\" value='true' \/><param name=\"bgcolor\" value='#000000' \/><param name=\"flashvars\" value='config={\"plugins\":{\"controls\":{\"height\":30,\"autoHide\":false,\"fullscreen\":false}},\"clip\":{\"autoPlay\":false,\"url\":\"http:\\\/\\\/www.wwwagner.tv\\\/audio\\\/20130527_bildplus_5.mp3\"},\"playlist\":[{\"autoPlay\":false,\"url\":\"http:\\\/\\\/www.wwwagner.tv\\\/audio\\\/20130527_bildplus_5.mp3\"}],\"play\":{\"opacity\":0}}' \/>  No audio playback capabilities, please download the audio below<br \/><strong>Download Audio:<\/strong> Closed Format: <a href=\"http:\/\/www.wwwagner.tv\/audio\/20130527_bildplus_5.mp3\">MP3<\/a> <\/object> <!-- Generated by HTML5 Multimedia Framework (http:\/\/code.google.com\/p\/html5videoplayer) --> <\/audio>  \n<div style=\"height:10px;\"><\/div>\n<p><u>Was<\/u>: Pr\u00e4sentation Bild+, Fragen der Pressevertreter<br \/>\n<u>Wo<\/u>: Berlin, Axel-Springer-Hochhaus, 19. Etage<br \/>\n<u>Wann<\/u>: 27.05.2013, ca. 19:27 Uhr<br \/>\n<u>Wer<\/u>: alle<\/p>\n<div style=\"height:10px;\"><\/div>\n<p><u>Vgl<\/u>.: Video vom &#8222;Klassenausflug&#8220;, das im letzten Audio zu h\u00f6ren ist:<\/p>\n<div class=\"BorlabsCookie\"><div class=\"_brlbs-content-blocker\"> <div class=\"_brlbs-embed _brlbs-video-youtube\"> <img class=\"_brlbs-thumbnail\" src=\"https:\/\/www.wwwagner.tv\/wp-content\/plugins\/borlabs-cookie\/images\/cb-no-thumbnail.png\" alt=\"YouTube\"> <div class=\"_brlbs-caption\"> <p>Mit dem Laden des Videos akzeptieren Sie die Datenschutzerkl\u00e4rung von YouTube.<br><a href=\"https:\/\/policies.google.com\/privacy\" target=\"_blank\" rel=\"nofollow noopener noreferrer\">Mehr erfahren<\/a><\/p> <p><a class=\"_brlbs-btn _brlbs-icon-play-white\" href=\"#\" data-borlabs-cookie-unblock role=\"button\">Video laden<\/a><\/p> <p><label><input type=\"checkbox\" name=\"unblockAll\" value=\"1\" checked> <small>YouTube immer entsperren<\/small><\/label><\/p> <\/div> <\/div> <\/div><div class=\"borlabs-hide\" data-borlabs-cookie-type=\"content-blocker\" data-borlabs-cookie-id=\"youtube\"><script type=\"text\/template\">PHA+PGlmcmFtZSBsb2FkaW5nPSJsYXp5IiB3aWR0aD0iNDAwIiBoZWlnaHQ9IjIyNSIgc3JjPSJodHRwczovL3d3dy55b3V0dWJlLW5vY29va2llLmNvbS9lbWJlZC91ZzRSY2lwOVNIZz9yZWw9MCIgZnJhbWVib3JkZXI9IjAiIGFsbG93ZnVsbHNjcmVlbj48L2lmcmFtZT48L3A+<\/script><\/div><\/div>\n<div style=\"height:20px;\"><\/div>\n<figure id=\"attachment_22057\" aria-describedby=\"caption-attachment-22057\" style=\"width: 600px\" class=\"wp-caption alignnone\"><a href=\"http:\/\/www.wwwagner.tv\/wp-content\/uploads\/20130527_IMG_6125_k_sonnenuntergang_springerhochhaus_600.jpg\"><img loading=\"lazy\" decoding=\"async\" src=\"http:\/\/www.wwwagner.tv\/wp-content\/uploads\/20130527_IMG_6125_k_sonnenuntergang_springerhochhaus_600.jpg\" alt=\"Sonnenuntergangsblick vom Springerhochhaus\" title=\"Sonnenuntergangsblick vom Springerhochhaus\" width=\"600\" height=\"294\" class=\"size-full wp-image-22057\" srcset=\"https:\/\/www.wwwagner.tv\/wp-content\/uploads\/20130527_IMG_6125_k_sonnenuntergang_springerhochhaus_600.jpg 600w, https:\/\/www.wwwagner.tv\/wp-content\/uploads\/20130527_IMG_6125_k_sonnenuntergang_springerhochhaus_600-300x147.jpg 300w\" sizes=\"auto, (max-width: 600px) 100vw, 600px\" \/><\/a><figcaption id=\"caption-attachment-22057\" class=\"wp-caption-text\">Sonnenuntergangsblick vom Springerhochhaus<\/figcaption><\/figure>\n<div style=\"height:10px;\"><\/div>\n<p>(Fotos: \u00a9 J\u00f6rg Wagner)<\/p>\n<div style=\"height:20px;\"><\/div>\n<hr \/>\n<div style=\"height: 5px;\"><\/div>\n<p><html><br \/>\n     <head><\/p>\n<style type=\"text\/css\">\n       body {\n                     background: #DADADA;\n       }\n      <\/style>\n<p>     <\/head><br \/>\n     <body><br \/>\n<\/body><br \/>\n    <\/html><br \/>\n<script src=\"https:\/\/apis.google.com\/js\/plusone.js\" type=\"text\/javascript\">\/\/ < ![CDATA[ {lang: 'de'} \/\/ ]]><\/script><br \/>\n<script src=\"http:\/\/twittercounter.com\/embed\/?username=medienmagazin&amp;style=avatar\" type=\"text\/javascript\"><\/script><\/p>\n<p><noscript><a href=\"http:\/\/twittercounter.com\/medienmagazin\">medienmagazin on Twitter Counter<\/a><\/noscript><\/p>\n","protected":false},"excerpt":{"rendered":"<p>&#8222;Das Ganze erinnert an eine Zeitungsgr\u00fcndung.&#8220; Nach Springers WELT werden nun auch Online-Artikel bei bild.de ab 11.06.2013 mit kostenpflichtigen Inhalten versehen. Unter dem Label Bild+ werden Leserinnen und Leser in drei Preisgruppen die M\u00f6glichkeit haben, auf diversen elektronischen Ger\u00e4ten Bild-Artikel lesen zu k\u00f6nnen, wenn gew\u00fcnscht auch in Kombination mit der Papier-Bild. Dar\u00fcberhinaus wird es moderat [&hellip;]<\/p>\n","protected":false},"author":2,"featured_media":0,"comment_status":"open","ping_status":"open","sticky":false,"template":"","format":"standard","meta":{"_monsterinsights_skip_tracking":false,"_monsterinsights_sitenote_active":false,"_monsterinsights_sitenote_note":"","_monsterinsights_sitenote_category":0,"footnotes":""},"categories":[17,53],"tags":[266,146,68,222,92,469,21],"class_list":["post-22051","post","type-post","status-publish","format-standard","hentry","category-aktuell","category-dokument","tag-axel-springer-ag","tag-bild","tag-internet","tag-journalismus","tag-mathias-dopfner","tag-paidcontent","tag-print"],"_links":{"self":[{"href":"https:\/\/www.wwwagner.tv\/index.php?rest_route=\/wp\/v2\/posts\/22051","targetHints":{"allow":["GET"]}}],"collection":[{"href":"https:\/\/www.wwwagner.tv\/index.php?rest_route=\/wp\/v2\/posts"}],"about":[{"href":"https:\/\/www.wwwagner.tv\/index.php?rest_route=\/wp\/v2\/types\/post"}],"author":[{"embeddable":true,"href":"https:\/\/www.wwwagner.tv\/index.php?rest_route=\/wp\/v2\/users\/2"}],"replies":[{"embeddable":true,"href":"https:\/\/www.wwwagner.tv\/index.php?rest_route=%2Fwp%2Fv2%2Fcomments&post=22051"}],"version-history":[{"count":43,"href":"https:\/\/www.wwwagner.tv\/index.php?rest_route=\/wp\/v2\/posts\/22051\/revisions"}],"predecessor-version":[{"id":44104,"href":"https:\/\/www.wwwagner.tv\/index.php?rest_route=\/wp\/v2\/posts\/22051\/revisions\/44104"}],"wp:attachment":[{"href":"https:\/\/www.wwwagner.tv\/index.php?rest_route=%2Fwp%2Fv2%2Fmedia&parent=22051"}],"wp:term":[{"taxonomy":"category","embeddable":true,"href":"https:\/\/www.wwwagner.tv\/index.php?rest_route=%2Fwp%2Fv2%2Fcategories&post=22051"},{"taxonomy":"post_tag","embeddable":true,"href":"https:\/\/www.wwwagner.tv\/index.php?rest_route=%2Fwp%2Fv2%2Ftags&post=22051"}],"curies":[{"name":"wp","href":"https:\/\/api.w.org\/{rel}","templated":true}]}}