{"id":22873,"date":"2013-08-11T22:52:06","date_gmt":"2013-08-11T21:52:06","guid":{"rendered":"http:\/\/www.wwwagner.tv\/?p=22873"},"modified":"2013-08-14T15:08:54","modified_gmt":"2013-08-14T14:08:54","slug":"medienmagazin-vom-10-08-2013","status":"publish","type":"post","link":"https:\/\/www.wwwagner.tv\/?p=22873","title":{"rendered":"Medienmagazin vom 10.08.2013"},"content":{"rendered":"<div style=\"height:50px;\"><\/div>\n<figure id=\"attachment_22874\" aria-describedby=\"caption-attachment-22874\" style=\"width: 600px\" class=\"wp-caption alignnone\"><a href=\"http:\/\/www.wwwagner.tv\/wp-content\/uploads\/DSC_5917-5_washingtonpost_600.jpg\"><img loading=\"lazy\" decoding=\"async\" src=\"http:\/\/www.wwwagner.tv\/wp-content\/uploads\/DSC_5917-5_washingtonpost_600.jpg\" alt=\"The Washington Post in Washington\" width=\"600\" height=\"433\" class=\"size-full wp-image-22874\" srcset=\"https:\/\/www.wwwagner.tv\/wp-content\/uploads\/DSC_5917-5_washingtonpost_600.jpg 600w, https:\/\/www.wwwagner.tv\/wp-content\/uploads\/DSC_5917-5_washingtonpost_600-300x216.jpg 300w\" sizes=\"auto, (max-width: 600px) 100vw, 600px\" \/><\/a><figcaption id=\"caption-attachment-22874\" class=\"wp-caption-text\">The Washington Post in Washington<\/figcaption><\/figure>\n<div style=\"height:20px;\"><\/div>\n<p><span style=\"color: #FFA500;\">Dr. Mathias D\u00f6pfner, Vorstandsvorsitzender der Axel Springer AG am 07.08.2013:<\/span><br \/>\n<em>&#8222;Dass der Boston Globe, der vor einigen Jahren f\u00fcr \u00fcber eine Milliarde Dollar gekauft wurde, dann f\u00fcr etwa 80 Millionen Dollar verkauft wird und dass wenige Tage sp\u00e4ter eine der renommiertesten, besten, wichtigsten und zu Zeiten auch erfolgreichsten Zeitungsmarken und Zeitungsgruppen der Welt, denn hier sind ja auch Regionalzeitungen noch mit verkauft worden, f\u00fcr nur 188 Millionen Euro verkauft worden ist, ist nat\u00fcrlich zun\u00e4chst einmal eine schockierende Nachricht. (\u2026) Ich muss allerdings sagen, bei 188 Millionen Euro &#8211; daf\u00fcr h\u00e4tte ich die Washington Post auch gerne genommen.&#8220;<\/em><\/p>\n<div style=\"height:20px;\"><\/div>\n<p>Gesamt-PodCast<br \/>\n <audio   controls > <source src=\"http:\/\/download.radioeins.de\/mp3\/medienmagazin\/mm20130810.mp3\" type='audio\/mpeg' \/> <object   type=\"application\/x-shockwave-flash\"  data=\"https:\/\/www.wwwagner.tv\/wp-content\/plugins\/wphtml5player\/inc\/flowplayer.swf\"  width=\"400\"  height=\"30\"> <param name=\"movie\" value='https:\/\/www.wwwagner.tv\/wp-content\/plugins\/wphtml5player\/inc\/flowplayer.swf' \/><param name=\"allowfullscreen\" value='false' \/><param name=\"cachebusting\" value='true' \/><param name=\"bgcolor\" value='#000000' \/><param name=\"flashvars\" value='config={\"plugins\":{\"controls\":{\"height\":30,\"autoHide\":false,\"fullscreen\":false}},\"clip\":{\"autoPlay\":false,\"url\":\"http:\\\/\\\/download.radioeins.de\\\/mp3\\\/medienmagazin\\\/mm20130810.mp3\"},\"playlist\":[{\"autoPlay\":false,\"url\":\"http:\\\/\\\/download.radioeins.de\\\/mp3\\\/medienmagazin\\\/mm20130810.mp3\"}],\"play\":{\"opacity\":0}}' \/>  No audio playback capabilities, please download the audio below<br \/><strong>Download Audio:<\/strong> Closed Format: <a href=\"http:\/\/download.radioeins.de\/mp3\/medienmagazin\/mm20130810.mp3\">MP3<\/a> <\/object> <!-- Generated by HTML5 Multimedia Framework (http:\/\/code.google.com\/p\/html5videoplayer) --> <\/audio>  <br \/>\n<a href=\"http:\/\/download.radioeins.de\/mp3\/medienmagazin\/mm20130810.mp3\" target=\"_blank\">Download<\/a><span style=\"color: #888888;\"> (verlinkte Audio-Quelle: rbb, radioeins)<\/span><\/p>\n<div style=\"height:20px;\"><\/div>\n<p>[00:00] INTRO: Dr. Mathias D\u00f6pfner zur Washington Post | [03:48] Der Verkauf der Washington Post | [16:16] Der Wandel der Axel Springer AG | [29:11] Der Fehlstart des Leistungsschutzrechts | [37:19] Bonus: Telefon-PK der Axel Springer AG (Ausschnitt)<\/p>\n<div style=\"height:20px;\"><\/div>\n<hr>\n<\/hr>\n<div style=\"height:30px;\"><\/div>\n<p><span style=\"color: #FFA500;\"><FONT SIZE=\"4\"><em>1. Der Verkauf der Washington Post<\/em><\/FONT><\/span><br \/>\n<figure id=\"attachment_22880\" aria-describedby=\"caption-attachment-22880\" style=\"width: 400px\" class=\"wp-caption alignnone\"><a href=\"http:\/\/www.wwwagner.tv\/wp-content\/uploads\/20130701_langer_ulrike_400.jpg\"><img loading=\"lazy\" decoding=\"async\" src=\"http:\/\/www.wwwagner.tv\/wp-content\/uploads\/20130701_langer_ulrike_400.jpg\" alt=\"Ulrike Langer in Seattle, USA\" width=\"400\" height=\"208\" class=\"size-full wp-image-22880\" srcset=\"https:\/\/www.wwwagner.tv\/wp-content\/uploads\/20130701_langer_ulrike_400.jpg 400w, https:\/\/www.wwwagner.tv\/wp-content\/uploads\/20130701_langer_ulrike_400-300x156.jpg 300w\" sizes=\"auto, (max-width: 400px) 100vw, 400px\" \/><\/a><figcaption id=\"caption-attachment-22880\" class=\"wp-caption-text\">Ulrike Langer in Seattle, USA<\/figcaption><\/figure><br \/>\n <audio   controls > <source src=\"http:\/\/download.radioeins.de\/mp3\/medienmagazin\/mm20130810_1.mp3\" type='audio\/mpeg' \/> <object   type=\"application\/x-shockwave-flash\"  data=\"https:\/\/www.wwwagner.tv\/wp-content\/plugins\/wphtml5player\/inc\/flowplayer.swf\"  width=\"400\"  height=\"30\"> <param name=\"movie\" value='https:\/\/www.wwwagner.tv\/wp-content\/plugins\/wphtml5player\/inc\/flowplayer.swf' \/><param name=\"allowfullscreen\" value='false' \/><param name=\"cachebusting\" value='true' \/><param name=\"bgcolor\" value='#000000' \/><param name=\"flashvars\" value='config={\"plugins\":{\"controls\":{\"height\":30,\"autoHide\":false,\"fullscreen\":false}},\"clip\":{\"autoPlay\":false,\"url\":\"http:\\\/\\\/download.radioeins.de\\\/mp3\\\/medienmagazin\\\/mm20130810_1.mp3\"},\"playlist\":[{\"autoPlay\":false,\"url\":\"http:\\\/\\\/download.radioeins.de\\\/mp3\\\/medienmagazin\\\/mm20130810_1.mp3\"}],\"play\":{\"opacity\":0}}' \/>  No audio playback capabilities, please download the audio below<br \/><strong>Download Audio:<\/strong> Closed Format: <a href=\"http:\/\/download.radioeins.de\/mp3\/medienmagazin\/mm20130810_1.mp3\">MP3<\/a> <\/object> <!-- Generated by HTML5 Multimedia Framework (http:\/\/code.google.com\/p\/html5videoplayer) --> <\/audio>  <br \/>\n<a href=\"http:\/\/download.radioeins.de\/mp3\/medienmagazin\/mm20130810_1.mp3\" target=\"_blank\">Download<\/a><span style=\"color: #888888;\"> (verlinkte Audio-Quelle: rbb, radioeins)<\/span><\/p>\n<p>skype-Gespr\u00e4ch \u00fcber den Besitzerwechsel bei der Washington Post mit Ulrike Langer, Medienjournalistin<\/p>\n<div style=\"height:20px;\"><\/div>\n<p>Vgl.:<br \/>\n* Blog von Ulrike Langer <a href=\"http:\/\/medialdigital.de\/\" target=\"_blank\">medial digital<\/a><br \/>\n* Interview &#8222;I love newspapers&#8220; mit <a href=\"http:\/\/bit.ly\/TSnkLy\" target=\"_blank\">Alan Rusbridger<\/a>, 2010<br \/>\n<div class=\"BorlabsCookie\"><div class=\"_brlbs-content-blocker\"> <div class=\"_brlbs-embed _brlbs-video-youtube\"> <img class=\"_brlbs-thumbnail\" src=\"https:\/\/www.wwwagner.tv\/wp-content\/plugins\/borlabs-cookie\/images\/cb-no-thumbnail.png\" alt=\"YouTube\"> <div class=\"_brlbs-caption\"> <p>Mit dem Laden des Videos akzeptieren Sie die Datenschutzerkl\u00e4rung von YouTube.<br><a href=\"https:\/\/policies.google.com\/privacy\" target=\"_blank\" rel=\"nofollow noopener noreferrer\">Mehr erfahren<\/a><\/p> <p><a class=\"_brlbs-btn _brlbs-icon-play-white\" href=\"#\" data-borlabs-cookie-unblock role=\"button\">Video laden<\/a><\/p> <p><label><input type=\"checkbox\" name=\"unblockAll\" value=\"1\" checked> <small>YouTube immer entsperren<\/small><\/label><\/p> <\/div> <\/div> <\/div><div class=\"borlabs-hide\" data-borlabs-cookie-type=\"content-blocker\" data-borlabs-cookie-id=\"youtube\"><script type=\"text\/template\">PGlmcmFtZSBsb2FkaW5nPSJsYXp5IiB3aWR0aD0iNDAwIiBoZWlnaHQ9IjIyNSIgc3JjPSIvL3d3dy55b3V0dWJlLW5vY29va2llLmNvbS9lbWJlZC8zRjRGVDA4VnlpRT9yZWw9MCIgZnJhbWVib3JkZXI9IjAiIGFsbG93ZnVsbHNjcmVlbj48L2lmcmFtZT48L3A+<\/script><\/div><\/div>\n<div style=\"height:30px;\"><\/div>\n<p><span style=\"color: #FFA500;\"><FONT SIZE=\"4\"><em>2. Der Wandel der Axel Springer AG<\/em><\/FONT><\/span><br \/>\n<figure id=\"attachment_22887\" aria-describedby=\"caption-attachment-22887\" style=\"width: 400px\" class=\"wp-caption alignnone\"><a href=\"http:\/\/www.wwwagner.tv\/wp-content\/uploads\/20130810-_simon_ulrike_linss_vera_400.jpg\"><img loading=\"lazy\" decoding=\"async\" src=\"http:\/\/www.wwwagner.tv\/wp-content\/uploads\/20130810-_simon_ulrike_linss_vera_400.jpg\" alt=\"Ulrike Simon und Vera Lin\u00df im radioeins-Sendestudio\" width=\"400\" height=\"252\" class=\"size-full wp-image-22887\" srcset=\"https:\/\/www.wwwagner.tv\/wp-content\/uploads\/20130810-_simon_ulrike_linss_vera_400.jpg 400w, https:\/\/www.wwwagner.tv\/wp-content\/uploads\/20130810-_simon_ulrike_linss_vera_400-300x189.jpg 300w\" sizes=\"auto, (max-width: 400px) 100vw, 400px\" \/><\/a><figcaption id=\"caption-attachment-22887\" class=\"wp-caption-text\">Ulrike Simon und Vera Lin\u00df im radioeins-Sendestudio<\/figcaption><\/figure><br \/>\n <audio   controls > <source src=\"http:\/\/download.radioeins.de\/mp3\/medienmagazin\/mm20130810_2.mp3\" type='audio\/mpeg' \/> <object   type=\"application\/x-shockwave-flash\"  data=\"https:\/\/www.wwwagner.tv\/wp-content\/plugins\/wphtml5player\/inc\/flowplayer.swf\"  width=\"400\"  height=\"30\"> <param name=\"movie\" value='https:\/\/www.wwwagner.tv\/wp-content\/plugins\/wphtml5player\/inc\/flowplayer.swf' \/><param name=\"allowfullscreen\" value='false' \/><param name=\"cachebusting\" value='true' \/><param name=\"bgcolor\" value='#000000' \/><param name=\"flashvars\" value='config={\"plugins\":{\"controls\":{\"height\":30,\"autoHide\":false,\"fullscreen\":false}},\"clip\":{\"autoPlay\":false,\"url\":\"http:\\\/\\\/download.radioeins.de\\\/mp3\\\/medienmagazin\\\/mm20130810_2.mp3\"},\"playlist\":[{\"autoPlay\":false,\"url\":\"http:\\\/\\\/download.radioeins.de\\\/mp3\\\/medienmagazin\\\/mm20130810_2.mp3\"}],\"play\":{\"opacity\":0}}' \/>  No audio playback capabilities, please download the audio below<br \/><strong>Download Audio:<\/strong> Closed Format: <a href=\"http:\/\/download.radioeins.de\/mp3\/medienmagazin\/mm20130810_2.mp3\">MP3<\/a> <\/object> <!-- Generated by HTML5 Multimedia Framework (http:\/\/code.google.com\/p\/html5videoplayer) --> <\/audio>  <br \/>\n<a href=\"http:\/\/download.radioeins.de\/mp3\/medienmagazin\/mm20130810_2.mp3\" target=\"_blank\">Download<\/a><span style=\"color: #888888;\"> (verlinkte Audio-Quelle: rbb, radioeins)<\/span><\/p>\n<p>Studiogespr\u00e4ch \u00fcber den Konzernumbau der Axel Springer AG mit Ulrike Simon, Medienjournalistin<\/p>\n<div style=\"height:20px;\"><\/div>\n<p><span style=\"color: #FFA500;\">Dr. Mathias D\u00f6pfner, Vorstandsvorsitzender der Axel Springer AG am 07.08.2013:<\/span><br \/>\n<em>&#8222;Drei von vier Nutzern, die bei uns ein digitales Probeabonnement abschlie\u00dfen, entscheiden sich anschlie\u00dfend daf\u00fcr, das kostenpflichtige Abonnement zu einem h\u00f6heren Preis fortzuf\u00fchren. Daraus schlie\u00dfen wir: unser Angebot \u00fcberzeugt. Und noch konkreter. In den ersten 6 Monaten haben wir auf diese weise mehr als 47.000 Abonnenten f\u00fcr die digitale Welt gewinnen k\u00f6nnen. 47.000 Abonnenten \u2013 das entspricht etwa &#8230; oder &#8230; nicht etwa, sondern etwas mehr als 20 % der Printauflage der Welt, die jetzt bei 227.000 Exemplaren liegt. Hinzu kommen 27.000 Print-Abonnenten, die sich \u00fcber ihr Marken-Abonnement f\u00fcr die digitalen Angebote freigeschaltet haben. Gleichzeitig hat sich die Einf\u00fchrung des digitalen Bezahlmodells nicht negativ auf die Reichweite von Weltonline ausgewirkt. Ganz im Gegenteil. Die Reichweite von Weltonline hat sich sogar positiv entwickelt.&#8220;<\/em><\/p>\n<div style=\"height:20px;\"><\/div>\n<p>Vgl.:<br \/>\n* <a href=\"http:\/\/www.berliner-zeitung.de\/medien\/springer-konzern-wette-auf-den-journalismus,10809188,23939736,view,printVersion.html\" target=\"_blank\">Wette auf den Journalismus<\/a> &#8211; Ulrike Simon, Berliner Zeitung, 07.08.2013<\/p>\n<div style=\"height:30px;\"><\/div>\n<p><span style=\"color: #FFA500;\"><FONT SIZE=\"4\"><em>3. Der Fehlstart des Leistungsschutzrechts<\/em><\/FONT><\/span><br \/>\n<figure id=\"attachment_22894\" aria-describedby=\"caption-attachment-22894\" style=\"width: 400px\" class=\"wp-caption alignnone\"><a href=\"http:\/\/www.wwwagner.tv\/wp-content\/uploads\/20130810_simon_ulrike_linss_vera_400a.jpg\"><img loading=\"lazy\" decoding=\"async\" src=\"http:\/\/www.wwwagner.tv\/wp-content\/uploads\/20130810_simon_ulrike_linss_vera_400a.jpg\" alt=\"Ulrike Simon - Vera Lin\u00df\" width=\"400\" height=\"242\" class=\"size-full wp-image-22894\" srcset=\"https:\/\/www.wwwagner.tv\/wp-content\/uploads\/20130810_simon_ulrike_linss_vera_400a.jpg 400w, https:\/\/www.wwwagner.tv\/wp-content\/uploads\/20130810_simon_ulrike_linss_vera_400a-300x181.jpg 300w\" sizes=\"auto, (max-width: 400px) 100vw, 400px\" \/><\/a><figcaption id=\"caption-attachment-22894\" class=\"wp-caption-text\">Ulrike Simon &#8211; Vera Lin\u00df<\/figcaption><\/figure><\/p>\n<p> <audio   controls > <source src=\"http:\/\/download.radioeins.de\/mp3\/medienmagazin\/mm20130810_3.mp3\" type='audio\/mpeg' \/> <object   type=\"application\/x-shockwave-flash\"  data=\"https:\/\/www.wwwagner.tv\/wp-content\/plugins\/wphtml5player\/inc\/flowplayer.swf\"  width=\"400\"  height=\"30\"> <param name=\"movie\" value='https:\/\/www.wwwagner.tv\/wp-content\/plugins\/wphtml5player\/inc\/flowplayer.swf' \/><param name=\"allowfullscreen\" value='false' \/><param name=\"cachebusting\" value='true' \/><param name=\"bgcolor\" value='#000000' \/><param name=\"flashvars\" value='config={\"plugins\":{\"controls\":{\"height\":30,\"autoHide\":false,\"fullscreen\":false}},\"clip\":{\"autoPlay\":false,\"url\":\"http:\\\/\\\/download.radioeins.de\\\/mp3\\\/medienmagazin\\\/mm20130810_3.mp3\"},\"playlist\":[{\"autoPlay\":false,\"url\":\"http:\\\/\\\/download.radioeins.de\\\/mp3\\\/medienmagazin\\\/mm20130810_3.mp3\"}],\"play\":{\"opacity\":0}}' \/>  No audio playback capabilities, please download the audio below<br \/><strong>Download Audio:<\/strong> Closed Format: <a href=\"http:\/\/download.radioeins.de\/mp3\/medienmagazin\/mm20130810_3.mp3\">MP3<\/a> <\/object> <!-- Generated by HTML5 Multimedia Framework (http:\/\/code.google.com\/p\/html5videoplayer) --> <\/audio>  <br \/>\n<a href=\"http:\/\/download.radioeins.de\/mp3\/medienmagazin\/mm20130810_3.mp3\" target=\"_blank\">Download<\/a><span style=\"color: #888888;\"> (verlinkte Audio-Quelle: rbb, radioeins)<\/span><\/p>\n<p>Das Leistungsschutzrecht ist da &#8211; doch die Verleger sind nicht bereit: Vier Jahre w\u00e4hrte der Kampf um eine Verg\u00fctung von Texten im Netz. Am 1. August trat das so genannte Leistungsschutzrecht f\u00fcr Presseverleger in Kraft. Damit sind die Verlage berechtigt, Geld f\u00fcr die kommerzielle Verwendung von Verlagstexten im Internet zu verlangen. Betroffen sind m\u00f6glicherweise auch Snippets, wie sie bei Google News zu finden sind. Au\u00dferdem ist noch immer unklar, wie die Presseverleger m\u00f6gliche Einnahmen aus dem neuen Recht einziehen wollen. Im Gespr\u00e4ch ist eine gemeinsame Verwertungsgesellschaft. Doch bis die kommt, kann noch ein Jahr vergehen und bis dahin bleibt das Leistungsschutzrecht erst einmal weitgehend wirkungslos. <\/p>\n<p>Studiogespr\u00e4ch mit O-T\u00f6nen von:<br \/>\n* Dietmar Wolff, Hauptgesch\u00e4ftsf\u00fchrer BDZV<br \/>\n* Andreas Tazl, FAZ<br \/>\n* Ralf Mohrhenn, Jurist und ehem. Finanzchef der Verwertungsgesellschaft GVL<br \/>\nAutorin: Vera Lin\u00df, Medienjournalistin<\/p>\n<div style=\"height:20px;\"><\/div>\n<p>Vgl.:<br \/>\n* Blog von <a href=\"http:\/\/vera-linss.de\" target=\"_blank\">Vera Lin\u00df <\/a><br \/>\n* Vollst\u00e4ndiges Interview<\/a> mit <a href=\"http:\/\/www.vera-linss.de\/2013\/08\/05\/lsr\/\" target=\"_blank\">Dietmar Wolff<\/a>, Hauptgesch\u00e4ftsf\u00fchrer BDZV<br \/>\n* Volst\u00e4ndiges Interview mit <a href=\"http:\/\/vera-linss.de\/2013\/08\/13\/das-ganze-ist-ein-riesengroser-sumpf\/\" target=\"_blank\">Ralf Mohrhenn<\/a>, Jurist und ehem. Finanzchef der Verwertungsgesellschaft GVL<\/p>\n<div style=\"height:70px;\"><\/div>\n<p><span style=\"color: #888888;\">(Fotos: \u00a9 J\u00f6rg Wagner; Ulrike Langer)<\/span><\/p>\n<div style=\"height:20px;\"><\/div>\n<p><script type=\"text\/javascript\" src=\"https:\/\/apis.google.com\/js\/plusone.js\">\n  {lang: 'de'}\n<\/script><g:plusone><\/g:plusone><br \/>\n<script type=\"text\/javascript\" src=\"http:\/\/twittercounter.com\/embed\/?username=medienmagazin&#038;style=avatar\"><\/script><noscript><a href=\"http:\/\/twittercounter.com\/medienmagazin\">medienmagazin on Twitter Counter<\/a><\/noscript><\/p>\n","protected":false},"excerpt":{"rendered":"<p>Dr. Mathias D\u00f6pfner, Vorstandsvorsitzender der Axel Springer AG am 07.08.2013: &#8222;Dass der Boston Globe, der vor einigen Jahren f\u00fcr \u00fcber eine Milliarde Dollar gekauft wurde, dann f\u00fcr etwa 80 Millionen Dollar verkauft wird und dass wenige Tage sp\u00e4ter eine der renommiertesten, besten, wichtigsten und zu Zeiten auch erfolgreichsten Zeitungsmarken und Zeitungsgruppen der Welt, denn hier [&hellip;]<\/p>\n","protected":false},"author":2,"featured_media":0,"comment_status":"open","ping_status":"open","sticky":false,"template":"","format":"standard","meta":{"_monsterinsights_skip_tracking":false,"_monsterinsights_sitenote_active":false,"_monsterinsights_sitenote_note":"","_monsterinsights_sitenote_category":0,"footnotes":""},"categories":[4],"tags":[266,225,222,66,21,482],"class_list":["post-22873","post","type-post","status-publish","format-standard","hentry","category-medienmagazin","tag-axel-springer-ag","tag-bdzv","tag-journalismus","tag-leistungsschutzrecht","tag-print","tag-washington-post"],"_links":{"self":[{"href":"https:\/\/www.wwwagner.tv\/index.php?rest_route=\/wp\/v2\/posts\/22873","targetHints":{"allow":["GET"]}}],"collection":[{"href":"https:\/\/www.wwwagner.tv\/index.php?rest_route=\/wp\/v2\/posts"}],"about":[{"href":"https:\/\/www.wwwagner.tv\/index.php?rest_route=\/wp\/v2\/types\/post"}],"author":[{"embeddable":true,"href":"https:\/\/www.wwwagner.tv\/index.php?rest_route=\/wp\/v2\/users\/2"}],"replies":[{"embeddable":true,"href":"https:\/\/www.wwwagner.tv\/index.php?rest_route=%2Fwp%2Fv2%2Fcomments&post=22873"}],"version-history":[{"count":42,"href":"https:\/\/www.wwwagner.tv\/index.php?rest_route=\/wp\/v2\/posts\/22873\/revisions"}],"predecessor-version":[{"id":22927,"href":"https:\/\/www.wwwagner.tv\/index.php?rest_route=\/wp\/v2\/posts\/22873\/revisions\/22927"}],"wp:attachment":[{"href":"https:\/\/www.wwwagner.tv\/index.php?rest_route=%2Fwp%2Fv2%2Fmedia&parent=22873"}],"wp:term":[{"taxonomy":"category","embeddable":true,"href":"https:\/\/www.wwwagner.tv\/index.php?rest_route=%2Fwp%2Fv2%2Fcategories&post=22873"},{"taxonomy":"post_tag","embeddable":true,"href":"https:\/\/www.wwwagner.tv\/index.php?rest_route=%2Fwp%2Fv2%2Ftags&post=22873"}],"curies":[{"name":"wp","href":"https:\/\/api.w.org\/{rel}","templated":true}]}}