{"id":22960,"date":"2013-08-17T23:53:18","date_gmt":"2013-08-17T22:53:18","guid":{"rendered":"http:\/\/www.wwwagner.tv\/?p=22960"},"modified":"2017-10-11T20:01:52","modified_gmt":"2017-10-11T19:01:52","slug":"medienmagazin-vom-17-08-2013","status":"publish","type":"post","link":"https:\/\/www.wwwagner.tv\/?p=22960","title":{"rendered":"Medienmagazin vom 17.08.2013"},"content":{"rendered":"<div style=\"height: 50px;\"><\/div>\n<p>Gesamt-PodCast:<\/p>\n<p> <audio   controls > <source src=\"http:\/\/download.radioeins.de\/mp3\/medienmagazin\/mm20130817.mp3\" type='audio\/mpeg' \/> <object   type=\"application\/x-shockwave-flash\"  data=\"https:\/\/www.wwwagner.tv\/wp-content\/plugins\/wphtml5player\/inc\/flowplayer.swf\"  width=\"400\"  height=\"30\"> <param name=\"movie\" value='https:\/\/www.wwwagner.tv\/wp-content\/plugins\/wphtml5player\/inc\/flowplayer.swf' \/><param name=\"allowfullscreen\" value='false' \/><param name=\"cachebusting\" value='true' \/><param name=\"bgcolor\" value='#000000' \/><param name=\"flashvars\" value='config={\"plugins\":{\"controls\":{\"height\":30,\"autoHide\":false,\"fullscreen\":false}},\"clip\":{\"autoPlay\":false,\"url\":\"http:\\\/\\\/download.radioeins.de\\\/mp3\\\/medienmagazin\\\/mm20130817.mp3\"},\"playlist\":[{\"autoPlay\":false,\"url\":\"http:\\\/\\\/download.radioeins.de\\\/mp3\\\/medienmagazin\\\/mm20130817.mp3\"}],\"play\":{\"opacity\":0}}' \/>  No audio playback capabilities, please download the audio below<br \/><strong>Download Audio:<\/strong> Closed Format: <a href=\"http:\/\/download.radioeins.de\/mp3\/medienmagazin\/mm20130817.mp3\">MP3<\/a> <\/object> <!-- Generated by HTML5 Multimedia Framework (http:\/\/code.google.com\/p\/html5videoplayer) --> <\/audio>  <br \/>\n<a href=\"http:\/\/download.radioeins.de\/mp3\/medienmagazin\/mm20130817.mp3\" target=\"_blank\">Download<\/a><span style=\"color: #888888;\"> (verlinkte Audio-Quelle: rbb, radioeins)<\/span><\/p>\n<div style=\"height:20px;\"><\/div>\n<p>[00:00] INTRO: Hey Du, tu Dir das nicht an! (CDU-Hoerfunkspot 1990) | [02:00] &#8222;Nah ran an die Zuschauer&#8220; &#8211; Wahlkampf im TV | [12:05] Umfragen bis kurz vor der Wahl &#8211; ZDF gibt alte Praxis auf | [20:15] JUNG &#038; naiv powered by Google | [32:47] in memoriam: Lothar Bisky | Bonus: [41:03] Hangout mit Marina Weisband (Ausschnitt) | [43:36] JUNG &#038; naiv: Folge 67 mit Hans Huett<\/p>\n<div style=\"height: 40px;\"><\/div>\n<hr \/>\n<p><span style=\"font-size: 11pt; font-family: tahoma,arial,helvetica,sans-serif;\"><u>1. &#8222;Nah ran an die Zuschauer&#8220; &#8211; Wahlkampf im TV<\/u><\/span><br \/>\n<figure id=\"attachment_22963\" aria-describedby=\"caption-attachment-22963\" style=\"width: 400px\" class=\"wp-caption alignnone\"><a href=\"http:\/\/www.wwwagner.tv\/wp-content\/uploads\/20130817-IMG_8450_meyer_michael_400.jpg\"><img loading=\"lazy\" decoding=\"async\" src=\"http:\/\/www.wwwagner.tv\/wp-content\/uploads\/20130817-IMG_8450_meyer_michael_400.jpg\" alt=\"Michael Meyer\" width=\"400\" height=\"267\" class=\"size-full wp-image-22963\" srcset=\"https:\/\/www.wwwagner.tv\/wp-content\/uploads\/20130817-IMG_8450_meyer_michael_400.jpg 400w, https:\/\/www.wwwagner.tv\/wp-content\/uploads\/20130817-IMG_8450_meyer_michael_400-300x200.jpg 300w\" sizes=\"auto, (max-width: 400px) 100vw, 400px\" \/><\/a><figcaption id=\"caption-attachment-22963\" class=\"wp-caption-text\">Michael Meyer<\/figcaption><\/figure><\/p>\n<div style=\"height:10px;\"><\/div>\n<p>Fernsehsender wollen W\u00e4hler und Zuschauer im Wahlkampf miteinbinden und fragen, welche Themen wichtig sind.<\/p>\n<p>Studiogespr\u00e4ch mit O-T\u00f6nen von:<br \/>\n* Udo Gr\u00e4tz, Wahlkampfkoordinator der ARD<br \/>\n* Dr. Peter Frey, ZDF-Chefredakteur<br \/>\n* Sonja Sch\u00fcnemann, Leiterin &#8222;zdf.check&#8220;<br \/>\n* Carina Teutenberg, Chefredakteurin Pro7Sat1<br \/>\nAutor: Michael Meyer<\/p>\n<div style=\"height:10px;\"><\/div>\n<p> <audio   controls > <source src=\"http:\/\/download.radioeins.de\/mp3\/medienmagazin\/mm20130817_1.mp3\" type='audio\/mpeg' \/> <object   type=\"application\/x-shockwave-flash\"  data=\"https:\/\/www.wwwagner.tv\/wp-content\/plugins\/wphtml5player\/inc\/flowplayer.swf\"  width=\"400\"  height=\"30\"> <param name=\"movie\" value='https:\/\/www.wwwagner.tv\/wp-content\/plugins\/wphtml5player\/inc\/flowplayer.swf' \/><param name=\"allowfullscreen\" value='false' \/><param name=\"cachebusting\" value='true' \/><param name=\"bgcolor\" value='#000000' \/><param name=\"flashvars\" value='config={\"plugins\":{\"controls\":{\"height\":30,\"autoHide\":false,\"fullscreen\":false}},\"clip\":{\"autoPlay\":false,\"url\":\"http:\\\/\\\/download.radioeins.de\\\/mp3\\\/medienmagazin\\\/mm20130817_1.mp3\"},\"playlist\":[{\"autoPlay\":false,\"url\":\"http:\\\/\\\/download.radioeins.de\\\/mp3\\\/medienmagazin\\\/mm20130817_1.mp3\"}],\"play\":{\"opacity\":0}}' \/>  No audio playback capabilities, please download the audio below<br \/><strong>Download Audio:<\/strong> Closed Format: <a href=\"http:\/\/download.radioeins.de\/mp3\/medienmagazin\/mm20130817_1.mp3\">MP3<\/a> <\/object> <!-- Generated by HTML5 Multimedia Framework (http:\/\/code.google.com\/p\/html5videoplayer) --> <\/audio>  <br \/>\n<a href=\"http:\/\/download.radioeins.de\/mp3\/medienmagazin\/mm20130817_1.mp3\" target=\"_blank\">Download<\/a><span style=\"color: #888888;\"> (verlinkte Audio-Quelle: rbb, radioeins)<\/span><\/p>\n<div style=\"height:30px;\"><\/div>\n<p><span style=\"font-size: 11pt; font-family: tahoma,arial,helvetica,sans-serif;\"><u>2. Umfragen bis kurz vor der Wahl &#8211; ZDF gibt alte Praxis auf<\/u><\/span><br \/>\n<figure id=\"attachment_22967\" aria-describedby=\"caption-attachment-22967\" style=\"width: 400px\" class=\"wp-caption alignnone\"><a href=\"http:\/\/www.wwwagner.tv\/wp-content\/uploads\/20130812_koll_theo_400.jpg\"><img loading=\"lazy\" decoding=\"async\" src=\"http:\/\/www.wwwagner.tv\/wp-content\/uploads\/20130812_koll_theo_400.jpg\" alt=\"Theo Koll\" width=\"400\" height=\"267\" class=\"size-full wp-image-22967\" srcset=\"https:\/\/www.wwwagner.tv\/wp-content\/uploads\/20130812_koll_theo_400.jpg 400w, https:\/\/www.wwwagner.tv\/wp-content\/uploads\/20130812_koll_theo_400-300x200.jpg 300w\" sizes=\"auto, (max-width: 400px) 100vw, 400px\" \/><\/a><figcaption id=\"caption-attachment-22967\" class=\"wp-caption-text\">Theo Koll<\/figcaption><\/figure><\/p>\n<div style=\"height:10px;\"><\/div>\n<p>Bisher hielt man mit R\u00fccksicht auf eine m\u00f6gliche Wahlbeeinflussung Umfrageergebnisse zum Stimmungsbild der Deutschen ab dem 10 Tag vor dem Wahltermin zur\u00fcck. Da sich W\u00e4hler zunehmend erst am Wahltag entscheiden, glaubt man bei ZDF nun in der Pflicht zu sein, W\u00e4hler auch kurz vor dem Wahltermin informieren zu m\u00fcssen.<br \/>\nInterview mit Theo Koll, Pr\u00e4sentator des ZDF-Politbarometers und Leiter der ZDF-Hauptredaktion Politik und Zeitgeschehen <\/p>\n<div style=\"height:10px;\"><\/div>\n<p> <audio   controls > <source src=\"http:\/\/download.radioeins.de\/mp3\/medienmagazin\/mm20130817_2.mp3\" type='audio\/mpeg' \/> <object   type=\"application\/x-shockwave-flash\"  data=\"https:\/\/www.wwwagner.tv\/wp-content\/plugins\/wphtml5player\/inc\/flowplayer.swf\"  width=\"400\"  height=\"30\"> <param name=\"movie\" value='https:\/\/www.wwwagner.tv\/wp-content\/plugins\/wphtml5player\/inc\/flowplayer.swf' \/><param name=\"allowfullscreen\" value='false' \/><param name=\"cachebusting\" value='true' \/><param name=\"bgcolor\" value='#000000' \/><param name=\"flashvars\" value='config={\"plugins\":{\"controls\":{\"height\":30,\"autoHide\":false,\"fullscreen\":false}},\"clip\":{\"autoPlay\":false,\"url\":\"http:\\\/\\\/download.radioeins.de\\\/mp3\\\/medienmagazin\\\/mm20130817_2.mp3\"},\"playlist\":[{\"autoPlay\":false,\"url\":\"http:\\\/\\\/download.radioeins.de\\\/mp3\\\/medienmagazin\\\/mm20130817_2.mp3\"}],\"play\":{\"opacity\":0}}' \/>  No audio playback capabilities, please download the audio below<br \/><strong>Download Audio:<\/strong> Closed Format: <a href=\"http:\/\/download.radioeins.de\/mp3\/medienmagazin\/mm20130817_2.mp3\">MP3<\/a> <\/object> <!-- Generated by HTML5 Multimedia Framework (http:\/\/code.google.com\/p\/html5videoplayer) --> <\/audio>  <br \/>\n<a href=\"http:\/\/download.radioeins.de\/mp3\/medienmagazin\/mm20130817_2.mp3\" target=\"_blank\">Download<\/a><span style=\"color: #888888;\"> (verlinkte Audio-Quelle: rbb, radioeins)<\/span><\/p>\n<div style=\"height:30px;\"><\/div>\n<p><span style=\"font-size: 11pt; font-family: tahoma,arial,helvetica,sans-serif;\"><u>3. JUNG &#038; naiv powered by Google<\/u><\/span><br \/>\n<figure id=\"attachment_22965\" aria-describedby=\"caption-attachment-22965\" style=\"width: 400px\" class=\"wp-caption alignnone\"><a href=\"http:\/\/www.wwwagner.tv\/wp-content\/uploads\/20130817_huett_hans_jung_tilo_5_400.jpg\"><img loading=\"lazy\" decoding=\"async\" src=\"http:\/\/www.wwwagner.tv\/wp-content\/uploads\/20130817_huett_hans_jung_tilo_5_400.jpg\" alt=\"Hans H\u00fctt - Tilo Jung\" width=\"400\" height=\"267\" class=\"size-full wp-image-22965\" srcset=\"https:\/\/www.wwwagner.tv\/wp-content\/uploads\/20130817_huett_hans_jung_tilo_5_400.jpg 400w, https:\/\/www.wwwagner.tv\/wp-content\/uploads\/20130817_huett_hans_jung_tilo_5_400-300x200.jpg 300w\" sizes=\"auto, (max-width: 400px) 100vw, 400px\" \/><\/a><figcaption id=\"caption-attachment-22965\" class=\"wp-caption-text\">Hans H\u00fctt &#8211; Tilo Jung<\/figcaption><\/figure><\/p>\n<div style=\"height:10px;\"><\/div>\n<p>Besonders bei Jung-, Erstw\u00e4hlern und politisch Desinteressierten versucht Google Deutschland mit einem eigenen Konzept <a href=\"http:\/\/www.google.de\/elections\/ed\/de\" target=\"_blank\">&#8222;2013+Du &#8211; Es ist Deine Wahl. Rede mit.&#8220;<\/a> zu punkten. Mit Politik-Hangouts, einer Art Videokonferenz, bei dem sich Politiker und W\u00e4hler virtuell begegnen, will man seit dieser Woche besonders mit der jungen W\u00e4hlergruppe ins Gespr\u00e4ch kommen. Au\u00dferdem werden Videointerviews mit Politikern und themenbezogene Videoinhalte der Plattform YouTube online gestellt.<br \/>\nStudiogespr\u00e4ch mit:<br \/>\n* Tilo Jung, freier Journalist<br \/>\n* Hans H\u00fctt, Co-Autor<\/p>\n<div style=\"height:10px;\"><\/div>\n<p> <audio   controls > <source src=\"http:\/\/download.radioeins.de\/mp3\/medienmagazin\/mm20130817_3.mp3\" type='audio\/mpeg' \/> <object   type=\"application\/x-shockwave-flash\"  data=\"https:\/\/www.wwwagner.tv\/wp-content\/plugins\/wphtml5player\/inc\/flowplayer.swf\"  width=\"400\"  height=\"30\"> <param name=\"movie\" value='https:\/\/www.wwwagner.tv\/wp-content\/plugins\/wphtml5player\/inc\/flowplayer.swf' \/><param name=\"allowfullscreen\" value='false' \/><param name=\"cachebusting\" value='true' \/><param name=\"bgcolor\" value='#000000' \/><param name=\"flashvars\" value='config={\"plugins\":{\"controls\":{\"height\":30,\"autoHide\":false,\"fullscreen\":false}},\"clip\":{\"autoPlay\":false,\"url\":\"http:\\\/\\\/download.radioeins.de\\\/mp3\\\/medienmagazin\\\/mm20130817_3.mp3\"},\"playlist\":[{\"autoPlay\":false,\"url\":\"http:\\\/\\\/download.radioeins.de\\\/mp3\\\/medienmagazin\\\/mm20130817_3.mp3\"}],\"play\":{\"opacity\":0}}' \/>  No audio playback capabilities, please download the audio below<br \/><strong>Download Audio:<\/strong> Closed Format: <a href=\"http:\/\/download.radioeins.de\/mp3\/medienmagazin\/mm20130817_3.mp3\">MP3<\/a> <\/object> <!-- Generated by HTML5 Multimedia Framework (http:\/\/code.google.com\/p\/html5videoplayer) --> <\/audio>  <br \/>\n<a href=\"http:\/\/download.radioeins.de\/mp3\/medienmagazin\/mm20130817_3.mp3\" target=\"_blank\">Download<\/a><span style=\"color: #888888;\"> (verlinkte Audio-Quelle: rbb, radioeins)<\/span><\/p>\n<div style=\"height:10px;\"><\/div>\n<p>Vgl.:<br \/>\n* <a href=\"http:\/\/bit.ly\/19p2KLe\" target=\"_blank\">YouTube Kanal &#8222;JUNG &#038; naiv&#8220;<\/a><br \/>\n* JUNG &#038; naiv mit Peer Steinbr\u00fcck<br \/>\n<div class=\"BorlabsCookie\"><div class=\"_brlbs-content-blocker\"> <div class=\"_brlbs-embed _brlbs-video-youtube\"> <img class=\"_brlbs-thumbnail\" src=\"https:\/\/www.wwwagner.tv\/wp-content\/plugins\/borlabs-cookie\/images\/cb-no-thumbnail.png\" alt=\"YouTube\"> <div class=\"_brlbs-caption\"> <p>Mit dem Laden des Videos akzeptieren Sie die Datenschutzerkl\u00e4rung von YouTube.<br><a href=\"https:\/\/policies.google.com\/privacy\" target=\"_blank\" rel=\"nofollow noopener noreferrer\">Mehr erfahren<\/a><\/p> <p><a class=\"_brlbs-btn _brlbs-icon-play-white\" href=\"#\" data-borlabs-cookie-unblock role=\"button\">Video laden<\/a><\/p> <p><label><input type=\"checkbox\" name=\"unblockAll\" value=\"1\" checked> <small>YouTube immer entsperren<\/small><\/label><\/p> <\/div> <\/div> <\/div><div class=\"borlabs-hide\" data-borlabs-cookie-type=\"content-blocker\" data-borlabs-cookie-id=\"youtube\"><script type=\"text\/template\">PGlmcmFtZSBsb2FkaW5nPSJsYXp5IiB3aWR0aD0iNDAwIiBoZWlnaHQ9IjMwMCIgc3JjPSIvL3d3dy55b3V0dWJlLW5vY29va2llLmNvbS9lbWJlZC9aYTlfcjRIUGstbz9yZWw9MCIgZnJhbWVib3JkZXI9IjAiIGFsbG93ZnVsbHNjcmVlbj48L2lmcmFtZT4=<\/script><\/div><\/div><br \/>\n* Hangout mit Marina Weisband<br \/>\n<div class=\"BorlabsCookie\"><div class=\"_brlbs-content-blocker\"> <div class=\"_brlbs-embed _brlbs-video-youtube\"> <img class=\"_brlbs-thumbnail\" src=\"https:\/\/www.wwwagner.tv\/wp-content\/plugins\/borlabs-cookie\/images\/cb-no-thumbnail.png\" alt=\"YouTube\"> <div class=\"_brlbs-caption\"> <p>Mit dem Laden des Videos akzeptieren Sie die Datenschutzerkl\u00e4rung von YouTube.<br><a href=\"https:\/\/policies.google.com\/privacy\" target=\"_blank\" rel=\"nofollow noopener noreferrer\">Mehr erfahren<\/a><\/p> <p><a class=\"_brlbs-btn _brlbs-icon-play-white\" href=\"#\" data-borlabs-cookie-unblock role=\"button\">Video laden<\/a><\/p> <p><label><input type=\"checkbox\" name=\"unblockAll\" value=\"1\" checked> <small>YouTube immer entsperren<\/small><\/label><\/p> <\/div> <\/div> <\/div><div class=\"borlabs-hide\" data-borlabs-cookie-type=\"content-blocker\" data-borlabs-cookie-id=\"youtube\"><script type=\"text\/template\">PGlmcmFtZSBsb2FkaW5nPSJsYXp5IiB3aWR0aD0iNDAwIiBoZWlnaHQ9IjIyNSIgc3JjPSIvL3d3dy55b3V0dWJlLW5vY29va2llLmNvbS9lbWJlZC9ZcXdVX3YzWkxRMD9yZWw9MCIgZnJhbWVib3JkZXI9IjAiIGFsbG93ZnVsbHNjcmVlbj48L2lmcmFtZT48L3A+<\/script><\/div><\/div>\n<div style=\"height:30px;\"><\/div>\n<p><span style=\"font-size: 11pt; font-family: tahoma,arial,helvetica,sans-serif;\"><u>4. in memoriam: Lothar Bisky<\/u><\/span><br \/>\n<figure id=\"attachment_22972\" aria-describedby=\"caption-attachment-22972\" style=\"width: 400px\" class=\"wp-caption alignnone\"><a href=\"http:\/\/www.wwwagner.tv\/wp-content\/uploads\/19960323_bisky_lothar_sw2_400.jpg\"><img loading=\"lazy\" decoding=\"async\" src=\"http:\/\/www.wwwagner.tv\/wp-content\/uploads\/19960323_bisky_lothar_sw2_400.jpg\" alt=\"Lothar Bisky 1996\" width=\"400\" height=\"267\" class=\"size-full wp-image-22972\" srcset=\"https:\/\/www.wwwagner.tv\/wp-content\/uploads\/19960323_bisky_lothar_sw2_400.jpg 400w, https:\/\/www.wwwagner.tv\/wp-content\/uploads\/19960323_bisky_lothar_sw2_400-300x200.jpg 300w\" sizes=\"auto, (max-width: 400px) 100vw, 400px\" \/><\/a><figcaption id=\"caption-attachment-22972\" class=\"wp-caption-text\">Lothar Bisky 1996<\/figcaption><\/figure><\/p>\n<div style=\"height:10px;\"><\/div>\n<p>Der Linken-Politiker Lothar Bisky, der diese Woche verstarb, war als langj\u00e4hriges ORB-Verwaltungsrat- und rbb-Rundfunkratsmitglied bekannt f\u00fcr seine konstruktiven, vermittelnden aber auch provozierenden Ideen. So forderte er im Medienmagazin vom 07.03.2009: Politiker raus aus den Gremien. Gew\u00e4hlte Rundfunk- und Medienr\u00e4te rein!<\/p>\n<div style=\"height:10px;\"><\/div>\n<p> <audio   controls > <source src=\"http:\/\/download.radioeins.de\/mp3\/medienmagazin\/mm20130817_4.mp3\" type='audio\/mpeg' \/> <object   type=\"application\/x-shockwave-flash\"  data=\"https:\/\/www.wwwagner.tv\/wp-content\/plugins\/wphtml5player\/inc\/flowplayer.swf\"  width=\"400\"  height=\"30\"> <param name=\"movie\" value='https:\/\/www.wwwagner.tv\/wp-content\/plugins\/wphtml5player\/inc\/flowplayer.swf' \/><param name=\"allowfullscreen\" value='false' \/><param name=\"cachebusting\" value='true' \/><param name=\"bgcolor\" value='#000000' \/><param name=\"flashvars\" value='config={\"plugins\":{\"controls\":{\"height\":30,\"autoHide\":false,\"fullscreen\":false}},\"clip\":{\"autoPlay\":false,\"url\":\"http:\\\/\\\/download.radioeins.de\\\/mp3\\\/medienmagazin\\\/mm20130817_4.mp3\"},\"playlist\":[{\"autoPlay\":false,\"url\":\"http:\\\/\\\/download.radioeins.de\\\/mp3\\\/medienmagazin\\\/mm20130817_4.mp3\"}],\"play\":{\"opacity\":0}}' \/>  No audio playback capabilities, please download the audio below<br \/><strong>Download Audio:<\/strong> Closed Format: <a href=\"http:\/\/download.radioeins.de\/mp3\/medienmagazin\/mm20130817_4.mp3\">MP3<\/a> <\/object> <!-- Generated by HTML5 Multimedia Framework (http:\/\/code.google.com\/p\/html5videoplayer) --> <\/audio>  <br \/>\n<a href=\"http:\/\/download.radioeins.de\/mp3\/medienmagazin\/mm20130817_4.mp3\" target=\"_blank\">Download<\/a><span style=\"color: #888888;\"> (verlinkte Audio-Quelle: rbb, radioeins)<\/span><\/p>\n<div style=\"height:20px;\"><\/div>\n<p>Vgl.:<br \/>\n* <a href=\"http:\/\/www.thueringer-allgemeine.de\/web\/zgt\/leben\/detail\/-\/specific\/Lothar-Bisky-stand-stets-schuetzend-vor-seinen-Studenten-1056287312\" target=\"_blank\">thueringer-allgemeine.de<\/a>, 14.08.2013<\/p>\n<div style=\"height:10px;\"><\/div>\n<hr \/>\n<p>(Fotos: \u00a9 J\u00f6rg Wagner [4], screenshot: ORB)<\/p>\n<div style=\"height: 5px;\"><\/div>\n<p><html><br \/>\n     <head><\/p>\n<style type=\"text\/css\">\n       body {\n                     background: #DADADA;\n       }\n      <\/style>\n<p>     <\/head><br \/>\n     <body><br \/>\n<\/body><br \/>\n    <\/html><br \/>\n<script src=\"https:\/\/apis.google.com\/js\/plusone.js\" type=\"text\/javascript\">\/\/ < ![CDATA[ {lang: 'de'} \/\/ ]]><\/script><br \/>\n<script src=\"http:\/\/twittercounter.com\/embed\/?username=medienmagazin&amp;style=avatar\" type=\"text\/javascript\"><\/script><\/p>\n<p><noscript><a href=\"http:\/\/twittercounter.com\/medienmagazin\">medienmagazin on Twitter Counter<\/a><\/noscript><\/p>\n","protected":false},"excerpt":{"rendered":"<p>Gesamt-PodCast: No audio playback capabilities, please download the audio belowDownload Audio: Closed Format: MP3 Download (verlinkte Audio-Quelle: rbb, radioeins) [00:00] INTRO: Hey Du, tu Dir das nicht an! (CDU-Hoerfunkspot 1990) | [02:00] &#8222;Nah ran an die Zuschauer&#8220; &#8211; Wahlkampf im TV | [12:05] Umfragen bis kurz vor der Wahl &#8211; ZDF gibt alte Praxis auf [&hellip;]<\/p>\n","protected":false},"author":2,"featured_media":32866,"comment_status":"open","ping_status":"open","sticky":false,"template":"","format":"standard","meta":{"_monsterinsights_skip_tracking":false,"_monsterinsights_sitenote_active":false,"_monsterinsights_sitenote_note":"","_monsterinsights_sitenote_category":0,"footnotes":""},"categories":[4],"tags":[],"class_list":["post-22960","post","type-post","status-publish","format-standard","has-post-thumbnail","hentry","category-medienmagazin"],"_links":{"self":[{"href":"https:\/\/www.wwwagner.tv\/index.php?rest_route=\/wp\/v2\/posts\/22960","targetHints":{"allow":["GET"]}}],"collection":[{"href":"https:\/\/www.wwwagner.tv\/index.php?rest_route=\/wp\/v2\/posts"}],"about":[{"href":"https:\/\/www.wwwagner.tv\/index.php?rest_route=\/wp\/v2\/types\/post"}],"author":[{"embeddable":true,"href":"https:\/\/www.wwwagner.tv\/index.php?rest_route=\/wp\/v2\/users\/2"}],"replies":[{"embeddable":true,"href":"https:\/\/www.wwwagner.tv\/index.php?rest_route=%2Fwp%2Fv2%2Fcomments&post=22960"}],"version-history":[{"count":34,"href":"https:\/\/www.wwwagner.tv\/index.php?rest_route=\/wp\/v2\/posts\/22960\/revisions"}],"predecessor-version":[{"id":38010,"href":"https:\/\/www.wwwagner.tv\/index.php?rest_route=\/wp\/v2\/posts\/22960\/revisions\/38010"}],"wp:featuredmedia":[{"embeddable":true,"href":"https:\/\/www.wwwagner.tv\/index.php?rest_route=\/wp\/v2\/media\/32866"}],"wp:attachment":[{"href":"https:\/\/www.wwwagner.tv\/index.php?rest_route=%2Fwp%2Fv2%2Fmedia&parent=22960"}],"wp:term":[{"taxonomy":"category","embeddable":true,"href":"https:\/\/www.wwwagner.tv\/index.php?rest_route=%2Fwp%2Fv2%2Fcategories&post=22960"},{"taxonomy":"post_tag","embeddable":true,"href":"https:\/\/www.wwwagner.tv\/index.php?rest_route=%2Fwp%2Fv2%2Ftags&post=22960"}],"curies":[{"name":"wp","href":"https:\/\/api.w.org\/{rel}","templated":true}]}}