{"id":23415,"date":"2013-10-18T13:10:26","date_gmt":"2013-10-18T12:10:26","guid":{"rendered":"http:\/\/www.wwwagner.tv\/?p=23415"},"modified":"2014-12-13T14:45:50","modified_gmt":"2014-12-13T13:45:50","slug":"pk-zur-zdf-fernsehratssitzung-18-10-2013","status":"publish","type":"post","link":"https:\/\/www.wwwagner.tv\/?p=23415","title":{"rendered":"Pressekonferenz: ZDF-Fernsehrat 18.10.2013"},"content":{"rendered":"<div style=\"height: 70px;\"><\/div>\n<p><span style=\"color: #ffa500;\"><span style=\"font-size: medium;\"><em>Digitalkonzept &#8211; Perspektiven der ZDF-Programmfamilie<\/em><\/span><\/span><\/p>\n<div style=\"height: 10px;\"><\/div>\n<figure id=\"attachment_23416\" aria-describedby=\"caption-attachment-23416\" style=\"width: 600px\" class=\"wp-caption alignnone\"><a href=\"http:\/\/www.wwwagner.tv\/wp-content\/uploads\/20131018_zdffernsehrat-pk_600.jpg\"><img loading=\"lazy\" decoding=\"async\" class=\"size-full wp-image-23416\" alt=\"Dr. Thomas Bellut - Ruprecht Polenz\" src=\"http:\/\/www.wwwagner.tv\/wp-content\/uploads\/20131018_zdffernsehrat-pk_600.jpg\" width=\"600\" height=\"335\" srcset=\"https:\/\/www.wwwagner.tv\/wp-content\/uploads\/20131018_zdffernsehrat-pk_600.jpg 600w, https:\/\/www.wwwagner.tv\/wp-content\/uploads\/20131018_zdffernsehrat-pk_600-300x167.jpg 300w\" sizes=\"auto, (max-width: 600px) 100vw, 600px\" \/><\/a><figcaption id=\"caption-attachment-23416\" class=\"wp-caption-text\">Dr. Thomas Bellut &#8211; Ruprecht Polenz<\/figcaption><\/figure>\n<div style=\"height: 10px;\"><\/div>\n<div style=\"height: 10px;\"><\/div>\n<p> <audio   controls > <source src=\"http:\/\/www.wwwagner.tv\/audio\/20131018_1235_zdf-fernsehrat.mp3\" type='audio\/mpeg' \/> <object   type=\"application\/x-shockwave-flash\"  data=\"https:\/\/www.wwwagner.tv\/wp-content\/plugins\/wphtml5player\/inc\/flowplayer.swf\"  width=\"400\"  height=\"30\"> <param name=\"movie\" value='https:\/\/www.wwwagner.tv\/wp-content\/plugins\/wphtml5player\/inc\/flowplayer.swf' \/><param name=\"allowfullscreen\" value='false' \/><param name=\"cachebusting\" value='true' \/><param name=\"bgcolor\" value='#000000' \/><param name=\"flashvars\" value='config={\"plugins\":{\"controls\":{\"height\":30,\"autoHide\":false,\"fullscreen\":false}},\"clip\":{\"autoPlay\":false,\"url\":\"http:\\\/\\\/www.wwwagner.tv\\\/audio\\\/20131018_1235_zdf-fernsehrat.mp3\"},\"playlist\":[{\"autoPlay\":false,\"url\":\"http:\\\/\\\/www.wwwagner.tv\\\/audio\\\/20131018_1235_zdf-fernsehrat.mp3\"}],\"play\":{\"opacity\":0}}' \/>  No audio playback capabilities, please download the audio below<br \/><strong>Download Audio:<\/strong> Closed Format: <a href=\"http:\/\/www.wwwagner.tv\/audio\/20131018_1235_zdf-fernsehrat.mp3\">MP3<\/a> <\/object> <!-- Generated by HTML5 Multimedia Framework (http:\/\/code.google.com\/p\/html5videoplayer) --> <\/audio>  <br \/>\n<a href=\"http:\/\/www.wwwagner.tv\/audio\/20131018_1235_zdf-fernsehrat.mp3\" target=\"_blank\">Download<\/a><span style=\"color: #888888;\"><\/span><\/p>\n<div style=\"height: 20px;\"><\/div>\n<p><span style=\"color: #ffa500;\">Wer:<\/span><br \/>\n(in der Reihenfolge des Auftritts)<br \/>\n* Alexander Stock, ZDF-Unternehmenssprecher<br \/>\n* Ruprecht Polenz, ZDF-Fernsehratschef<br \/>\n* Dr. Thomas Bellut, ZDF-Intendant<br \/>\n<span style=\"color: #ffa500;\">Was:<\/span> Pressekonferenz zur 6. Sitzung des ZDF-Fernsehrates der XIV. Amtsperiode<br \/>\n<span style=\"color: #ffa500;\">Wo:<\/span> Berlin, Grand Hotel Esplanade, Raum Esperanto 1,2<br \/>\n<span style=\"color: #ffa500;\">Wann:<\/span> 18.10.2013, 12:35-13:10 Uhr<\/p>\n<div style=\"height: 20px;\"><\/div>\n<p><strong><span style=\"color: #ff9900;\">Perspektiven f\u00fcr die ZDF-Programmfamilie\/ Fernsehrat: ZDFneo und<\/span><\/strong><br \/>\n<strong><span style=\"color: #ff9900;\"> ZDFinfo essentiell f\u00fcr Programmfamilie<\/span><\/strong><\/p>\n<p><span style=\"color: #c0c0c0;\">Mainz &#8211; Der ZDF-Fernsehrat hat am Freitag in Berlin \u00fcber den<\/span><br \/>\n<span style=\"color: #c0c0c0;\"> Stand der Diskussion zur Zukunft der Digitalkan\u00e4le beraten. Das<\/span><br \/>\n<span style=\"color: #c0c0c0;\"> Gremium sieht dabei ZDFneo und ZDFinfo angesichts der<\/span><br \/>\n<span style=\"color: #c0c0c0;\"> fortschreitenden Fragmentarisierung des TV-Marktes als essentiell f\u00fcr<\/span><br \/>\n<span style=\"color: #c0c0c0;\"> die ZDF-Programmfamilie an. Diese Angebote seien zunehmend<\/span><br \/>\n<span style=\"color: #c0c0c0;\"> erfolgreich und erf\u00fcllten die Erwartung, verst\u00e4rkt j\u00fcngere Zuschauer<\/span><br \/>\n<span style=\"color: #c0c0c0;\"> mit hochwertigen \u00f6ffentlich-rechtlichen Angeboten zu erreichen. Damit<\/span><br \/>\n<span style=\"color: #c0c0c0;\"> werde einem Generationenabriss im Publikum erfolgreich entgegen<\/span><br \/>\n<span style=\"color: #c0c0c0;\"> gewirkt.<\/span><\/p>\n<p><span style=\"color: #c0c0c0;\">ZDF-Intendant Dr. Thomas Bellut erkl\u00e4rte: &#8222;ZDFinfo begeistert<\/span><br \/>\n<span style=\"color: #c0c0c0;\"> zunehmend j\u00fcngere Menschen f\u00fcr Dokumentationen und Information. Genau<\/span><br \/>\n<span style=\"color: #c0c0c0;\"> das war der Auftrag. Wir k\u00f6nnen dort experimentieren und das mit<\/span><br \/>\n<span style=\"color: #c0c0c0;\"> Erfolg. Und wir haben festgestellt, dass sich Phoenix und ZDFinfo<\/span><br \/>\n<span style=\"color: #c0c0c0;\"> keine Zuschauer wegnehmen.&#8220; Auch ZDFneo hat im laufenden Jahr noch<\/span><br \/>\n<span style=\"color: #c0c0c0;\"> einmal zugelegt. Im September wurde mit 1,1 Prozent Marktanteil eine<\/span><br \/>\n<span style=\"color: #c0c0c0;\"> neue H\u00f6chstmarke erreicht. In den Digitalhaushalten lag der<\/span><br \/>\n<span style=\"color: #c0c0c0;\"> Marktanteil in der Kernzielgruppe des Senders, den 30- bis<\/span><br \/>\n<span style=\"color: #c0c0c0;\"> 49-J\u00e4hrigen, sogar bei 1,7 Prozent.<\/span><\/p>\n<p><span style=\"color: #c0c0c0;\">Mit den beiden Kan\u00e4len ZDFneo und ZDFinfo konnte der R\u00fcckgang bei<\/span><br \/>\n<span style=\"color: #c0c0c0;\"> den 14- bis 49-J\u00e4hrigen gestoppt und sogar umgekehrt werden. Die<\/span><br \/>\n<span style=\"color: #c0c0c0;\"> ZDF-Senderfamilie hatte im ersten Halbjahr 2013 wieder so viele<\/span><br \/>\n<span style=\"color: #c0c0c0;\"> j\u00fcngere Zuschauer wie zuletzt 1998.<\/span><\/p>\n<p><span style=\"color: #c0c0c0;\">Der Fernsehrat hat au\u00dferdem ein von ARD und ZDF gemeinsam<\/span><br \/>\n<span style=\"color: #c0c0c0;\"> entwickeltes Konzept f\u00fcr ein multimediales Jugendangebot zur weiteren<\/span><br \/>\n<span style=\"color: #c0c0c0;\"> Beratung an die zust\u00e4ndigen Aussch\u00fcsse verwiesen. Mit dem Konzept<\/span><br \/>\n<span style=\"color: #c0c0c0;\"> wollen sich die Ministerpr\u00e4sidenten der L\u00e4nder in der kommenden Woche<\/span><br \/>\n<span style=\"color: #c0c0c0;\"> befassen.<\/span><\/p>\n<p><span style=\"color: #c0c0c0;\">(ZDF-Pressemitteilung vom 18.10.2013\/12:45 Uhr)<\/span><\/p>\n<div style=\"height: 100px;\"><\/div>\n<p><span style=\"color: #888888;\">(Screenshot: ZDF)<\/span><\/p>\n<div style=\"height: 20px;\"><\/div>\n<p><script type=\"text\/javascript\" src=\"https:\/\/apis.google.com\/js\/plusone.js\">\/\/ <![CDATA[\n{lang: 'de'}\n\/\/ ]]><\/script><br \/>\n<script type=\"text\/javascript\" src=\"http:\/\/twittercounter.com\/embed\/?username=medienmagazin&amp;style=avatar\"><\/script><\/p>\n<p><noscript><a href=\"http:\/\/twittercounter.com\/medienmagazin\">medienmagazin on Twitter Counter<\/a><\/noscript><\/p>\n","protected":false},"excerpt":{"rendered":"<p>Digitalkonzept &#8211; Perspektiven der ZDF-Programmfamilie No audio playback capabilities, please download the audio belowDownload Audio: Closed Format: MP3 Download Wer: (in der Reihenfolge des Auftritts) * Alexander Stock, ZDF-Unternehmenssprecher * Ruprecht Polenz, ZDF-Fernsehratschef * Dr. Thomas Bellut, ZDF-Intendant Was: Pressekonferenz zur 6. Sitzung des ZDF-Fernsehrates der XIV. Amtsperiode Wo: Berlin, Grand Hotel Esplanade, Raum Esperanto [&hellip;]<\/p>\n","protected":false},"author":2,"featured_media":0,"comment_status":"open","ping_status":"open","sticky":false,"template":"","format":"standard","meta":{"_monsterinsights_skip_tracking":false,"_monsterinsights_sitenote_active":false,"_monsterinsights_sitenote_note":"","_monsterinsights_sitenote_category":0,"footnotes":""},"categories":[53],"tags":[110,50,245,12],"class_list":["post-23415","post","type-post","status-publish","format-standard","hentry","category-dokument","tag-jugendkanal","tag-zdf","tag-zdfinfo","tag-zdfneo"],"_links":{"self":[{"href":"https:\/\/www.wwwagner.tv\/index.php?rest_route=\/wp\/v2\/posts\/23415","targetHints":{"allow":["GET"]}}],"collection":[{"href":"https:\/\/www.wwwagner.tv\/index.php?rest_route=\/wp\/v2\/posts"}],"about":[{"href":"https:\/\/www.wwwagner.tv\/index.php?rest_route=\/wp\/v2\/types\/post"}],"author":[{"embeddable":true,"href":"https:\/\/www.wwwagner.tv\/index.php?rest_route=\/wp\/v2\/users\/2"}],"replies":[{"embeddable":true,"href":"https:\/\/www.wwwagner.tv\/index.php?rest_route=%2Fwp%2Fv2%2Fcomments&post=23415"}],"version-history":[{"count":11,"href":"https:\/\/www.wwwagner.tv\/index.php?rest_route=\/wp\/v2\/posts\/23415\/revisions"}],"predecessor-version":[{"id":26224,"href":"https:\/\/www.wwwagner.tv\/index.php?rest_route=\/wp\/v2\/posts\/23415\/revisions\/26224"}],"wp:attachment":[{"href":"https:\/\/www.wwwagner.tv\/index.php?rest_route=%2Fwp%2Fv2%2Fmedia&parent=23415"}],"wp:term":[{"taxonomy":"category","embeddable":true,"href":"https:\/\/www.wwwagner.tv\/index.php?rest_route=%2Fwp%2Fv2%2Fcategories&post=23415"},{"taxonomy":"post_tag","embeddable":true,"href":"https:\/\/www.wwwagner.tv\/index.php?rest_route=%2Fwp%2Fv2%2Ftags&post=23415"}],"curies":[{"name":"wp","href":"https:\/\/api.w.org\/{rel}","templated":true}]}}