{"id":23742,"date":"2013-11-22T14:24:42","date_gmt":"2013-11-22T13:24:42","guid":{"rendered":"http:\/\/www.wwwagner.tv\/?p=23742"},"modified":"2013-11-25T19:22:21","modified_gmt":"2013-11-25T18:22:21","slug":"republica-meets-media-convention-berlin","status":"publish","type":"post","link":"https:\/\/www.wwwagner.tv\/?p=23742","title":{"rendered":"re:publica meets MEDIA CONVENTION Berlin"},"content":{"rendered":"<div style=\"height:70px;\"><\/div>\n<p><span style=\"color: #FFA500;\"><FONT SIZE=\"4\"><em>&#8222;Into the wild.&#8220;<\/em><\/FONT><\/span><\/p>\n<div style=\"height:10px;\"><\/div>\n<figure id=\"attachment_23745\" aria-describedby=\"caption-attachment-23745\" style=\"width: 600px\" class=\"wp-caption alignnone\"><a href=\"http:\/\/www.wwwagner.tv\/wp-content\/uploads\/20131122-DSC_0117.jpg\"><img loading=\"lazy\" decoding=\"async\" src=\"http:\/\/www.wwwagner.tv\/wp-content\/uploads\/20131122-DSC_0117.jpg\" alt=\"Andreas Gebhard - Bj\u00f6rn B\u00f6hning - Elmar Giglinger\" width=\"600\" height=\"366\" class=\"size-full wp-image-23745\" srcset=\"https:\/\/www.wwwagner.tv\/wp-content\/uploads\/20131122-DSC_0117.jpg 600w, https:\/\/www.wwwagner.tv\/wp-content\/uploads\/20131122-DSC_0117-300x183.jpg 300w\" sizes=\"auto, (max-width: 600px) 100vw, 600px\" \/><\/a><figcaption id=\"caption-attachment-23745\" class=\"wp-caption-text\">Andreas Gebhard &#8211; Bj\u00f6rn B\u00f6hning &#8211; Elmar Giglinger<\/figcaption><\/figure>\n<div style=\"height:10px;\"><\/div>\n<p>Der Internationale Medienkongress medienwoche@ifa parallel zur IFA Berlin geht mit neuem Namen (<a href=\"http:\/\/media-convention-berlin.de\/\" target=\"_blank\">MEDIA CONVENTION Berlin<\/a>), neuer Konzeption, neuem Ort (<a href=\"http:\/\/www.station-berlin.de\/de\/\" target=\"_blank\">Station Berlin<\/a>) und neuer Zeit (06.\/07.05.2014) zusammen mit der Netzkonferenz <a href=\"http:\/\/www.re-publica.de\/\" target=\"_blank\">re:publica<\/a> an den Start, die sich ebenfalls neu aufstellt. Erste Videointerviews.<\/p>\n<div style=\"height:10px;\"><\/div>\n<div class=\"BorlabsCookie\"><div class=\"_brlbs-content-blocker\"> <div class=\"_brlbs-embed _brlbs-video-youtube\"> <img class=\"_brlbs-thumbnail\" src=\"https:\/\/www.wwwagner.tv\/wp-content\/plugins\/borlabs-cookie\/images\/cb-no-thumbnail.png\" alt=\"YouTube\"> <div class=\"_brlbs-caption\"> <p>Mit dem Laden des Videos akzeptieren Sie die Datenschutzerkl\u00e4rung von YouTube.<br><a href=\"https:\/\/policies.google.com\/privacy\" target=\"_blank\" rel=\"nofollow noopener noreferrer\">Mehr erfahren<\/a><\/p> <p><a class=\"_brlbs-btn _brlbs-icon-play-white\" href=\"#\" data-borlabs-cookie-unblock role=\"button\">Video laden<\/a><\/p> <p><label><input type=\"checkbox\" name=\"unblockAll\" value=\"1\" checked> <small>YouTube immer entsperren<\/small><\/label><\/p> <\/div> <\/div> <\/div><div class=\"borlabs-hide\" data-borlabs-cookie-type=\"content-blocker\" data-borlabs-cookie-id=\"youtube\"><script type=\"text\/template\">PHA+PGlmcmFtZSBsb2FkaW5nPSJsYXp5IiB3aWR0aD0iNTAwIiBoZWlnaHQ9IjI4MSIgc3JjPSIvL3d3dy55b3V0dWJlLW5vY29va2llLmNvbS9lbWJlZC9qVms3RjNzaHJyRT9yZWw9MCIgZnJhbWVib3JkZXI9IjAiIGFsbG93ZnVsbHNjcmVlbj48L2lmcmFtZT48L3A+<\/script><\/div><\/div>\n<div style=\"height:10px;\"><\/div>\n<p><span style=\"color: #FFA500;\">Wer:<\/span> Elmar Giglinger, Gesch\u00e4ftsf\u00fchrer <a href=\"http:\/\/www.medienboard.de\/\" target=\"_blank\">medienboard<\/a> Berlin-Brandenburg<br \/>\n<span style=\"color: #FFA500;\">Was:<\/span> Interview zur Neuorientierung eines Internationalen Medienkogresses als MEDIA CONVENTION Berlin zusammen mit der der re:publica<br \/>\n<span style=\"color: #FFA500;\">Wann:<\/span> 22.11.2013<br \/>\n<span style=\"color: #FFA500;\">Wo:<\/span> Berlin, FluxBau, Pfuelstr. 5<\/p>\n<div style=\"height:20px;\"><\/div>\n<div class=\"BorlabsCookie\"><div class=\"_brlbs-content-blocker\"> <div class=\"_brlbs-embed _brlbs-video-youtube\"> <img class=\"_brlbs-thumbnail\" src=\"https:\/\/www.wwwagner.tv\/wp-content\/plugins\/borlabs-cookie\/images\/cb-no-thumbnail.png\" alt=\"YouTube\"> <div class=\"_brlbs-caption\"> <p>Mit dem Laden des Videos akzeptieren Sie die Datenschutzerkl\u00e4rung von YouTube.<br><a href=\"https:\/\/policies.google.com\/privacy\" target=\"_blank\" rel=\"nofollow noopener noreferrer\">Mehr erfahren<\/a><\/p> <p><a class=\"_brlbs-btn _brlbs-icon-play-white\" href=\"#\" data-borlabs-cookie-unblock role=\"button\">Video laden<\/a><\/p> <p><label><input type=\"checkbox\" name=\"unblockAll\" value=\"1\" checked> <small>YouTube immer entsperren<\/small><\/label><\/p> <\/div> <\/div> <\/div><div class=\"borlabs-hide\" data-borlabs-cookie-type=\"content-blocker\" data-borlabs-cookie-id=\"youtube\"><script type=\"text\/template\">PHA+PGlmcmFtZSBsb2FkaW5nPSJsYXp5IiB3aWR0aD0iNTAwIiBoZWlnaHQ9IjI4MSIgc3JjPSIvL3d3dy55b3V0dWJlLW5vY29va2llLmNvbS9lbWJlZC80dXBYemY5YU5ZdyIgZnJhbWVib3JkZXI9IjAiIGFsbG93ZnVsbHNjcmVlbj48L2lmcmFtZT48L3A+<\/script><\/div><\/div>\n<div style=\"height:10px;\"><\/div>\n<p><span style=\"color: #FFA500;\">Wer:<\/span> Andreas Gebhard, Gesch\u00e4ftsf\u00fchrer und Mitgr\u00fcnder <a href=\"http:\/\/www.re-publica.de\/\" target=\"_blank\">re:publica<\/a><br \/>\n<span style=\"color: #FFA500;\">Was:<\/span> Interview zur Neuorientierung der re:publica zusammen mit MEDIA CONVENTION Berlin<br \/>\n<span style=\"color: #FFA500;\">Wann:<\/span> 22.11.2013<br \/>\n<span style=\"color: #FFA500;\">Wo:<\/span> Berlin, FluxBau, Pfuelstr. 5<br \/>\n<span style=\"color: #FFA500;\">Vgl.:<\/span><br \/>\n* <a href=\"http:\/\/media-convention-berlin.de\/\" target=\"_blank\">http:\/\/media-convention-berlin.de\/<\/a><br \/>\n* <a href=\"http:\/\/www.medienboard.de\/WebObjects\/Medienboard.woa\/wa\/CMSshow\/2608069?mode=cms2918701\" target=\"_blank\">Details<\/a> beim medienboard Berlin-Brandenburg<\/p>\n<div style=\"height: 20px;\"><\/div>\n<figure id=\"attachment_23749\" aria-describedby=\"caption-attachment-23749\" style=\"width: 600px\" class=\"wp-caption alignnone\"><a href=\"http:\/\/www.wwwagner.tv\/wp-content\/uploads\/20131122-DSC_0107.jpg\"><img loading=\"lazy\" decoding=\"async\" src=\"http:\/\/www.wwwagner.tv\/wp-content\/uploads\/20131122-DSC_0107.jpg\" alt=\"Pressekonferenz bei Kerzenlicht\" width=\"600\" height=\"376\" class=\"size-full wp-image-23749\" srcset=\"https:\/\/www.wwwagner.tv\/wp-content\/uploads\/20131122-DSC_0107.jpg 600w, https:\/\/www.wwwagner.tv\/wp-content\/uploads\/20131122-DSC_0107-300x188.jpg 300w\" sizes=\"auto, (max-width: 600px) 100vw, 600px\" \/><\/a><figcaption id=\"caption-attachment-23749\" class=\"wp-caption-text\">Pressekonferenz bei Kerzenlicht<\/figcaption><\/figure>\n<div style=\"height: 70px;\"><\/div>\n<p><span style=\"color: #888888;\">(Video + Fotos: \u00a9 J\u00f6rg Wagner)<\/span><\/p>\n<div style=\"height:20px;\"><\/div>\n<p><script type=\"text\/javascript\" src=\"https:\/\/apis.google.com\/js\/plusone.js\">\n  {lang: 'de'}\n<\/script><g:plusone><\/g:plusone><br \/>\n<script type=\"text\/javascript\" src=\"http:\/\/twittercounter.com\/embed\/?username=medienmagazin&#038;style=avatar\"><\/script><noscript><a href=\"http:\/\/twittercounter.com\/medienmagazin\">medienmagazin on Twitter Counter<\/a><\/noscript><\/p>\n","protected":false},"excerpt":{"rendered":"<p>&#8222;Into the wild.&#8220; Der Internationale Medienkongress medienwoche@ifa parallel zur IFA Berlin geht mit neuem Namen (MEDIA CONVENTION Berlin), neuer Konzeption, neuem Ort (Station Berlin) und neuer Zeit (06.\/07.05.2014) zusammen mit der Netzkonferenz re:publica an den Start, die sich ebenfalls neu aufstellt. Erste Videointerviews. Mit dem Laden des Videos akzeptieren Sie die Datenschutzerkl\u00e4rung von YouTube.Mehr erfahren [&hellip;]<\/p>\n","protected":false},"author":2,"featured_media":0,"comment_status":"open","ping_status":"open","sticky":false,"template":"","format":"standard","meta":{"_monsterinsights_skip_tracking":false,"_monsterinsights_sitenote_active":false,"_monsterinsights_sitenote_note":"","_monsterinsights_sitenote_category":0,"footnotes":""},"categories":[17],"tags":[500,73,170],"class_list":["post-23742","post","type-post","status-publish","format-standard","hentry","category-aktuell","tag-media-convention-berlin","tag-medienboard","tag-republica"],"_links":{"self":[{"href":"https:\/\/www.wwwagner.tv\/index.php?rest_route=\/wp\/v2\/posts\/23742","targetHints":{"allow":["GET"]}}],"collection":[{"href":"https:\/\/www.wwwagner.tv\/index.php?rest_route=\/wp\/v2\/posts"}],"about":[{"href":"https:\/\/www.wwwagner.tv\/index.php?rest_route=\/wp\/v2\/types\/post"}],"author":[{"embeddable":true,"href":"https:\/\/www.wwwagner.tv\/index.php?rest_route=\/wp\/v2\/users\/2"}],"replies":[{"embeddable":true,"href":"https:\/\/www.wwwagner.tv\/index.php?rest_route=%2Fwp%2Fv2%2Fcomments&post=23742"}],"version-history":[{"count":18,"href":"https:\/\/www.wwwagner.tv\/index.php?rest_route=\/wp\/v2\/posts\/23742\/revisions"}],"predecessor-version":[{"id":23800,"href":"https:\/\/www.wwwagner.tv\/index.php?rest_route=\/wp\/v2\/posts\/23742\/revisions\/23800"}],"wp:attachment":[{"href":"https:\/\/www.wwwagner.tv\/index.php?rest_route=%2Fwp%2Fv2%2Fmedia&parent=23742"}],"wp:term":[{"taxonomy":"category","embeddable":true,"href":"https:\/\/www.wwwagner.tv\/index.php?rest_route=%2Fwp%2Fv2%2Fcategories&post=23742"},{"taxonomy":"post_tag","embeddable":true,"href":"https:\/\/www.wwwagner.tv\/index.php?rest_route=%2Fwp%2Fv2%2Ftags&post=23742"}],"curies":[{"name":"wp","href":"https:\/\/api.w.org\/{rel}","templated":true}]}}