{"id":23757,"date":"2013-11-22T18:31:27","date_gmt":"2013-11-22T17:31:27","guid":{"rendered":"http:\/\/www.wwwagner.tv\/?p=23757"},"modified":"2013-11-25T03:33:27","modified_gmt":"2013-11-25T02:33:27","slug":"wdr-zukunftsfest-machen","status":"publish","type":"post","link":"https:\/\/www.wwwagner.tv\/?p=23757","title":{"rendered":"WDR zukunftsfest machen"},"content":{"rendered":"<div style=\"height: 70px;\"><\/div>\n<p>&nbsp;<\/p>\n<div style=\"height: 10px;\"><\/div>\n<figure id=\"attachment_23758\" aria-describedby=\"caption-attachment-23758\" style=\"width: 600px\" class=\"wp-caption alignnone\"><a href=\"http:\/\/www.wwwagner.tv\/wp-content\/uploads\/20131122_wdr_rr_pk_600.jpg\"><img loading=\"lazy\" decoding=\"async\" class=\"size-full wp-image-23758\" alt=\"Pressekonferenz nach der WDR-Rundfunkratswahl\" src=\"http:\/\/www.wwwagner.tv\/wp-content\/uploads\/20131122_wdr_rr_pk_600.jpg\" width=\"600\" height=\"339\" srcset=\"https:\/\/www.wwwagner.tv\/wp-content\/uploads\/20131122_wdr_rr_pk_600.jpg 600w, https:\/\/www.wwwagner.tv\/wp-content\/uploads\/20131122_wdr_rr_pk_600-300x169.jpg 300w\" sizes=\"auto, (max-width: 600px) 100vw, 600px\" \/><\/a><figcaption id=\"caption-attachment-23758\" class=\"wp-caption-text\">Pressekonferenz nach der WDR-Rundfunkratswahl<\/figcaption><\/figure>\n<div style=\"height: 10px;\"><\/div>\n <audio   controls > <source src=\"http:\/\/www.wwwagner.tv\/audio\/20131122_1705_wdr-rr-pk_64.mp3\" type='audio\/mpeg' \/> <object   type=\"application\/x-shockwave-flash\"  data=\"https:\/\/www.wwwagner.tv\/wp-content\/plugins\/wphtml5player\/inc\/flowplayer.swf\"  width=\"400\"  height=\"30\"> <param name=\"movie\" value='https:\/\/www.wwwagner.tv\/wp-content\/plugins\/wphtml5player\/inc\/flowplayer.swf' \/><param name=\"allowfullscreen\" value='false' \/><param name=\"cachebusting\" value='true' \/><param name=\"bgcolor\" value='#000000' \/><param name=\"flashvars\" value='config={\"plugins\":{\"controls\":{\"height\":30,\"autoHide\":false,\"fullscreen\":false}},\"clip\":{\"autoPlay\":false,\"url\":\"http:\\\/\\\/www.wwwagner.tv\\\/audio\\\/20131122_1705_wdr-rr-pk_64.mp3\"},\"playlist\":[{\"autoPlay\":false,\"url\":\"http:\\\/\\\/www.wwwagner.tv\\\/audio\\\/20131122_1705_wdr-rr-pk_64.mp3\"}],\"play\":{\"opacity\":0}}' \/>  No audio playback capabilities, please download the audio below<br \/><strong>Download Audio:<\/strong> Closed Format: <a href=\"http:\/\/www.wwwagner.tv\/audio\/20131122_1705_wdr-rr-pk_64.mp3\">MP3<\/a> <\/object> <!-- Generated by HTML5 Multimedia Framework (http:\/\/code.google.com\/p\/html5videoplayer) --> <\/audio>  \n<div style=\"height: 20px;\"><\/div>\n<p><span style=\"color: #ffa500;\">Wer:<\/span> (v.l.n.r.)<br \/>\n* Stefan Wirtz, WDR Unternehmenssprecher<br \/>\n* Valerie Weber, WDR-H\u00f6rfunkdirektorin ab 01.05.2014<br \/>\n* Tom Buhrow, WDR-Intendant<br \/>\n* Ruth Hieronymi, WDR-Rundfunkratsvorsitzende<br \/>\n* J\u00f6rg Sch\u00f6nenborn, WDR-Fernsehdirektor ab 01.05.2014<br \/>\n<span style=\"color: #ffa500;\">Was:<\/span> Pressekonferenz nach der Rundfunkratssitzung zur Wahl der Direktoren<br \/>\n<span style=\"color: #ffa500;\">Wo:<\/span> K\u00f6ln, WDR, Studio 2<br \/>\n<span style=\"color: #ffa500;\">Wann:<\/span> 22.11.2013, ca. 17:05 Uhr<\/p>\n<p><span style=\"color: #ffa500;\">Vgl.:<\/span><br \/>\n* <a href=\"http:\/\/www.wdr.de\/unternehmen\/gremien\/rundfunkrat\/aktuelles.jsp\" target=\"_blank\">Pressemitteilung<\/a> des WDR-Rundfunkrats vom 22.11.2013<\/p>\n<div style=\"height: 20px;\"><\/div>\n<figure id=\"attachment_23759\" aria-describedby=\"caption-attachment-23759\" style=\"width: 400px\" class=\"wp-caption alignnone\"><a href=\"http:\/\/www.wwwagner.tv\/wp-content\/uploads\/20131122_weber_valerie_wdr_rr_400.jpg\"><img loading=\"lazy\" decoding=\"async\" class=\"size-full wp-image-23759\" alt=\"Valerie Weber\" src=\"http:\/\/www.wwwagner.tv\/wp-content\/uploads\/20131122_weber_valerie_wdr_rr_400.jpg\" width=\"400\" height=\"225\" srcset=\"https:\/\/www.wwwagner.tv\/wp-content\/uploads\/20131122_weber_valerie_wdr_rr_400.jpg 400w, https:\/\/www.wwwagner.tv\/wp-content\/uploads\/20131122_weber_valerie_wdr_rr_400-300x168.jpg 300w\" sizes=\"auto, (max-width: 400px) 100vw, 400px\" \/><\/a><figcaption id=\"caption-attachment-23759\" class=\"wp-caption-text\">Valerie Weber<\/figcaption><\/figure>\n<div style=\"height: 10px;\"><\/div>\n<p>(&#8230;)<\/p>\n<p>04:34<br \/>\n<span style=\"color: #ffa500;\">Valerie Weber:<\/span> Ja, also, bevor ich mit irgendwelchen Thesen komme, muss ich erstmal sagen, ich freue mich auf die neuen Menschen hier in Nordrhein-Westfalen und auf die neuen Menschen beim Westdeutschen Rundfunk. Ich bin sehr gl\u00fccklich und wie Sie sich vorstellen k\u00f6nnen auch sehr, sehr, sehr erleichtert \u00fcber dieses klare Stimmenverh\u00e4ltnis dann bei den Rundfunkr\u00e4ten. Es war ein sehr mutiger Vorschlag des neuen Intendanten, sich tats\u00e4chlich im kompletten dualen System umzuschauen. Und er wollte einfach, glaube ich, den oder vielleicht auch die Beste finden f\u00fcr den Westdeutschen Rundfunk. Und es ist ihm eine Herzensangelegenheit gewesen. Er wusste, dass er daf\u00fcr &#8230; was es auch bedeutet, wenn er mich vorschl\u00e4gt. Wir wussten das beide, was das bedeutet in Deutschland. Und was dann passieren wird.<\/p>\n<p>Ich kann nur sage, ich verstehe &#8230; ich verstehe absolut die \u00c4ngste, die auch im Haus herrschen. Und ich verstehe, dass Mitarbeiter im ersten Moment vielleicht sagen, das kann doch nicht wirklich der Vorschlag des Intendanten sein. Ich finde, wir stehen mit dem Radio, mit der Gattung Radio vor ganz gro\u00dfen Aufgaben, die wir bestehen m\u00fcssen. Und da geht es dann gar nicht mehr darum, ob man links oder rechts von irgendeinem System steht. Es geht darum, dass Radio \u00fcberhaupt noch auf dem Endger\u00e4t da ist, dass Radio eine wichtige Rolle spielt. Die Aufgabe, wissen Sie, ist f\u00fcr einen Radiomacher \u2013 und ich bin leidenschaftliche Radiomacherin \u2013 immer die gleiche. Und das ist aus H\u00f6rern Zuh\u00f6rer zu machen.<\/p>\n<p>Das gilt f\u00fcr alle Wellen und f\u00fcr alle Programme. Und wenn Sie gutes und spannendes Radio machen \u2013 und das machen die Kollegen hier beim Westdeutschen Rundfunk \u2013 dann werden wir gemeinsam einen Weg finden, wie wir kreative L\u00f6sungen finden f\u00fcr die neue Zukunft. Und alles, was ich tun will, ist mein input, was ich gelernt habe auf dem freien Markt, was ich gelernt habe durch viele Erfahrungen, mein input hier mit reinzugeben, dass der WDR auch k\u00fcnftig wettbewerbsf\u00e4hig sein wird, ein tolles Programm macht auf allen Wellen und dass wir, auch wenn vielleicht jetzt ein Sparkurs dem Sender bevorsteht, wir das so kreativ l\u00f6sen, dass keiner hier im Haus Angst haben muss. Und da w\u00e4re ich gerne mit dabei.<\/p>\n<p>Das war die Aufgabe, die der Intendant vorgab und er hat mich gefragt, ob auch ich den Mut habe oder ob ich vielleicht dann doch vorher einknicke, wenn ich erst einmal den Wind sp\u00fcre. Ich bin f\u00fcr frischen Wind, wie Sie sich vorstellen k\u00f6nnen. Insofern kann ich damit auch umgehen, wenn der Wind auch mal von vorne kommt und ich freu mich einfach auf die neue Aufgabe und auf die vielen neuen Gesichter hier im Haus. Vielen Dank. Und jetzt muss ich n\u00e4mlich auch schon &#8230; und w\u00fcrde ich auch ganz gerne zu den neuen Kollegen gehen &#8230;<\/p>\n<p>07:08<br \/>\n<span style=\"color: #ffa500;\">Stefan Wirtz:<\/span> <span style=\"color: #c0c0c0;\"> Vielleicht haben wir noch 5 Minuten &#8230;<\/span><\/p>\n<p><span style=\"color: #ffa500;\">Valerie Weber:<\/span> Ja.<\/p>\n<p><span style=\"color: #ffa500;\">Stefan Wirtz:<\/span> <span style=\"color: #c0c0c0;\"> &#8230; um Fragen zu beantworten f\u00fcr die Kollegen. Dann w\u00fcrde ich die Kollegen und Kolleginnen bitten, jetzt die Fragen nur an Frau Weber zu stellen, weil Sie gern zu den Programm- &#8230;<\/span><\/p>\n<p><span style=\"color: #ffa500;\">Valerie Weber:<\/span> Ich will mich nicht vordr\u00e4ngeln. Sie kennen schon alle im Haus. Ich noch gar nicht.<\/p>\n<p><span style=\"color: #ffa500;\">Diemut Roether:<\/span> <span style=\"color: #c0c0c0;\"> Diemut Roether, epd Medien. Frau Weber, mich w\u00fcrde interessieren, was haben Sie f\u00fcr eine Strategie f\u00fcr die Wellen hier beim WDR? Das ist ja das, was uns alle interessiert.<\/p>\n<p><span style=\"color: #ffa500;\">Valerie Weber:<\/span> Spannendes Radio zu machen. Das ist meine Strategie. Und zwar auf allen Wellen. Ich m\u00f6chte mich nicht wiederholen, aber das ist wirklich meine Antwort. Ich glaube, dass es extrem wichtig ist, sich mit den Hauptabteilungsleitern, mit den Wellenchefs zusammen hinzusetzen und zu sagen, lass uns drauf schauen, ob der Markt auch f\u00fcr die Zukunft gut ger\u00fcstet ist, der WDR gut ger\u00fcstet ist. Sind wir alle miteinander, wenn wir uns so als Boote verstehen in diesem Ozean, sind wir da alle so, dass wenn wir nebeneinander schwimmen, dass wir uns auch sch\u00fctzen k\u00f6nnen, wenn ein Angriff kommt. Sie wissen, dass hier auch von einer zweiten, landesweiten Privatfunkwelle gesprochen wird und dann wird die Frage sein, ist der WDR schon da auch im UKW-Bereich wettbewerbsf\u00e4hig? Sind wir so aufgestellt, dass wir alle Altersgruppen gl\u00fccklich machen und Zielgruppen (Handyklingeln) und &#8230; ich bins nicht, die klingelt. Und sind wir da richtig aufgestellt? Und daraus wird sich dann der Plan ergeben. Ich denke, gemeinsam mit den Kollegen kann man das nur machen.<\/p>\n<p><span style=\"color: #ffa500;\">Stefan Wirtz:<\/span> <span style=\"color: #c0c0c0;\">Noch eine Frage an Frau Weber?<\/span><\/p>\n<p>08:31<br \/>\n<span style=\"color: #ffa500;\">Anne Burgmer:<\/span> <span style=\"color: #c0c0c0;\">Dann nehme ich&#8217;s doch einfach.<\/span><\/p>\n<p><span style=\"color: #ffa500;\">Stefan Wirtz:<\/span> <span style=\"color: #c0c0c0;\">Frau Burgmer!<\/span><\/p>\n<p><span style=\"color: #ffa500;\">Anne Burgmer:<\/span> <span style=\"color: #c0c0c0;\">Anne Burgmer, K\u00f6lner Stadtanzeiger. Hallo!<\/span><\/p>\n<p><span style=\"color: #ffa500;\">Valerie Weber:<\/span> Hallo!<\/p>\n<p><span style=\"color: #ffa500;\">Anne Burgmer:<\/span> <span style=\"color: #c0c0c0;\">Mich w\u00fcrde interessieren, Sie haben das gerade gesprochen: Gegenwind. Damit k\u00f6nnen Sie umgehen, aber sozusagen, wenn man jetzt antritt und wei\u00df, es ist doch auch bei einigen Wellen so viel Kritik an Ihrer bisherigen Art. Die Leute sind so verunsichert. Haben Sie da nicht die Sorge, dass Sie sozusagen schon antreten und es eigentlich gar nicht m\u00f6glich ist, die WDR-Mitarbeiter noch f\u00fcr sich zu gewinnen?<\/span><\/p>\n<p>08:58<br \/>\n<span style=\"color: #ffa500;\">Valerie Weber:<\/span> Ja, das wurde tats\u00e4chlich auch von den  Rundfunkr\u00e4ten nat\u00fcrlich mehrfach gefragt. Ich glaube, ich &#8230; wissen Sie, ich nehme das gar nicht pers\u00f6nlich. Und ich glaube, so muss man das auch sehen, weil niemand &#8230; ich kenne niemand beim Westdeutschen Rundfunk. Und niemand beim Westdeutschen Rundfunk kennt mich. Zumindest nicht die Personen, die so \u00fcber mich schreiben oder im Internet posten oder auch irgendwo unterschreiben. Und das gibt mir auch das Vertrauen darin zu sagen: ich bin hier, um Menschen zu gewinnen. Und ich wei\u00df auch da, was ich kann und ich wei\u00df auch, wie mein F\u00fchrungsstil ist und ich wei\u00df, wie gl\u00fccklich ich mit den Teams \u00fcberall zusammengearbeitet habe und dass, das jetzt erst einmal als Bruch wahrgenommen wird, ist die eine Seite, aber das richtet sich nicht gegen mich. So verstehe ich das zumindest. Ich nehme das nicht pers\u00f6nlich. Ich nehme das als &#8230; als &#8230; als \u00dcberraschung. Wir m\u00fcssen hier auch gar nicht von Emp\u00f6rung sprechen, sondern lassen Sie uns von \u00dcberraschung reden, dass hier tats\u00e4chlich in eine so hohe und verantwortliche Aufgabe und Position jemand sozusagen von der anderen Seite rutscht. Ich glaube, dass wir uns kreativ extrem befruchten werden und dass wir, dass wir damit auch gut gewappnet sind f\u00fcr eine neue Zukunft. Wir lernen voneinander. Ich werde viel lernen von den Abteilungsleitern hier und von den einzelnen Mitarbeitern und vielleicht kann ich mich auch ein bisschen mit meinen Erfahrungen einbringen.<\/p>\n<p>10:20<br \/>\n<span style=\"color: #ffa500;\">Stefan Wirtz:<\/span> <span style=\"color: #c0c0c0;\">Ulli T\u00fcckmantel!<\/span><\/p>\n<p><span style=\"color: #ffa500;\">Ulli T\u00fcckmantel:<\/span> <span style=\"color: #c0c0c0;\">Ulli T\u00fcckmantel, Rheinische Post. Frau Weber, da die Kollegen so h\u00f6flich gefragt haben, frage ich etwas unh\u00f6flicher. Muss der WDR sich jetzt auf Gewinnspiele und das &#8222;Geheime Ger\u00e4usch&#8220; einstellen?<\/span><\/p>\n<p>10:33<br \/>\n<span style=\"color: #ffa500;\">Valerie Weber:<\/span> Ach wissen Sie, ich bin grunds\u00e4tzlich, tats\u00e4chlich, ich bin grunds\u00e4tzlich f\u00fcr Interaktion im Radio. Das ist tats\u00e4chlich etwas, was ich extrem wichtig finde. Und ich komme vielleicht hier mit dem Zitat von Bertolt Brecht und seiner Vision von Radio, dass Radio ein so gro\u00dfartiger Kommunikationsapparat w\u00e4re, wenn es denn nur ginge, dass man nicht nur Senden w\u00fcrde, sondern auch Empfangen und Menschen zum Sprechen bringen k\u00f6nnte. Ich glaube, wir stehen davor und wir k\u00f6nnen die Menschen heutzutage zum Sprechen bringen und wir k\u00f6nnen den Menschen in Nordrhein-Westfalen den WDR auch als Sprachorgan geben und das ist f\u00fcr mich schon einmal Interaktion. Ich mach&#8216; mir keine Sorgen. Schon jetzt haben Sie auch bei WDR3 Spiele, ja? Spiele sind nicht grunds\u00e4tzlich etwas schlechtes. Aber machen Sie sich keine Sorgen, wir werden weder auf WDR5 noch auf 1LIVE oder WDR2 oder sonst irgendwo, werden wir jetzt zu einem Spielesender werden. Aber Spiele muss man nicht per se verdammen, sonst d\u00fcrfte WDR3 auch keine spielen.<\/p>\n<p>(&#8230;) <span style=\"color: #888888;\">(w\u00f6rtliches Transkript)<\/span><\/p>\n<div style=\"height: 100px;\"><\/div>\n<p><span style=\"color: #888888;\">(Screenshots: \u00a9 WDR)<\/span><\/p>\n<div style=\"height: 20px;\"><\/div>\n<p><script type=\"text\/javascript\" src=\"https:\/\/apis.google.com\/js\/plusone.js\">\/\/ <![CDATA[\n{lang: 'de'}\n\/\/ ]]><\/script><br \/>\n<script type=\"text\/javascript\" src=\"http:\/\/twittercounter.com\/embed\/?username=medienmagazin&amp;style=avatar\"><\/script><\/p>\n<p><noscript><a href=\"http:\/\/twittercounter.com\/medienmagazin\">medienmagazin on Twitter Counter<\/a><\/noscript><\/p>\n","protected":false},"excerpt":{"rendered":"<p>&nbsp; No audio playback capabilities, please download the audio belowDownload Audio: Closed Format: MP3 Wer: (v.l.n.r.) * Stefan Wirtz, WDR Unternehmenssprecher * Valerie Weber, WDR-H\u00f6rfunkdirektorin ab 01.05.2014 * Tom Buhrow, WDR-Intendant * Ruth Hieronymi, WDR-Rundfunkratsvorsitzende * J\u00f6rg Sch\u00f6nenborn, WDR-Fernsehdirektor ab 01.05.2014 Was: Pressekonferenz nach der Rundfunkratssitzung zur Wahl der Direktoren Wo: K\u00f6ln, WDR, Studio 2 [&hellip;]<\/p>\n","protected":false},"author":2,"featured_media":0,"comment_status":"open","ping_status":"open","sticky":false,"template":"","format":"standard","meta":{"_monsterinsights_skip_tracking":false,"_monsterinsights_sitenote_active":false,"_monsterinsights_sitenote_note":"","_monsterinsights_sitenote_category":0,"footnotes":""},"categories":[17,53],"tags":[331],"class_list":["post-23757","post","type-post","status-publish","format-standard","hentry","category-aktuell","category-dokument","tag-wdr"],"_links":{"self":[{"href":"https:\/\/www.wwwagner.tv\/index.php?rest_route=\/wp\/v2\/posts\/23757","targetHints":{"allow":["GET"]}}],"collection":[{"href":"https:\/\/www.wwwagner.tv\/index.php?rest_route=\/wp\/v2\/posts"}],"about":[{"href":"https:\/\/www.wwwagner.tv\/index.php?rest_route=\/wp\/v2\/types\/post"}],"author":[{"embeddable":true,"href":"https:\/\/www.wwwagner.tv\/index.php?rest_route=\/wp\/v2\/users\/2"}],"replies":[{"embeddable":true,"href":"https:\/\/www.wwwagner.tv\/index.php?rest_route=%2Fwp%2Fv2%2Fcomments&post=23757"}],"version-history":[{"count":17,"href":"https:\/\/www.wwwagner.tv\/index.php?rest_route=\/wp\/v2\/posts\/23757\/revisions"}],"predecessor-version":[{"id":23781,"href":"https:\/\/www.wwwagner.tv\/index.php?rest_route=\/wp\/v2\/posts\/23757\/revisions\/23781"}],"wp:attachment":[{"href":"https:\/\/www.wwwagner.tv\/index.php?rest_route=%2Fwp%2Fv2%2Fmedia&parent=23757"}],"wp:term":[{"taxonomy":"category","embeddable":true,"href":"https:\/\/www.wwwagner.tv\/index.php?rest_route=%2Fwp%2Fv2%2Fcategories&post=23757"},{"taxonomy":"post_tag","embeddable":true,"href":"https:\/\/www.wwwagner.tv\/index.php?rest_route=%2Fwp%2Fv2%2Ftags&post=23757"}],"curies":[{"name":"wp","href":"https:\/\/api.w.org\/{rel}","templated":true}]}}