{"id":24168,"date":"2014-02-08T17:44:02","date_gmt":"2014-02-08T16:44:02","guid":{"rendered":"http:\/\/www.wwwagner.tv\/?p=24168"},"modified":"2014-02-08T17:44:02","modified_gmt":"2014-02-08T16:44:02","slug":"medium-magazin-journalisten-des-jahres-2","status":"publish","type":"post","link":"https:\/\/www.wwwagner.tv\/?p=24168","title":{"rendered":"medium magazin: Journalisten des Jahres"},"content":{"rendered":"<p><script type=\"text\/javascript\" src=\"http:\/\/twittercounter.com\/embed\/medienmagazin\/ffffff\/111111\"><\/script><\/p>\n<div style=\"height:50px;\"><\/div>\n<figure id=\"attachment_24170\" aria-describedby=\"caption-attachment-24170\" style=\"width: 600px\" class=\"wp-caption alignnone\"><a href=\"http:\/\/www.wwwagner.tv\/wp-content\/uploads\/2014DSC_0754_600.jpg\"><img loading=\"lazy\" decoding=\"async\" src=\"http:\/\/www.wwwagner.tv\/wp-content\/uploads\/2014DSC_0754_600.jpg\" alt=\"Die Journalisten des Jahres 2013\" width=\"600\" height=\"391\" class=\"size-full wp-image-24170\" srcset=\"https:\/\/www.wwwagner.tv\/wp-content\/uploads\/2014DSC_0754_600.jpg 600w, https:\/\/www.wwwagner.tv\/wp-content\/uploads\/2014DSC_0754_600-300x195.jpg 300w\" sizes=\"auto, (max-width: 600px) 100vw, 600px\" \/><\/a><figcaption id=\"caption-attachment-24170\" class=\"wp-caption-text\">Die Journalisten des Jahres 2013<\/figcaption><\/figure>\n<p>Es gibt \u00fcber 300 Journalistenpreise in Deutschland (siehe <a href=\"http:\/\/www.journalistenpreise.de\/\">journalistenpreise.de<\/a>). Durchschnittlich werden also fast t\u00e4glich Journalisten geehrt. <\/p>\n<p>Die Motive sind vielf\u00e4ltig: Eitelkeit der Branche und ihrer Vertreter, Aufmerksamkeitsdefizite auf Seiten der Preisstifter und Preistr\u00e4ger, Feierlaune, Sports- und Wettbewerbsgeist, Kommunikationsbedarf. Man liest auch vom Gef\u00fcgigmachen der Journalisten durch diejenigen, die Preise stiften und \u00fcber den Umweg einer Ehrung wohlwollende Artikel, Beitr\u00e4ge, St\u00fccke in Auftrag geben. Journalisten lassen sich darauf ein, weil Geld- oder Sachpreise die Lebensqualit\u00e4t heben. <\/p>\n<p>Wenn die Fachzeitschrift <em>medium magazin<\/em> allj\u00e4hrlich Journalisten des Jahres sucht, kann man vorab unterstellen, dass ehrlicherweise journalistische Qualit\u00e4tsarbeiter gefunden werden, die als Referenz taugen, als Leitfiguren, als Ansporn. Die <a href=\"http:\/\/www.mediummagazin.de\/aktuelles\/die-journalisten-des-jahres-2013\/\/\">Auslese 2013<\/a> verst\u00e4rkt erneut diesen Eindruck.<\/p>\n<p>An dieser Stelle sollen einige im Videodokument pr\u00e4sentiert werden:<\/p>\n<div style=\"height:10px;\"><\/div>\n<div class=\"BorlabsCookie\"><div class=\"_brlbs-content-blocker\"> <div class=\"_brlbs-embed _brlbs-video-youtube\"> <img class=\"_brlbs-thumbnail\" src=\"https:\/\/www.wwwagner.tv\/wp-content\/plugins\/borlabs-cookie\/images\/cb-no-thumbnail.png\" alt=\"YouTube\"> <div class=\"_brlbs-caption\"> <p>Mit dem Laden des Videos akzeptieren Sie die Datenschutzerkl\u00e4rung von YouTube.<br><a href=\"https:\/\/policies.google.com\/privacy\" target=\"_blank\" rel=\"nofollow noopener noreferrer\">Mehr erfahren<\/a><\/p> <p><a class=\"_brlbs-btn _brlbs-icon-play-white\" href=\"#\" data-borlabs-cookie-unblock role=\"button\">Video laden<\/a><\/p> <p><label><input type=\"checkbox\" name=\"unblockAll\" value=\"1\" checked> <small>YouTube immer entsperren<\/small><\/label><\/p> <\/div> <\/div> <\/div><div class=\"borlabs-hide\" data-borlabs-cookie-type=\"content-blocker\" data-borlabs-cookie-id=\"youtube\"><script type=\"text\/template\">PHA+PGlmcmFtZSBsb2FkaW5nPSJsYXp5IiB3aWR0aD0iNDAwIiBoZWlnaHQ9IjIyNSIgc3JjPSIvL3d3dy55b3V0dWJlLW5vY29va2llLmNvbS9lbWJlZC8zTVBBMEFVS0w0VT9yZWw9MCIgZnJhbWVib3JkZXI9IjAiIGFsbG93ZnVsbHNjcmVlbj48L2lmcmFtZT4=<\/script><\/div><\/div><br \/>\n<span style=\"color: #FFA500;\">Wer:<\/span> Holger Stark, Marcel Rosenbach; Der Spiegel<br \/>\n<span style=\"color: #FFA500;\">Was:<\/span> Journalisten des Jahres<\/p>\n<div style=\"height:20px;\"><\/div>\n<div class=\"BorlabsCookie\"><div class=\"_brlbs-content-blocker\"> <div class=\"_brlbs-embed _brlbs-video-youtube\"> <img class=\"_brlbs-thumbnail\" src=\"https:\/\/www.wwwagner.tv\/wp-content\/plugins\/borlabs-cookie\/images\/cb-no-thumbnail.png\" alt=\"YouTube\"> <div class=\"_brlbs-caption\"> <p>Mit dem Laden des Videos akzeptieren Sie die Datenschutzerkl\u00e4rung von YouTube.<br><a href=\"https:\/\/policies.google.com\/privacy\" target=\"_blank\" rel=\"nofollow noopener noreferrer\">Mehr erfahren<\/a><\/p> <p><a class=\"_brlbs-btn _brlbs-icon-play-white\" href=\"#\" data-borlabs-cookie-unblock role=\"button\">Video laden<\/a><\/p> <p><label><input type=\"checkbox\" name=\"unblockAll\" value=\"1\" checked> <small>YouTube immer entsperren<\/small><\/label><\/p> <\/div> <\/div> <\/div><div class=\"borlabs-hide\" data-borlabs-cookie-type=\"content-blocker\" data-borlabs-cookie-id=\"youtube\"><script type=\"text\/template\">PHA+PGlmcmFtZSBsb2FkaW5nPSJsYXp5IiB3aWR0aD0iNDAwIiBoZWlnaHQ9IjIyNSIgc3JjPSIvL3d3dy55b3V0dWJlLW5vY29va2llLmNvbS9lbWJlZC9xdnpKT1VqTlE1TT9yZWw9MCIgZnJhbWVib3JkZXI9IjAiIGFsbG93ZnVsbHNjcmVlbj48L2lmcmFtZT4=<\/script><\/div><\/div><br \/>\n<span style=\"color: #FFA500;\">Wer:<\/span> Jens Weinreich, Freier Journalist<br \/>\n<span style=\"color: #FFA500;\">Was:<\/span> Sportjournalist des Jahres<\/p>\n<div style=\"height:20px;\"><\/div>\n<div class=\"BorlabsCookie\"><div class=\"_brlbs-content-blocker\"> <div class=\"_brlbs-embed _brlbs-video-youtube\"> <img class=\"_brlbs-thumbnail\" src=\"https:\/\/www.wwwagner.tv\/wp-content\/plugins\/borlabs-cookie\/images\/cb-no-thumbnail.png\" alt=\"YouTube\"> <div class=\"_brlbs-caption\"> <p>Mit dem Laden des Videos akzeptieren Sie die Datenschutzerkl\u00e4rung von YouTube.<br><a href=\"https:\/\/policies.google.com\/privacy\" target=\"_blank\" rel=\"nofollow noopener noreferrer\">Mehr erfahren<\/a><\/p> <p><a class=\"_brlbs-btn _brlbs-icon-play-white\" href=\"#\" data-borlabs-cookie-unblock role=\"button\">Video laden<\/a><\/p> <p><label><input type=\"checkbox\" name=\"unblockAll\" value=\"1\" checked> <small>YouTube immer entsperren<\/small><\/label><\/p> <\/div> <\/div> <\/div><div class=\"borlabs-hide\" data-borlabs-cookie-type=\"content-blocker\" data-borlabs-cookie-id=\"youtube\"><script type=\"text\/template\">PHA+PGlmcmFtZSBsb2FkaW5nPSJsYXp5IiB3aWR0aD0iNDAwIiBoZWlnaHQ9IjIyNSIgc3JjPSIvL3d3dy55b3V0dWJlLW5vY29va2llLmNvbS9lbWJlZC9jaDhnQWtaYk11WT9yZWw9MCIgZnJhbWVib3JkZXI9IjAiIGFsbG93ZnVsbHNjcmVlbj48L2lmcmFtZT4=<\/script><\/div><\/div><br \/>\n<span style=\"color: #FFA500;\">Wer:<\/span><br \/>\n* Joachim Kaiser, Musikkritiker<br \/>\n* Frank Schirrmacher, FAZ-Mitherausgeber (Laudatio)<br \/>\n<span style=\"color: #FFA500;\">Was:<\/span> Kategorie Lebenswerk<\/p>\n<div style=\"height:20px;\"><\/div>\n<div class=\"BorlabsCookie\"><div class=\"_brlbs-content-blocker\"> <div class=\"_brlbs-embed _brlbs-video-youtube\"> <img class=\"_brlbs-thumbnail\" src=\"https:\/\/www.wwwagner.tv\/wp-content\/plugins\/borlabs-cookie\/images\/cb-no-thumbnail.png\" alt=\"YouTube\"> <div class=\"_brlbs-caption\"> <p>Mit dem Laden des Videos akzeptieren Sie die Datenschutzerkl\u00e4rung von YouTube.<br><a href=\"https:\/\/policies.google.com\/privacy\" target=\"_blank\" rel=\"nofollow noopener noreferrer\">Mehr erfahren<\/a><\/p> <p><a class=\"_brlbs-btn _brlbs-icon-play-white\" href=\"#\" data-borlabs-cookie-unblock role=\"button\">Video laden<\/a><\/p> <p><label><input type=\"checkbox\" name=\"unblockAll\" value=\"1\" checked> <small>YouTube immer entsperren<\/small><\/label><\/p> <\/div> <\/div> <\/div><div class=\"borlabs-hide\" data-borlabs-cookie-type=\"content-blocker\" data-borlabs-cookie-id=\"youtube\"><script type=\"text\/template\">PHA+PGlmcmFtZSBsb2FkaW5nPSJsYXp5IiB3aWR0aD0iNDAwIiBoZWlnaHQ9IjIyNSIgc3JjPSIvL3d3dy55b3V0dWJlLW5vY29va2llLmNvbS9lbWJlZC95aS1CU3lzWHBLQT9yZWw9MCIgZnJhbWVib3JkZXI9IjAiIGFsbG93ZnVsbHNjcmVlbj48L2lmcmFtZT4=<\/script><\/div><\/div><br \/>\n<span style=\"color: #FFA500;\">Wer:<\/span><br \/>\n* Sebastian Esser, krautreporter.de<br \/>\n* Andreas Stopp, Deutschlandfunk<br \/>\n<span style=\"color: #FFA500;\">Was:<\/span> Kategorie Sonderpreis<\/p>\n<div style=\"height:20px;\"><\/div>\n<p><a href=\"http:\/\/www.wwwagner.tv\/wp-content\/uploads\/2014DSC_0831_600.jpg\"><img loading=\"lazy\" decoding=\"async\" src=\"http:\/\/www.wwwagner.tv\/wp-content\/uploads\/2014DSC_0831_600.jpg\" alt=\"2014DSC_0831_600\" width=\"600\" height=\"399\" class=\"alignnone size-full wp-image-24173\" srcset=\"https:\/\/www.wwwagner.tv\/wp-content\/uploads\/2014DSC_0831_600.jpg 600w, https:\/\/www.wwwagner.tv\/wp-content\/uploads\/2014DSC_0831_600-300x199.jpg 300w\" sizes=\"auto, (max-width: 600px) 100vw, 600px\" \/><\/a><br \/>\n<a href=\"http:\/\/www.wwwagner.tv\/wp-content\/uploads\/2014DSC_0758_600.jpg\"><img loading=\"lazy\" decoding=\"async\" src=\"http:\/\/www.wwwagner.tv\/wp-content\/uploads\/2014DSC_0758_600.jpg\" alt=\"2014DSC_0758_600\" width=\"600\" height=\"399\" class=\"alignnone size-full wp-image-24172\" srcset=\"https:\/\/www.wwwagner.tv\/wp-content\/uploads\/2014DSC_0758_600.jpg 600w, https:\/\/www.wwwagner.tv\/wp-content\/uploads\/2014DSC_0758_600-300x199.jpg 300w\" sizes=\"auto, (max-width: 600px) 100vw, 600px\" \/><\/a><\/p>\n<div style=\"height:70px;\"><\/div>\n<p><span style=\"color: #888888;\">(Fotos\/Videos: \u00a9 J\u00f6rg Wagner)<\/span><\/p>\n","protected":false},"excerpt":{"rendered":"<p>Es gibt \u00fcber 300 Journalistenpreise in Deutschland (siehe journalistenpreise.de). Durchschnittlich werden also fast t\u00e4glich Journalisten geehrt. Die Motive sind vielf\u00e4ltig: Eitelkeit der Branche und ihrer Vertreter, Aufmerksamkeitsdefizite auf Seiten der Preisstifter und Preistr\u00e4ger, Feierlaune, Sports- und Wettbewerbsgeist, Kommunikationsbedarf. Man liest auch vom Gef\u00fcgigmachen der Journalisten durch diejenigen, die Preise stiften und \u00fcber den Umweg einer [&hellip;]<\/p>\n","protected":false},"author":2,"featured_media":0,"comment_status":"open","ping_status":"open","sticky":false,"template":"","format":"standard","meta":{"_monsterinsights_skip_tracking":false,"_monsterinsights_sitenote_active":false,"_monsterinsights_sitenote_note":"","_monsterinsights_sitenote_category":0,"footnotes":""},"categories":[17],"tags":[346],"class_list":["post-24168","post","type-post","status-publish","format-standard","hentry","category-aktuell","tag-mediummagazin"],"_links":{"self":[{"href":"https:\/\/www.wwwagner.tv\/index.php?rest_route=\/wp\/v2\/posts\/24168","targetHints":{"allow":["GET"]}}],"collection":[{"href":"https:\/\/www.wwwagner.tv\/index.php?rest_route=\/wp\/v2\/posts"}],"about":[{"href":"https:\/\/www.wwwagner.tv\/index.php?rest_route=\/wp\/v2\/types\/post"}],"author":[{"embeddable":true,"href":"https:\/\/www.wwwagner.tv\/index.php?rest_route=\/wp\/v2\/users\/2"}],"replies":[{"embeddable":true,"href":"https:\/\/www.wwwagner.tv\/index.php?rest_route=%2Fwp%2Fv2%2Fcomments&post=24168"}],"version-history":[{"count":4,"href":"https:\/\/www.wwwagner.tv\/index.php?rest_route=\/wp\/v2\/posts\/24168\/revisions"}],"predecessor-version":[{"id":24175,"href":"https:\/\/www.wwwagner.tv\/index.php?rest_route=\/wp\/v2\/posts\/24168\/revisions\/24175"}],"wp:attachment":[{"href":"https:\/\/www.wwwagner.tv\/index.php?rest_route=%2Fwp%2Fv2%2Fmedia&parent=24168"}],"wp:term":[{"taxonomy":"category","embeddable":true,"href":"https:\/\/www.wwwagner.tv\/index.php?rest_route=%2Fwp%2Fv2%2Fcategories&post=24168"},{"taxonomy":"post_tag","embeddable":true,"href":"https:\/\/www.wwwagner.tv\/index.php?rest_route=%2Fwp%2Fv2%2Ftags&post=24168"}],"curies":[{"name":"wp","href":"https:\/\/api.w.org\/{rel}","templated":true}]}}