{"id":24230,"date":"2014-02-05T11:30:32","date_gmt":"2014-02-05T09:30:32","guid":{"rendered":"http:\/\/www.wwwagner.tv\/?p=24230"},"modified":"2020-04-20T23:19:30","modified_gmt":"2020-04-20T21:19:30","slug":"mehr-nachrichten-in-englisch-wie-deutsch-bleibt-die-deutsche-welle","status":"publish","type":"post","link":"https:\/\/www.wwwagner.tv\/?p=24230","title":{"rendered":"Mehr Nachrichten &#8211; in Englisch. Wie deutsch bleibt die Deutsche Welle?"},"content":{"rendered":"<p><figure id=\"attachment_46625\" aria-describedby=\"caption-attachment-46625\" style=\"width: 1100px\" class=\"wp-caption alignnone\"><img loading=\"lazy\" decoding=\"async\" src=\"https:\/\/www.wwwagner.tv\/wp-content\/uploads\/20140205_limbourg_peter_mS_1100.jpg\" alt=\"\" width=\"1100\" height=\"546\" class=\"size-full wp-image-46625\" srcset=\"https:\/\/www.wwwagner.tv\/wp-content\/uploads\/20140205_limbourg_peter_mS_1100.jpg 1100w, https:\/\/www.wwwagner.tv\/wp-content\/uploads\/20140205_limbourg_peter_mS_1100-300x149.jpg 300w, https:\/\/www.wwwagner.tv\/wp-content\/uploads\/20140205_limbourg_peter_mS_1100-768x381.jpg 768w\" sizes=\"auto, (max-width: 1100px) 100vw, 1100px\" \/><figcaption id=\"caption-attachment-46625\" class=\"wp-caption-text\">Peter Limbourg | Foto: \u00a9 J\u00f6rg Wagner<\/figcaption><\/figure><br \/>\n<span style=\"font-size: 11pt; font-family: tahoma,arial,helvetica,sans-serif;\"><\/p>\n<div style=\"height: 20px;\"><\/div>\n <audio   controls > <source src=\"https:\/\/www.wwwagner.tv\/audio\/20140205_limbourg_peter_96.mp3\" type='audio\/mpeg' \/> <object   type=\"application\/x-shockwave-flash\"  data=\"https:\/\/www.wwwagner.tv\/wp-content\/plugins\/wphtml5player\/inc\/flowplayer.swf\"  width=\"400\"  height=\"30\"> <param name=\"movie\" value='https:\/\/www.wwwagner.tv\/wp-content\/plugins\/wphtml5player\/inc\/flowplayer.swf' \/><param name=\"allowfullscreen\" value='false' \/><param name=\"cachebusting\" value='true' \/><param name=\"bgcolor\" value='#000000' \/><param name=\"flashvars\" value='config={\"plugins\":{\"controls\":{\"height\":30,\"autoHide\":false,\"fullscreen\":false}},\"clip\":{\"autoPlay\":false,\"url\":\"https:\\\/\\\/www.wwwagner.tv\\\/audio\\\/20140205_limbourg_peter_96.mp3\"},\"playlist\":[{\"autoPlay\":false,\"url\":\"https:\\\/\\\/www.wwwagner.tv\\\/audio\\\/20140205_limbourg_peter_96.mp3\"}],\"play\":{\"opacity\":0}}' \/>  No audio playback capabilities, please download the audio below<br \/><strong>Download Audio:<\/strong> Closed Format: <a href=\"https:\/\/www.wwwagner.tv\/audio\/20140205_limbourg_peter_96.mp3\">MP3<\/a> <\/object> <!-- Generated by HTML5 Multimedia Framework (http:\/\/code.google.com\/p\/html5videoplayer) --> <\/audio>  \n<div style=\"height: 10px;\"><\/div>\n<p><u>Wer<\/u>: Peter Limbourg, Intendant Deutsche Welle<br \/>\n<u>Was<\/u>: Interview zur Zukunft der Deutschen Welle<br \/>\n<u>Wo<\/u>: Berlin, Voltastra\u00dfe, Sitz von DW-TV<br \/>\n<u>Wann<\/u>: rec.: 05.02.2014\/11:30 Uhr; ver\u00f6ffentlicht am 15.02.2014\/18:45 Uhr im radioeins-Medienmagazin, rbb und stark gek\u00fcrzt am 16.02.2014 im inforado, rbb; am 18.04.2020 im PodCast-Bonus des radioeins-Medienmagazins<\/p>\n<div style=\"height: 10px;\"><\/div>\n<p><u>Vgl<\/u>.:<br \/>\n<figure id=\"attachment_24247\" aria-describedby=\"caption-attachment-24247\" style=\"width: 400px\" class=\"wp-caption alignnone\"><a href=\"http:\/\/www.wwwagner.tv\/wp-content\/uploads\/20140119_berliner_zeitung.jpg\"><img loading=\"lazy\" decoding=\"async\" class=\"size-full wp-image-24247\" alt=\"Onlineausgabe der Berliner Zeitung, 19.01.2014\" src=\"http:\/\/www.wwwagner.tv\/wp-content\/uploads\/20140119_berliner_zeitung.jpg\" width=\"400\" height=\"313\" srcset=\"https:\/\/www.wwwagner.tv\/wp-content\/uploads\/20140119_berliner_zeitung.jpg 400w, https:\/\/www.wwwagner.tv\/wp-content\/uploads\/20140119_berliner_zeitung-300x234.jpg 300w\" sizes=\"auto, (max-width: 400px) 100vw, 400px\" \/><\/a><figcaption id=\"caption-attachment-24247\" class=\"wp-caption-text\">Onlineausgabe der Berliner Zeitung, 19.01.2014<\/figcaption><\/figure><br \/>\n* <a href=\"http:\/\/www.berliner-zeitung.de\/medien\/streichung-deutschsprachiger-sendungen-kahlschlag-bei-der-deutschen-welle,10809188,25929534.html\" target=\"_blank\" rel=\"noopener noreferrer\">Kahlschlag bei der Deutschen Welle<\/a>, Berliner Zeitung, 19.01.2014<br \/>\n* <a href=\"http:\/\/www.dw.de\/deutsche-welle-nimmt-arabischen-polit-satiriker-bassem-youssef-ins-tv-programm\/a-17404234\" target=\"_blank\" rel=\"noopener noreferrer\">Deutsche Welle nimmt arabischen Polit-Satiriker Bassem Youssef ins TV-Programm<\/a>, dw.de<br \/>\n* radioeins-Medienmagazin vom <a href=\"https:\/\/www.wwwagner.tv\/?p=46610\" rel=\"noopener noreferrer\" target=\"_blank\">18.04.2020<\/a><\/p>\n<p><figure id=\"attachment_24242\" aria-describedby=\"caption-attachment-24242\" style=\"width: 600px\" class=\"wp-caption alignnone\"><a href=\"http:\/\/www.wwwagner.tv\/wp-content\/uploads\/2014DSC_0903_600.jpg\"><img loading=\"lazy\" decoding=\"async\" src=\"http:\/\/www.wwwagner.tv\/wp-content\/uploads\/2014DSC_0903_600.jpg\" alt=\"DW-Uplinks auf dem Dach der Deutschen Welle in Berlin\" width=\"600\" height=\"382\" class=\"size-full wp-image-24242\" srcset=\"https:\/\/www.wwwagner.tv\/wp-content\/uploads\/2014DSC_0903_600.jpg 600w, https:\/\/www.wwwagner.tv\/wp-content\/uploads\/2014DSC_0903_600-300x191.jpg 300w\" sizes=\"auto, (max-width: 600px) 100vw, 600px\" \/><\/a><figcaption id=\"caption-attachment-24242\" class=\"wp-caption-text\">DW-Uplinks auf dem Dach der Deutschen Welle in Berlin<\/figcaption><\/figure><figure id=\"attachment_24278\" aria-describedby=\"caption-attachment-24278\" style=\"width: 600px\" class=\"wp-caption alignnone\"><a href=\"http:\/\/www.wwwagner.tv\/wp-content\/uploads\/2014DSC_0912_600.jpg\"><img loading=\"lazy\" decoding=\"async\" src=\"http:\/\/www.wwwagner.tv\/wp-content\/uploads\/2014DSC_0912_600.jpg\" alt=\"Standort Berlin der Deutschen Welle\" width=\"600\" height=\"399\" class=\"size-full wp-image-24278\" srcset=\"https:\/\/www.wwwagner.tv\/wp-content\/uploads\/2014DSC_0912_600.jpg 600w, https:\/\/www.wwwagner.tv\/wp-content\/uploads\/2014DSC_0912_600-300x199.jpg 300w\" sizes=\"auto, (max-width: 600px) 100vw, 600px\" \/><\/a><figcaption id=\"caption-attachment-24278\" class=\"wp-caption-text\">Standort Berlin der Deutschen Welle<\/figcaption><\/figure><\/p>\n<div style=\"height: 30px;\"><\/div>\n<div id='stb-container-3037' class='stb-container-css stb-custom-container stb-no-caption stb-image-none stb-ltr stb-border stb-side'><aside class='stb-icon'><img src='http:\/\/www.wwwagner.tv\/wp-content\/plugins\/wp-special-textboxes\/themes\/stb-dark\/heart.png'><\/aside><div id='stb-box-3037' class='stb-custom_box stb-box' ><\/p>\n<p>(w\u00f6rtliches Transkript, H\u00f6rverst\u00e4ndnisfehler vorbehalten)<\/p>\n<div style=\"height: 20px;\"><\/div>\n<blockquote>\n<p>[0:00]<br \/>\n<u>Peter Limbourg<\/u>: Peter Limbourg, Intendant der Deutschen Welle. <\/p>\n<p>[0:02]<br \/>\n<u>J\u00f6rg Wagner<\/u>: <strong>&#8230; das sind Sie seit rund, knapp mehr als 100 Tagen, also vier Monate im Amt. Wie ist Ihnen dieser \u00dcbergang von der privat-kommerziellen Konkurrenz, n\u00e4mlich N24\/ProSiebenSat1 zu einem doch sehr merkw\u00fcrdig konstruierten Sender gelungen, der ja aus dem Bundeshaushalt finanziert, aber \u00f6ffentlich-rechtlich funktioniert?<\/strong> <\/p>\n<p>[0:23]<br \/>\n<u>Peter Limbourg<\/u>: <img loading=\"lazy\" decoding=\"async\" src=\"https:\/\/www.wwwagner.tv\/wp-content\/uploads\/20140205_limbourg_peter_400b.jpg\" alt=\"\" width=\"400\" height=\"224\" class=\"alignright size-full wp-image-24271\" srcset=\"https:\/\/www.wwwagner.tv\/wp-content\/uploads\/20140205_limbourg_peter_400b.jpg 400w, https:\/\/www.wwwagner.tv\/wp-content\/uploads\/20140205_limbourg_peter_400b-300x168.jpg 300w\" sizes=\"auto, (max-width: 400px) 100vw, 400px\" \/> Also eigentlich, glaube ich, dass es ganz gut geklappt hat und ich habe auch keine Anpassungsschwierigkeiten hier gehabt, was die Mentalit\u00e4ten anbelangt. Sie finden in allen Bereichen interessante und gute Leute, sowohl im Privaten als auch im \u00d6ffentlich-rechtlichen. Die Kollegen haben mich hier sehr wohlwollend empfangen und ich glaube, dass man voneinander gut lernen kann. Also ich bringe einiges mit. Die Kollegen hier haben Erfahrungen im \u00f6ffentlich-rechtlichen System, ich im privaten und ich glaube, das erg\u00e4nzt sich ganz gut.<\/p>\n<p>[0:52]<br \/>\n<u>J\u00f6rg Wagner<\/u>: <strong>Zumal, ich glaube, ProSiebenSat1 \u00e4hnlich wenig Geld hatte, wie die Deutsche Welle oder sehen Sie das anders jetzt, wo Sie die Zahlen kennen?<\/strong><\/p>\n<p>[0:59]<br \/>\n<u>Peter Limbourg<\/u>: Na, die haben schon viel Geld gehabt und haben es immer noch. Und sie haben es halt f\u00fcr andere Zwecke eingesetzt. Ist ja auch legitim. Aber wir haben gelernt damals bei N24, doch mit wenig Geld gutes Programm zu machen. <\/p>\n<p>[1:12]<br \/>\n<u>J\u00f6rg Wagner<\/u>: <strong>Nun hat Ihr Vorg\u00e4nger im Amt, Erik Bettermann, gesagt, dass er Sie sch\u00e4tzt, weil Sie etwas mitbringen, was er nicht mitbrachte. Er war ja Politiker und er glaubte, dass Sie das in die Waagschale werfen k\u00f6nnen, n\u00e4mlich Sie sind Journalist und k\u00f6nnen die Deutsche Welle aus einer anderen Perspektive interessanter machen, journalistischer machen. Ist das das, was Sie bei Ihrer Bewerbung mit in die Waagschale tats\u00e4chlich geworfen haben?<\/strong><\/p>\n<p>[1:36]<br \/>\n<u>Peter Limbourg<\/u>: Ja, ich habe da jetzt aber nicht mit angegeben, weil ich bin\u2019s einfach und ich glaube, ich wurde einfach auch gesucht. Die Damen und Herren da aus der Findungskommission haben eben einen Journalisten gesucht und keinen Politiker. Und da sind sie auf mich gesto\u00dfen und ich glaube, es war eine ganz gute Wahl. <\/p>\n<p>[1:50]<br \/>\n<u>J\u00f6rg Wagner<\/u>: <strong>Nun haben Sie gleich mit Ihrer ersten, ich sag mal, Orientierung der Deutschen Welle gerade bei den Journalisten f\u00fcr Irritation gesorgt. Also die Berliner Zeitung titelte \u201cKahlschlag bei der Deutschen Welle\u201d. Ist das eine \u00dcberschrift, die Sie f\u00fcr sich in der Tendenz ja schon sehen w\u00fcrden? W\u00fcrden Sie sagen, ich muss hier etwas ausd\u00fcnnen, weil das Geld nicht da ist oder wurden Sie da absolut missverstanden?<\/strong><\/p>\n<p>[2:15]<br \/>\n<u>Peter Limbourg<\/u>: Also, ich glaube, erstens darf man nicht alles glauben, was die Berliner Zeitung schreibt und zweitens ist \u201eKahlschlag\u201c nat\u00fcrlich v\u00f6lliger Unsinn. Sondern wir versuchen die Deutsche Welle zielgerichteter, strategischer und effizienter aufzustellen und eben uns nicht zu verzetteln mit vielen, allen m\u00f6glichen Angeboten, sondern uns das Angebot auszusuchen, wo wir glauben, damit haben wir den gr\u00f6\u00dften Erfolg. Das hei\u00dft, das ist eine Umschichtung von Randangeboten hin zu einer Konzentration auf ein Hauptangebot. Und das hei\u00dft, das ist kein Kahlschlag, sondern das ist ein Umbau, aber kein Kahlschlag.<\/p>\n<p>[2:47]<br \/>\n<u>J\u00f6rg Wagner<\/u>: <strong>Wie w\u00fcrden Sie den charakterisieren? Was bauen Sie um? Also, man konnte schon lesen, dass Sie mehr Nachrichten pr\u00e4sentieren werden, dass Englisch die Leitsprache sein wird. Aber das ist ja noch kein Konzept.<\/strong><\/p>\n<p>[3:00]<br \/>\n<u>Peter Limbourg<\/u>: Na, die Deutsche Welle hat sich, glaube ich, in der Vergangenheit immer ein bisschen schwer getan, damit zu &#8230; was sie eigentlich jetzt wirklich ist. Ist sie ein Sender f\u00fcr Deutsche im Ausland? Oder ist sie ein Sender, der von Ausl\u00e4ndern empfangen wird, um \u00fcber Deutschland etwas zu erfahren? <\/p>\n<p>[3:15]<br \/>\n<u>J\u00f6rg Wagner<\/u>: <strong>&#8230; und dann kommt noch, wenn ich Sie ganz kurz unterbrechen kann, nat\u00fcrlich die deutsche Au\u00dfenpolitik mit hinein, die sagt, Deutsche Welle, Ihr m\u00fcsst ein Schaufenster sein f\u00fcr Deutschland, mehr werbenden Charakter haben. Also, das war auch immer noch so &#8230; spielte mit. Weil es ja aus dem Bundeshaushalt finanziert wurde, konnte man sich dem nicht ganz so entziehen.<\/strong><\/p>\n<p>[3:29]<br \/>\n<u>Peter Limbourg<\/u>: <img loading=\"lazy\" decoding=\"async\" src=\"https:\/\/www.wwwagner.tv\/wp-content\/uploads\/20140205_limbourg_peter_400c.jpg\" alt=\"\" width=\"400\" height=\"224\" class=\"alignright size-full wp-image-24273\" srcset=\"https:\/\/www.wwwagner.tv\/wp-content\/uploads\/20140205_limbourg_peter_400c.jpg 400w, https:\/\/www.wwwagner.tv\/wp-content\/uploads\/20140205_limbourg_peter_400c-300x168.jpg 300w\" sizes=\"auto, (max-width: 400px) 100vw, 400px\" \/> Ja, aber ich denke, das geht ja jetzt erst einmal um das Programmliche. Und das Programmliche ist ja auch so, dass es nicht ganz klar immer war, ist die Deutsche Welle eigentlich eher unterhaltend informativ oder doch einfach &#8230; hat sie einen klaren Informationsauftrag. Es gibt ja viele unterhaltende Magazine im Programm. Und ich habe einfach gesagt, ich m\u00f6chte dieses Programm &#8211; nat\u00fcrlich nicht nur ich allein, sondern auch mit dem Rundfunkrat und dem Verwaltungsrat &#8211; ich m\u00f6chte dem Programm wieder einen starken Informationscharakter geben. Ich glaube, dass wir die Stimme Deutschlands sind &#8211; nicht die Stimme der Bundesregierung. Wir sind keine Werbeagentur der Bundesregierung. Aber wir sind nat\u00fcrlich jemand, der die deutschen Werte und die deutschen Sichtweisen transportiert. Sowohl der Regierung, als auch der Opposition. Insofern glaube ich, dass diese Frage, wie h\u00e4ngt man mit der Au\u00dfenpolitik zusammen &#8230; ist eine alte Frage, die jetzt auch sich nicht neu stellt.<\/p>\n<p>[4:17]<br \/>\n<u>J\u00f6rg Wagner<\/u>: <strong>Ich kann mir vorstellen, dass Bundestagsabgeordnete sagen, also lieber Peter Limbourg, Englisch ist nicht das, was wir uns vorstellen. Es hei\u00dft ja nicht Englische Welle, sondern Deutsche Welle. Wie deutsch bleibt die Deutsche Welle aus Ihrer Perspektive?<\/strong><\/p>\n<p>[4:30]<br \/>\n<u>Peter Limbourg<\/u>: Also ehrlich gesagt, habe ich noch ganz wenig Bundestagsabgeordnete gefunden, die so mit mir sprechen, weil die meisten sofort einsehen, wenn du Leute im Ausland erreichen willst, dann kannst du das schwer mit Deutsch tun. Und diejenigen, die nur Deutsch sprechen und im Ausland leben, haben durch das Internet alle M\u00f6glichkeiten, deutsche Angebote aus der Heimat zu empfangen. D. h., es kann nicht unsere Priorit\u00e4t sein, Deutsche im Ausland zu versorgen. Sondern das k\u00f6nnen andere auch und es wird auch genutzt. Sondern, ich glaube, die meisten Abgeordneten, mit denen ich gesprochen habe, haben verstanden, dass man, wenn man international erfolgreich sein will, muss man sich auf die am weitesten auf der Welt verbreitete Sprache konzentrieren. Und das ist nun mal Englisch. Und mit dieser Sprache erreicht man eben auch die Entscheider und auch sehr viele Teilnehmer am politischen Meinungsbildungsprozess.<\/p>\n<p>[5:14]<br \/>\n<u>J\u00f6rg Wagner<\/u>: <strong>Aber Sie konkurrieren nat\u00fcrlich dann mit US-amerikanischen Fernsehsendern, mit dem franz\u00f6sischen Auslandssender, mit der BBC sowieso, Al Jazeera. Es gibt dann aber auch noch andere Bem\u00fchungen, Weltpolitik &#8211; und ja &#8211; Kulturen darzustellen in englischer Sprache. Sie h\u00e4tten aber ein Alleinstellungsmerkmal, wenn Sie nur Deutsch senden w\u00fcrden, zum Beispiel im Fernsehen.<\/strong><\/p>\n<p>[5:35]<br \/>\n<u>Peter Limbourg<\/u>: Ja, aber ist doch toll, wenn man ein Alleinstellungsmerkmal hat, es guckt ihn aber keiner zu bei ihrem Alleinstellungsmerkmal. Das ist ja eigentlich nicht hilfreich, sondern wir m\u00fcssen doch als Deutsche, die wir uns ja nicht irgendwo in die Ecke verkriechen wollen und sagen, wir sind jetzt hier in einer Nische und lasst uns bitte Ruhe &#8230; im Gegenteil. Wir wollen ja aktiv die Welt mitgestalten und unser Gesellschaftsmodell auch transportieren und das m\u00fcssen wir halt im Wettbewerb mit den anderen tun. Und wir k\u00f6nnen uns vor diesem Wettbewerb nicht dr\u00fccken. Und Sie haben noch die Russen und Chinesen, glaube ich, noch nicht aufgez\u00e4hlt, die nat\u00fcrlich sehr aggressiv und mit sehr viel Geld auf den Weltm\u00e4rkten diesen Kampf um die Informationshoheit austragen. Und da kann man nat\u00fcrlich sagen, o.k. dann verabschieden wir uns aus der gesamten Frage. Aber ein Land wie Deutschland, das so exportorientiert ist, das eine so werteorientierte Au\u00dfenpolitik hat, das ja auch einen speziellen Ansatz eigentlich verfolgt, n\u00e4mlich Friedenspolitik und nicht militaristisches Auftreten, ich glaube, das kann eigentlich es sich nicht leisten, sich aus diesem Wettbewerb zur\u00fcck zu ziehen.<\/p>\n<p>[6:36]<br \/>\n<u>J\u00f6rg Wagner<\/u>: <strong>Wenn Sie sagen \u201cInformationshoheit\u201d, was meinen Sie damit genau? Meinen Sie, dass man das deutsche Demokratieverst\u00e4ndnis auch in solche L\u00e4nder tr\u00e4gt wie China, um dort auch der Opposition eine Stimme zu geben, das, was fr\u00fcher der RIAS z. B. auch sich oder der Deutschlandfunk auf die Fahne geschrieben hat, als es um die deutsch-deutsche Konfrontation ging oder geht&#8217;s darum, Weltpolitik aus deutscher Sicht darzustellen?<\/strong><\/p>\n<p>[7:01]<br \/>\n<u>Peter Limbourg<\/u>: Ich glaube, es muss immer beides sein. Also wir sind immer Stimme der Freiheit. Wir wollen denen eine M\u00f6glichkeit geben, sich auszudr\u00fccken, die es sonst schwerer haben. Die Diskussion haben wir gerade aktuell auch nat\u00fcrlich in China, aber z. B. auch in \u00c4gypten, wo wir jetzt einen sehr bekannten Satiriker unterst\u00fctzen, indem wir ihm eben auch eine Plattform auf der Deutschen Welle geben, neben seinem Sender, der ihn jetzt ins Programm nimmt: Bassem Youssef &#8211; ein riesen Star in der arabischen Welt, der aber unter Zensur und Drangsalierung leidet. Dem werden wir jetzt auch in Zukunft eine zus\u00e4tzliche Plattform geben. Und auf der anderen Seite geht es aber auch darum, die Sichtweisen Deutschlands auch zu transportieren, die mal anders sein k\u00f6nnen, politisch auch. Ob\u2019s den Euro angeht oder da gibt&#8217;s nat\u00fcrlich immer wieder Fragen, die vielleicht in England oder den USA anders gesehen werden. Ich glaube, es ist immer beides auf der einen Seite die deutsche Stimme, aber eben auch die Stimme der Freiheit <\/p>\n<p>[7:56]<br \/>\n<u>J\u00f6rg Wagner<\/u>: <strong>Damit ziehen Sie sich nat\u00fcrlich Konfrontation ans Land, also gerade eben dann auch wieder Konfrontation, die vielleicht das Au\u00dfenministerium nicht will. Also wie versuchen Sie den Spagat zu schaffen. Also ich kann mir vorstellen, dass gerade eben diese in der arabischen Welt oft missverstandene Art und Weise Satire und damit Kritik zu \u00fcben, vielleicht das Sicherheitsbed\u00fcrfnis der Deutschen Welle erh\u00f6hen wird. Oder auch Interessen Deutschlands ber\u00fchrt, die sagen: Nein, wir wollen eher deeskalierend wirken und nicht da noch \u00d6l hinein gie\u00dfen.<\/strong><\/p>\n<p>[8:26]<br \/>\n<u>Peter Limbourg<\/u>: Aber da sind sie in so einem Grundkonflikt. Und man darf Konfrontation dann auch nicht scheuen. Da muss man eben auch diesen Meinungsunterschied austragen und dann auch \u00fcberzeugen. Denn ich glaube, es ist nicht unsere Aufgabe \u00fcberall sozusagen f\u00fcr Deeskalation und f\u00fcr m\u00f6glichst irgendwie nicht Anecken und Wegducken zu sorgen, sondern es ist unsere Aufgabe, m\u00f6glichst eben Leuten auch eine Plattform zu geben, die sie sonst nicht haben und eben f\u00fcr Freiheit, f\u00fcr Meinungs\u00e4u\u00dferung und f\u00fcr Pressefreiheit einzutreten. Und da haben wir dann eben auch mal unterschiedliche Sichtweisen mit dem Ausw\u00e4rtigen Amt. Das muss man dann auch mal aushalten. Und das tun wir gerade und ich glaube, das kann man aber eben auch \u2026 im gegenseitigen \u00dcberzeugen kann man das, glaube ich, ganz gut darstellen.<\/p>\n<p>[9:13]<br \/>\n<u>J\u00f6rg Wagner<\/u>: <strong>Sie fahren aber auch die Nachrichten-Taktung hoch. Das hei\u00dft also, klassisches N24 zu Beginn jeder Stunde und dann werden Sie wieder magaziniger oder journalistisch vertiefender. Hat das die Ursache, weil Nachrichten dann doch in der Mehrfachverwertung pro Tag preiswerter werden oder ist das tats\u00e4chlich Ihr Anspruch mit BBC World z. B. zu konkurrieren?<\/strong> <\/p>\n<p>[9:34]<br \/>\n<u>Peter Limbourg<\/u>: Ja, ich m\u00f6chte inhaltlich schon mit den gro\u00dfen Anbietern, sei es BBC, Russia Today, Al Jazeera konkurrieren oder zumindestens in einem Wettbewerb stehen. Und \u2026 weil wir sonst in der Wahrnehmung der Welt einfach nach hinten kippen und das hat aber jetzt weniger Gr\u00fcnde der Effizienz oder sonst was, sondern ich glaube, dass die Deutsche Welle im Kern ein Informationssender sein muss und es auch von ihrer ganzen Genisis her war. Und ich glaube, dass wir damit am meisten erreichen und das ist eben eine Verbindung aus Aktualit\u00e4t und Hintergrund. Aber Sie k\u00f6nnen nicht auf die Aktualit\u00e4t verzichten, weil sonst guckt sie keiner, weil es ist ja nicht so, dass einer sagt: Au super,  ich will wissen was los ist auf der Welt, gucke CNN, aber dann, wenn ich es verstehen will, gucke ich Deutsche Welle. Das ist ja lebensfremd. Das passiert ja nicht. Insofern brauchen Sie ein Angebot, ein zentrales, was die Leute nutzen und sie m\u00fcssen aber nat\u00fcrlich auch keine metoo-Kopie jetzt an den Start bringen. Sondern sie m\u00fcssen nat\u00fcrlich sagen: wir haben jetzt die Chance wieder einen Nachrichten- und Informationssender zu bauen, der wirklich crossmedial ist, also der sich aus dem Internet eben auch mitspeist und der jetzt nicht nur einfach versucht, linear was runter zu senden, sondern der immer jetzt diesen Ansatz der Nutzung aus dem Internet, der Interaktivit\u00e4t, der Partizipation eben immer mit auf den Fahnen hat, so dass wir dann auch wirklich der modernste Informations- und Nachrichtensender werden und nicht einfach versuchen, das, was die anderen bisher machen auch zu kopieren. <\/p>\n<p><img loading=\"lazy\" decoding=\"async\" src=\"https:\/\/www.wwwagner.tv\/wp-content\/uploads\/20140205_limbourg_peter_400a.jpg\" alt=\"\" width=\"400\" height=\"223\" class=\"alignright size-full wp-image-24267\" srcset=\"https:\/\/www.wwwagner.tv\/wp-content\/uploads\/20140205_limbourg_peter_400a.jpg 400w, https:\/\/www.wwwagner.tv\/wp-content\/uploads\/20140205_limbourg_peter_400a-300x167.jpg 300w\" sizes=\"auto, (max-width: 400px) 100vw, 400px\" \/><\/p>\n<p>[10:53]<br \/>\n<u>J\u00f6rg Wagner<\/u>: <strong>Die Deutsche Welle ist ja ein Kind der ARD, also wurde von ihr gegr\u00fcndet damals von dem Nordwestdeutschen Rundfunk vor 61 Jahren, hat dann immer so einen Sonderstatus gehabt logischerweise, wegen der Finanzierung und auch einen Sonderstatus in der Art und Weise, wie ARD und Deutsche Welle zusammengearbeitet haben, inwieweit man auch Programmelemente ausgetauscht hat oder es gemeinsam produziert hat. Es gab immer das Problem der Weltrechte, Lizenzierungsgeschichten und auch die Frage, inwieweit geb\u00fchrenfinanziertes Fernsehen m\u00f6glicherweise diese Kombination belastet. Wie sehen Sie die Zusammenarbeit k\u00fcnftig mit den Landesrundfunkanstalten?<\/strong><\/p>\n<p>[11:28]<br \/>\n<u>Peter Limbourg<\/u>: Also es gab ja im vergangen Jahr einen Beschluss der Ministerpr\u00e4sidenten und der Bundeskanzlerin auf eine verst\u00e4rkte Zusammenarbeit hinzu dr\u00e4ngen und dieser Beschluss wird jetzt umgesetzt. Und ich muss sagen, das l\u00e4uft sehr gut. Also ich habe jetzt auch seit meinem Amtsantritt einfach nur offene T\u00fcren gesehen bei der ARD. Das ist ein sehr kooperativer Geist. Die interessieren sich auch daf\u00fcr, was man machen kann, gemeinsam machen kann. Also ich glaube, da wird es sehr viel st\u00e4rker Kooperationen geben. Wir streben an, dass wir eben auch mit den kleineren Sendern der ARD und des ZDF, z. B. Phoenix st\u00e4rker kooperieren, weil wir da eine \u00e4hnliche Zielgruppe haben, n\u00e4mlich politisch Interessierte, Informationssuchende, Entscheider auch und die einen sitzen im Inland, aber man kann zusammen produzieren. Also insgesamt muss ich sagen, das wird sich, glaube ich, deutlich verbessern. Wir sind auf einem wirklich guten Weg. Und ich kann nur sagen als Privatfunker bin ich wirklich in der ARD ganz toll aufgenommen worden. <\/p>\n<p>[12:28]<br \/>\n<u>J\u00f6rg Wagner<\/u>: <strong>Was immer so ein bisschen vernachl\u00e4ssigt wird in der Au\u00dfenwirkung, dass die Deutsche Welle ja, ich glaube, in 30 Sprachen insgesamt sendet auch im H\u00f6rfunk. Welche Rolle spielt f\u00fcr Sie der H\u00f6rfunk? Ist das nur ein nurakustisches Medium, was ich jetzt ins Internet hinein verlagert mit Abschaltung der Kurzwellen oder sehen Sie da doch schon etwas wie ein Gesamtangebot Fernsehen, Online, H\u00f6rfunk als trimediales Ger\u00fcst?<\/strong> <\/p>\n<p>[12:52]<br \/>\n<u>Peter Limbourg<\/u>: Also wir haben nachwievor H\u00f6rfunk auch mit an Bord, aber die Deutsche Welle hat sich Mitte des letzten Jahrzehnts von der weiten Ausstrahlung des H\u00f6rfunks verabschiedet. Also die Kurzwelle ist drastisch runtergefahren worden, weil nat\u00fcrlich in der Welt sehr viel weniger Kurzwelle genutzt wird oder fast gar nicht mehr. Wir haben noch Angebote im H\u00f6rfunk in Afrika Subsahara, in Kisuaheli und in Hausa sehr, sehr erfolgreich, wirklich. Und werden die auch weiter behalten, aber es liegt nicht im Schwerpunkt im Moment der Deutschen Welle, was man Bedauern kann, weil der H\u00f6rfunk ist nat\u00fcrlich auch ein tolles Medium, aber auch dort ist es eben so, wenn man in die Welt schaut, sie m\u00fcssen f\u00fcr alle Frequenzen sehr viel Geld in die Hand nehmen. Es ist nicht mehr so, dass man einfach sagt, macht doch bisschen Radio und dann ist es schon gut, sondern so eine UKW-Frequenz in Lagos kostet sie auch ein paar hunderttausend Euro. Und deswegen ist es sehr schwer zu versuchen, alles gleichzeitig zu machen. Und deswegen m\u00fcssen wir uns konzentrieren und da ist der H\u00f6rfunk jetzt nicht im Zentrum der Deutschen Welle. <\/p>\n<p>[13:56]<br \/>\n<u>J\u00f6rg Wagner<\/u>: <strong>Das hei\u00dft, der H\u00f6rfunk wird irgendwann mal aufgel\u00f6st oder sich aufl\u00f6senderweise nur noch Onlinemedium nennen oder wie stellen Sie sich das vor?<\/strong><\/p>\n<p>[14:05]<br \/>\n<u>Peter Limbourg<\/u>: Nein, ich glaube, wir m\u00fcssen jetzt uns auch noch mal \u00fcberlegen, wie wir intelligent und g\u00fcnstige Verbreitungswege finden. Das ist nat\u00fcrlich Internetradio. Aber ich kann jetzt nicht versprechen, dass wir jetzt komplett auf Radio wieder umschalten. Das w\u00e4re, glaube ich, der falsche Weg. Sie k\u00f6nnen ja auch so eine Strategie eines Hauses nicht die ganze Zeit rauf und runter \u00e4ndern. Aber ich glaube, was wir uns \u00fcberlegen m\u00fcssen, wie wir gezielt in bestimmte M\u00e4rkte auch H\u00f6rfunkangebote mit reinbringen k\u00f6nnen. Aber jetzt m\u00fcssen wir erstmal, glaube ich, unseren Umbau hin zu einer Einheit .. weil wir legen ja auch viele viele Bereiche zusammen und versuchen in Zukunft effizienter und koordinierter zu arbeiten. Das ist jetzt mal eine ordentlicher Anstrengung f\u00fcr dieses Jahr. Und dann k\u00f6nnen wir gucken, wie wir mit dem H\u00f6rfunk umgehen und \u2026 aber es ist ein wichtiges Medium. Und was wir da tun k\u00f6nnen, machen wir.<\/p>\n<p>[14:55]<br \/>\n<u>J\u00f6rg Wagner<\/u>: <strong>Noch ganz kurz was zu diesem Umbau, weil er so, zumindest medial f\u00fcr Erregung sorgte. Sie m\u00fcssen nat\u00fcrlich, wenn Sie die Nachrichtenstrecke ausbauen wollen, nicht nur von der Sendezeit her anderen was wegnehmen, also \u2018wegnehmen\u2019 im Sinne, dass nat\u00fcrlich dann Programmfl\u00e4che freiger\u00e4umt werden muss, sondern auch finanziell. Da gab es Erregung, dass Sie deutsche Magazine sterben lassen wolle. Das hat sich inzwischen relativiert, weil teilweise davon auch falsch berichtet wurde. Aber wie wird so die Gewichtung sein tats\u00e4chlich in Ihrem Programm? Wie viel wird journalistisch vertiefend sein und wie viel wird tats\u00e4chlich nachrichtlich aktuell sein? <\/strong><\/p>\n<p>[15:29]<br \/>\n<u>Peter Limbourg<\/u>: Also ich glaube, das ist unterschiedlich von linearem Sender zu linearem Sender, denn das ist so, dass wir im Deutschen, wenn wir die Nachrichtenfl\u00e4chen auch erh\u00f6hen und wenn wir wieder eine berechenbare Nachrichtengebung anstreben \u2026 bisher war es ja so, dass man nicht genau wusste, wann, wie lange Nachrichten bei der Deutschen Welle laufen im Deutschen Programm, was ich als sehr schlecht empfunden habe. Ich m\u00f6chte, dass man da immer wei\u00df: Zur vollen Stunde bekommst du deine 10-15 Minuten Nachrichten, vielleicht auch mal l\u00e4nger, aber das ist sozusagen ein Basisangebot und dann wird es sehr viele \u00dcbernahmen auch von ARD und ZDF geben, informationsorientierte \u00dcbernahmen. Und im englischsprachigen Kanal w\u00fcrden die Nachrichtenfl\u00e4chen deutlich ausgeweitet und die Informationsfl\u00e4chen und dort wird es aber f\u00fcr alle Bereiche, die die Deutsche Welle ausmachen: Kultur, Musik, Wirtschaft Politik, Sport wird es dort Fl\u00e4chen geben, feste Fl\u00e4chen geben, so dass wir, glaube ich aber, in ein wirklich gro\u00dffl\u00e4chiges Programm dort konkurrenzf\u00e4higer werden, als in einer sehr kleinteiligen Magazinen-Welt. Und Magazine sterben lassen, ist, glaube ich &#8211; in der Tat Sie haben gesagt, da ist viel falsch berichtet worden &#8211; aber wie bei jedem Umbauprozess und bei jedem Strategiewechsel, werden Sie immer Leute haben, die das jetzt nicht so toll finden. Aber ich habe das Gef\u00fchl, dass die Mehrheit der Mitarbeiter der Deutschen Welle diese Strategie richtig finden und es auch gut finden, dass was passiert.<\/p>\n<p><\/div><\/div>\n<div style=\"height:10px;\"><\/div>\n<hr \/>\n<div style=\"height: 5px;\"><\/div>\n<p><html><br \/>\n     <head><\/p>\n<style type=\"text\/css\">\n       body {\n                     background: #DADADA;\n       }\n      <\/style>\n<p>     <\/head><br \/>\n     <body><br \/>\n<\/body><br \/>\n    <\/html><br \/>\n<script src=\"https:\/\/apis.google.com\/js\/plusone.js\" type=\"text\/javascript\">\/\/ < ![CDATA[ {lang: 'de'} \/\/ ]]><\/script><br \/>\n<script src=\"http:\/\/twittercounter.com\/embed\/?username=medienmagazin&amp;style=avatar\" type=\"text\/javascript\"><\/script><\/p>\n<p><noscript><a href=\"http:\/\/twittercounter.com\/medienmagazin\">medienmagazin on Twitter Counter<\/a><\/noscript><\/p><\/blockquote>\n<p><\/span><\/p>\n","protected":false},"excerpt":{"rendered":"<p>No audio playback capabilities, please download the audio belowDownload Audio: Closed Format: MP3 Wer: Peter Limbourg, Intendant Deutsche Welle Was: Interview zur Zukunft der Deutschen Welle Wo: Berlin, Voltastra\u00dfe, Sitz von DW-TV Wann: rec.: 05.02.2014\/11:30 Uhr; ver\u00f6ffentlicht am 15.02.2014\/18:45 Uhr im radioeins-Medienmagazin, rbb und stark gek\u00fcrzt am 16.02.2014 im inforado, rbb; am 18.04.2020 im PodCast-Bonus [&hellip;]<\/p>\n","protected":false},"author":2,"featured_media":0,"comment_status":"open","ping_status":"open","sticky":false,"template":"","format":"standard","meta":{"_monsterinsights_skip_tracking":false,"_monsterinsights_sitenote_active":false,"_monsterinsights_sitenote_note":"","_monsterinsights_sitenote_category":0,"footnotes":""},"categories":[17],"tags":[97],"class_list":["post-24230","post","type-post","status-publish","format-standard","hentry","category-aktuell","tag-deutsche-welle"],"_links":{"self":[{"href":"https:\/\/www.wwwagner.tv\/index.php?rest_route=\/wp\/v2\/posts\/24230","targetHints":{"allow":["GET"]}}],"collection":[{"href":"https:\/\/www.wwwagner.tv\/index.php?rest_route=\/wp\/v2\/posts"}],"about":[{"href":"https:\/\/www.wwwagner.tv\/index.php?rest_route=\/wp\/v2\/types\/post"}],"author":[{"embeddable":true,"href":"https:\/\/www.wwwagner.tv\/index.php?rest_route=\/wp\/v2\/users\/2"}],"replies":[{"embeddable":true,"href":"https:\/\/www.wwwagner.tv\/index.php?rest_route=%2Fwp%2Fv2%2Fcomments&post=24230"}],"version-history":[{"count":68,"href":"https:\/\/www.wwwagner.tv\/index.php?rest_route=\/wp\/v2\/posts\/24230\/revisions"}],"predecessor-version":[{"id":46654,"href":"https:\/\/www.wwwagner.tv\/index.php?rest_route=\/wp\/v2\/posts\/24230\/revisions\/46654"}],"wp:attachment":[{"href":"https:\/\/www.wwwagner.tv\/index.php?rest_route=%2Fwp%2Fv2%2Fmedia&parent=24230"}],"wp:term":[{"taxonomy":"category","embeddable":true,"href":"https:\/\/www.wwwagner.tv\/index.php?rest_route=%2Fwp%2Fv2%2Fcategories&post=24230"},{"taxonomy":"post_tag","embeddable":true,"href":"https:\/\/www.wwwagner.tv\/index.php?rest_route=%2Fwp%2Fv2%2Ftags&post=24230"}],"curies":[{"name":"wp","href":"https:\/\/api.w.org\/{rel}","templated":true}]}}