{"id":25039,"date":"2014-05-31T18:06:08","date_gmt":"2014-05-31T17:06:08","guid":{"rendered":"http:\/\/www.wwwagner.tv\/?p=25039"},"modified":"2014-06-07T07:23:16","modified_gmt":"2014-06-07T06:23:16","slug":"wehret-den-anfaengen-oder-jeder-kehre-vor-seiner-eigenen-tuer","status":"publish","type":"post","link":"https:\/\/www.wwwagner.tv\/?p=25039","title":{"rendered":"Wehret den Anf\u00e4ngen oder &#8230; jeder kehre vor seiner eigenen T\u00fcr"},"content":{"rendered":"<div style=\"height: 70px;\"><\/div>\n<p><span style=\"color: #ffa500;\"><span style=\"font-size: medium;\"><em><\/em><\/span><br \/>\n<figure id=\"attachment_25043\" aria-describedby=\"caption-attachment-25043\" style=\"width: 600px\" class=\"wp-caption alignnone\"><a href=\"http:\/\/www.wwwagner.tv\/wp-content\/uploads\/20140531-2014-05-31-19.33.26_edelmann_juergen_m-2_600.jpg\"><img loading=\"lazy\" decoding=\"async\" src=\"http:\/\/www.wwwagner.tv\/wp-content\/uploads\/20140531-2014-05-31-19.33.26_edelmann_juergen_m-2_600.jpg\" alt=\"J\u00fcrgen M. Edelmann\" width=\"600\" height=\"393\" class=\"size-full wp-image-25043\" srcset=\"https:\/\/www.wwwagner.tv\/wp-content\/uploads\/20140531-2014-05-31-19.33.26_edelmann_juergen_m-2_600.jpg 600w, https:\/\/www.wwwagner.tv\/wp-content\/uploads\/20140531-2014-05-31-19.33.26_edelmann_juergen_m-2_600-300x196.jpg 300w\" sizes=\"auto, (max-width: 600px) 100vw, 600px\" \/><\/a><figcaption id=\"caption-attachment-25043\" class=\"wp-caption-text\">J\u00fcrgen M. Edelmann<\/figcaption><\/figure><\/p>\n<div style=\"height: 50px;\"><\/div>\n<div style=\"height: 10px;\"><\/div>\n<p> <audio   controls > <source src=\"http:\/\/download.radioeins.de\/mp3\/medienmagazin\/mm20140531_3.mp3\" type='audio\/mpeg' \/> <object   type=\"application\/x-shockwave-flash\"  data=\"https:\/\/www.wwwagner.tv\/wp-content\/plugins\/wphtml5player\/inc\/flowplayer.swf\"  width=\"400\"  height=\"30\"> <param name=\"movie\" value='https:\/\/www.wwwagner.tv\/wp-content\/plugins\/wphtml5player\/inc\/flowplayer.swf' \/><param name=\"allowfullscreen\" value='false' \/><param name=\"cachebusting\" value='true' \/><param name=\"bgcolor\" value='#000000' \/><param name=\"flashvars\" value='config={\"plugins\":{\"controls\":{\"height\":30,\"autoHide\":false,\"fullscreen\":false}},\"clip\":{\"autoPlay\":false,\"url\":\"http:\\\/\\\/download.radioeins.de\\\/mp3\\\/medienmagazin\\\/mm20140531_3.mp3\"},\"playlist\":[{\"autoPlay\":false,\"url\":\"http:\\\/\\\/download.radioeins.de\\\/mp3\\\/medienmagazin\\\/mm20140531_3.mp3\"}],\"play\":{\"opacity\":0}}' \/>  No audio playback capabilities, please download the audio below<br \/><strong>Download Audio:<\/strong> Closed Format: <a href=\"http:\/\/download.radioeins.de\/mp3\/medienmagazin\/mm20140531_3.mp3\">MP3<\/a> <\/object> <!-- Generated by HTML5 Multimedia Framework (http:\/\/code.google.com\/p\/html5videoplayer) --> <\/audio>  <br \/>\n<a href=\"http:\/\/download.radioeins.de\/mp3\/medienmagazin\/mm20140531_3.mp3\" target=\"_blank\">Download<\/a><span style=\"color: #888888;\"> (verlinkte Audio-Quelle: rbb, radioeins)<\/span><\/p>\n<div style=\"height: 10px;\"><\/div>\n<div style=\"height: 10px;\"><\/div>\n<p><span style=\"color: #FFA500;\">Was:<\/span> Studiogespr\u00e4ch \u00fcber die bpb-Fachtagung &#8222;<a href=\"http:\/\/www.bpb.de\/gesellschaft\/medien\/hoerfunker\/180289\/rechercheseminar-rechtsextremismus-vor-ort\" target=\"_blank\">Wir machen uns fit! Recherche Rechtsextremismus vor Ort<\/a>&#8220; (26.-28.05.2014)<\/p>\n<p><span style=\"color: #FFA500;\">Wer:<\/span> J\u00fcrgen M. Edelmann<br \/>\nmit O-T\u00f6nen von:<br \/>\n* Rainald Becker, stellv. Chefredakteur Fernsehen, ARD-Hauptstadtstudio (Quelle: tagesthemen, Das Erste, 25.05.2014)<br \/>\n* Dr. Ralf Melzer, Herausgeber der Studie \u201e<a href=\"http:\/\/www.fes-gegen-rechtsextremismus.de\/pdf_12\/mitte-im-umbruch_www.pdf\" target=\"_blank\">Die Mitte im Umbruch \u2013 rechtsextreme Einstellungen in Deutschland<\/a>\u201c, Friedrich-Ebert-Stiftung<br \/>\n* Jana Klameth, Stellv. Chefredakteurin der <a href=\"http:\/\/www.freiepresse.de\/LOKALES\/CHEMNITZ\/\" target=\"_blank\">Freien Presse Chemnitz<\/a><br \/>\n* Andrea R\u00f6pke, freie Fachjournalistin und Buchautorin mit dem Spezialgebiet Nationalsozialismus und Rechtsextremismus<br \/>\n* Robert Kiesel, Reporter des <a href=\"http:\/\/www.nordkurier.de\/\" target=\"_blank\">Nordkurier<\/a> und Landesmedienpreistr\u00e4ger von Mecklenburg-Vorpommern 2013<\/p>\n<p><span style=\"color: #FFA500;\">Wann:<\/span> 31.05.2014, 18:38-18:44 Uhr im radioeins-Medienmagazin und in einer eingek\u00fcrzten Fassung im rbb Inforadio vom 01.06.2014\/10:44\/15:44\/23:45\/01:45\/03:45 Uhr<\/p>\n<div style=\"height: 10px;\"><\/div>\n<div style=\"height: 20px;\"><\/div>\n<p><span style=\"color: #FFA500;\">Vgl.:<\/span><br \/>\n* <a href=\"http:\/\/www.drehscheibe.org\/seminarblog\/?p=6674\" target=\"_blank\">\u201cRechtsextremismus war immer in der Mitte der Gesellschaft\u201d <\/a>, drehscheibe.org<br \/>\n* <a href=\"http:\/\/www.bpb.de\/gesellschaft\/medien\/hoerfunker\/180289\/rechercheseminar-rechtsextremismus-vor-ort\" target=\"_blank\">Rechercheseminar: Rechtsextremismus vor Ort<\/a>, bpb.de<\/p>\n<div style=\"height:70px;\"><\/div>\n<p><span style=\"color: #888888;\">(\u00a9 Foto: J\u00f6rg Wagner)<\/span><\/p>\n<div style=\"height:70px;\"><\/div>\n<p><script type=\"text\/javascript\" src=\"https:\/\/apis.google.com\/js\/plusone.js\">\n  {lang: 'de'}\n<\/script><g:plusone><\/g:plusone><br \/>\n<script type=\"text\/javascript\" src=\"http:\/\/twittercounter.com\/embed\/?username=medienmagazin&#038;style=avatar\"><\/script><noscript><a href=\"http:\/\/twittercounter.com\/medienmagazin\">medienmagazin on Twitter Counter<\/a><\/noscript><\/p>\n","protected":false},"excerpt":{"rendered":"<p>No audio playback capabilities, please download the audio belowDownload Audio: Closed Format: MP3 Download (verlinkte Audio-Quelle: rbb, radioeins) Was: Studiogespr\u00e4ch \u00fcber die bpb-Fachtagung &#8222;Wir machen uns fit! Recherche Rechtsextremismus vor Ort&#8220; (26.-28.05.2014) Wer: J\u00fcrgen M. Edelmann mit O-T\u00f6nen von: * Rainald Becker, stellv. Chefredakteur Fernsehen, ARD-Hauptstadtstudio (Quelle: tagesthemen, Das Erste, 25.05.2014) * Dr. Ralf Melzer, [&hellip;]<\/p>\n","protected":false},"author":2,"featured_media":0,"comment_status":"open","ping_status":"open","sticky":false,"template":"","format":"standard","meta":{"_monsterinsights_skip_tracking":false,"_monsterinsights_sitenote_active":false,"_monsterinsights_sitenote_note":"","_monsterinsights_sitenote_category":0,"footnotes":""},"categories":[17],"tags":[524,292],"class_list":["post-25039","post","type-post","status-publish","format-standard","hentry","category-aktuell","tag-rechtsextremismus","tag-rechtsradikalismus"],"_links":{"self":[{"href":"https:\/\/www.wwwagner.tv\/index.php?rest_route=\/wp\/v2\/posts\/25039","targetHints":{"allow":["GET"]}}],"collection":[{"href":"https:\/\/www.wwwagner.tv\/index.php?rest_route=\/wp\/v2\/posts"}],"about":[{"href":"https:\/\/www.wwwagner.tv\/index.php?rest_route=\/wp\/v2\/types\/post"}],"author":[{"embeddable":true,"href":"https:\/\/www.wwwagner.tv\/index.php?rest_route=\/wp\/v2\/users\/2"}],"replies":[{"embeddable":true,"href":"https:\/\/www.wwwagner.tv\/index.php?rest_route=%2Fwp%2Fv2%2Fcomments&post=25039"}],"version-history":[{"count":16,"href":"https:\/\/www.wwwagner.tv\/index.php?rest_route=\/wp\/v2\/posts\/25039\/revisions"}],"predecessor-version":[{"id":25058,"href":"https:\/\/www.wwwagner.tv\/index.php?rest_route=\/wp\/v2\/posts\/25039\/revisions\/25058"}],"wp:attachment":[{"href":"https:\/\/www.wwwagner.tv\/index.php?rest_route=%2Fwp%2Fv2%2Fmedia&parent=25039"}],"wp:term":[{"taxonomy":"category","embeddable":true,"href":"https:\/\/www.wwwagner.tv\/index.php?rest_route=%2Fwp%2Fv2%2Fcategories&post=25039"},{"taxonomy":"post_tag","embeddable":true,"href":"https:\/\/www.wwwagner.tv\/index.php?rest_route=%2Fwp%2Fv2%2Ftags&post=25039"}],"curies":[{"name":"wp","href":"https:\/\/api.w.org\/{rel}","templated":true}]}}