{"id":25707,"date":"2014-09-12T16:13:13","date_gmt":"2014-09-12T15:13:13","guid":{"rendered":"http:\/\/www.wwwagner.tv\/?p=25707"},"modified":"2014-09-14T22:13:58","modified_gmt":"2014-09-14T21:13:58","slug":"internet-nein-danke-wolfgang-blau","status":"publish","type":"post","link":"https:\/\/www.wwwagner.tv\/?p=25707","title":{"rendered":"Internet: Nein Danke?  &#8211; Wolfgang Blau"},"content":{"rendered":"<div style=\"height: 70px;\"><\/div>\n<p><span style=\"color: #ffa500;\"><span style=\"font-size: medium;\"><em>Das Internet neu erfinden?<\/em><\/span><\/p>\n<div style=\"height: 10px;\"><\/div>\n<p><a href=\"http:\/\/www.wwwagner.tv\/wp-content\/uploads\/20140912-DSC_0717_blau_wolfgang_600.jpg\"><img loading=\"lazy\" decoding=\"async\" src=\"http:\/\/www.wwwagner.tv\/wp-content\/uploads\/20140912-DSC_0717_blau_wolfgang_600.jpg\" alt=\"Wolfgang Blau\" width=\"600\" height=\"399\" class=\"alignnone size-full wp-image-25711\" srcset=\"https:\/\/www.wwwagner.tv\/wp-content\/uploads\/20140912-DSC_0717_blau_wolfgang_600.jpg 600w, https:\/\/www.wwwagner.tv\/wp-content\/uploads\/20140912-DSC_0717_blau_wolfgang_600-300x199.jpg 300w\" sizes=\"auto, (max-width: 600px) 100vw, 600px\" \/><\/a><\/p>\n<div style=\"height: 30px;\"><\/div>\n<p> <audio   controls > <source src=\"http:\/\/www.wwwagner.tv\/audio\/20140912_blau_wolfgang_128.mp3\" type='audio\/mpeg' \/> <object   type=\"application\/x-shockwave-flash\"  data=\"https:\/\/www.wwwagner.tv\/wp-content\/plugins\/wphtml5player\/inc\/flowplayer.swf\"  width=\"400\"  height=\"30\"> <param name=\"movie\" value='https:\/\/www.wwwagner.tv\/wp-content\/plugins\/wphtml5player\/inc\/flowplayer.swf' \/><param name=\"allowfullscreen\" value='false' \/><param name=\"cachebusting\" value='true' \/><param name=\"bgcolor\" value='#000000' \/><param name=\"flashvars\" value='config={\"plugins\":{\"controls\":{\"height\":30,\"autoHide\":false,\"fullscreen\":false}},\"clip\":{\"autoPlay\":false,\"url\":\"http:\\\/\\\/www.wwwagner.tv\\\/audio\\\/20140912_blau_wolfgang_128.mp3\"},\"playlist\":[{\"autoPlay\":false,\"url\":\"http:\\\/\\\/www.wwwagner.tv\\\/audio\\\/20140912_blau_wolfgang_128.mp3\"}],\"play\":{\"opacity\":0}}' \/>  No audio playback capabilities, please download the audio below<br \/><strong>Download Audio:<\/strong> Closed Format: <a href=\"http:\/\/www.wwwagner.tv\/audio\/20140912_blau_wolfgang_128.mp3\">MP3<\/a> <\/object> <!-- Generated by HTML5 Multimedia Framework (http:\/\/code.google.com\/p\/html5videoplayer) --> <\/audio>  <br \/>\n<a href=\"http:\/\/www.wwwagner.tv\/audio\/20140912_blau_wolfgang_128.mp3\" target=\"_blank\">Download<\/a><\/p>\n<div style=\"height: 30px;\"><\/div>\n<p>Sollten wir, wie <a href=\"http:\/\/bit.ly\/ZkZsZt\" target=\"_blank\">Christopher Lauer<\/a> anregt, unsere Haltung zum Internet \u00e4hnlich \u00fcberpr\u00fcfen wie zur Atomkraft und den Ausstieg wagen? Oder kann man das Internet neu erfinden und es besser regulieren, um sich effektiver vor Missbrauch zu sch\u00fctzen?<\/p>\n<div style=\"height: 30px;\"><\/div>\n<blockquote><p>&#8222;Eine Renaissance des Internets, die Sie da an die Wand malen &#8211; ich hoffe darauf. Und ich glaube, Europa kann es stemmen. Aber es ist ein Projekt, das noch sehr viel gr\u00f6\u00dfer ist, als den Airbus gemeinsam in die Luft zu bringen.&#8220;<\/p><\/blockquote>\n<div style=\"height: 30px;\"><\/div>\n<p><span style=\"color: #ffa500;\">Was:<\/span> Interview<br \/>\n<span style=\"color: #ffa500;\">Wer:<\/span> <a href=\"http:\/\/www.wolfgangblau.de\/\" target=\"_blank\">Wolfgang Blau<\/a>, <a href=\"http:\/\/www.theguardian.com\/uk\" target=\"_blank\">The Guardian<\/a>, Direktor f\u00fcr digitale Strategie<br \/>\n<span style=\"color: #ffa500;\">Wann:<\/span> rec.: 12.09.2014\/ 16:13 Uhr, ver\u00f6ffentlicht am 13.09.2014\/18:40-18:42 Uhr im radioeins-Medienmagazin (rbb) in einer gek\u00fcrzten Fassung<br \/>\n<span style=\"color: #ffa500;\">Wo:<\/span> <a href=\"http:\/\/www.m100potsdam.org\/m100-de\/sanssouci-colloquium\/2014.html\" target=\"_blank\">M100 Sanssouci Colloquium<\/a>, Orangerie Sanssouci, Potsdam<\/p>\n<div style=\"height: 10px;\"><\/div>\n<p><span style=\"color: #ffa500;\">Vgl.:<\/span><br \/>\n* <a href=\"http:\/\/bit.ly\/ZkZsZt\" target=\"_blank\">Christopher Lauer<\/a>, Piraten-Partei<br \/>\n* <a href=\"http:\/\/bit.ly\/1y2Gsi7\" target=\"_blank\">Jens Redmer<\/a>, Google<\/p>\n<div style=\"height:70px;\"><\/div>\n<p><span style=\"color: #888888;\">(Foto: \u00a9 J\u00f6rg Wagner)<\/span><\/p>\n<div style=\"height:10px;\"><\/div>\n<p><script type=\"text\/javascript\" src=\"https:\/\/apis.google.com\/js\/plusone.js\">\n  {lang: 'de'}\n<\/script><g:plusone><\/g:plusone><br \/>\n<script type=\"text\/javascript\" src=\"http:\/\/twittercounter.com\/embed\/?username=medienmagazin&#038;style=avatar\"><\/script><noscript><a href=\"http:\/\/twittercounter.com\/medienmagazin\">medienmagazin on Twitter Counter<\/a><\/noscript><\/p>\n","protected":false},"excerpt":{"rendered":"<p>Das Internet neu erfinden? No audio playback capabilities, please download the audio belowDownload Audio: Closed Format: MP3 Download Sollten wir, wie Christopher Lauer anregt, unsere Haltung zum Internet \u00e4hnlich \u00fcberpr\u00fcfen wie zur Atomkraft und den Ausstieg wagen? Oder kann man das Internet neu erfinden und es besser regulieren, um sich effektiver vor Missbrauch zu sch\u00fctzen? [&hellip;]<\/p>\n","protected":false},"author":2,"featured_media":0,"comment_status":"open","ping_status":"open","sticky":false,"template":"","format":"standard","meta":{"_monsterinsights_skip_tracking":false,"_monsterinsights_sitenote_active":false,"_monsterinsights_sitenote_note":"","_monsterinsights_sitenote_category":0,"footnotes":""},"categories":[17],"tags":[68,89,484],"class_list":["post-25707","post","type-post","status-publish","format-standard","hentry","category-aktuell","tag-internet","tag-m100","tag-the-guardian"],"_links":{"self":[{"href":"https:\/\/www.wwwagner.tv\/index.php?rest_route=\/wp\/v2\/posts\/25707","targetHints":{"allow":["GET"]}}],"collection":[{"href":"https:\/\/www.wwwagner.tv\/index.php?rest_route=\/wp\/v2\/posts"}],"about":[{"href":"https:\/\/www.wwwagner.tv\/index.php?rest_route=\/wp\/v2\/types\/post"}],"author":[{"embeddable":true,"href":"https:\/\/www.wwwagner.tv\/index.php?rest_route=\/wp\/v2\/users\/2"}],"replies":[{"embeddable":true,"href":"https:\/\/www.wwwagner.tv\/index.php?rest_route=%2Fwp%2Fv2%2Fcomments&post=25707"}],"version-history":[{"count":23,"href":"https:\/\/www.wwwagner.tv\/index.php?rest_route=\/wp\/v2\/posts\/25707\/revisions"}],"predecessor-version":[{"id":25787,"href":"https:\/\/www.wwwagner.tv\/index.php?rest_route=\/wp\/v2\/posts\/25707\/revisions\/25787"}],"wp:attachment":[{"href":"https:\/\/www.wwwagner.tv\/index.php?rest_route=%2Fwp%2Fv2%2Fmedia&parent=25707"}],"wp:term":[{"taxonomy":"category","embeddable":true,"href":"https:\/\/www.wwwagner.tv\/index.php?rest_route=%2Fwp%2Fv2%2Fcategories&post=25707"},{"taxonomy":"post_tag","embeddable":true,"href":"https:\/\/www.wwwagner.tv\/index.php?rest_route=%2Fwp%2Fv2%2Ftags&post=25707"}],"curies":[{"name":"wp","href":"https:\/\/api.w.org\/{rel}","templated":true}]}}