{"id":26359,"date":"2015-01-03T18:10:32","date_gmt":"2015-01-03T17:10:32","guid":{"rendered":"http:\/\/www.wwwagner.tv\/?p=26359"},"modified":"2016-01-08T22:52:41","modified_gmt":"2016-01-08T21:52:41","slug":"neujahrsgespraech-2015-dagmar-reim","status":"publish","type":"post","link":"https:\/\/www.wwwagner.tv\/?p=26359","title":{"rendered":"Neujahrsgespr\u00e4ch 2015: Dagmar Reim"},"content":{"rendered":"<div style=\"height: 70px;\"><\/div>\n<p><span style=\"color: #ffa500;\"><span style=\"font-size: medium;\"><em>&#8222;Akzeptanz ist nicht alles. Aber ohne Akzeptanz ist eben auch alles nichts&#8220;<\/em><\/span><\/p>\n<div style=\"height: 10px;\"><\/div>\n<p><a href=\"http:\/\/www.wwwagner.tv\/wp-content\/uploads\/20140905_reim_dagmar_600.jpg\"><img loading=\"lazy\" decoding=\"async\" src=\"http:\/\/www.wwwagner.tv\/wp-content\/uploads\/20140905_reim_dagmar_600.jpg\" alt=\"Dagmar Reim\" width=\"600\" height=\"418\" class=\"alignnone size-full wp-image-26360\" srcset=\"https:\/\/www.wwwagner.tv\/wp-content\/uploads\/20140905_reim_dagmar_600.jpg 600w, https:\/\/www.wwwagner.tv\/wp-content\/uploads\/20140905_reim_dagmar_600-300x209.jpg 300w\" sizes=\"auto, (max-width: 600px) 100vw, 600px\" \/><\/a><\/p>\n<div style=\"height: 20px;\"><\/div>\n <audio   controls > <source src=\"http:\/\/www.wwwagner.tv\/audio\/20141218_reim_dagmar_0720.mp3\" type='audio\/mpeg' \/> <object   type=\"application\/x-shockwave-flash\"  data=\"https:\/\/www.wwwagner.tv\/wp-content\/plugins\/wphtml5player\/inc\/flowplayer.swf\"  width=\"400\"  height=\"30\"> <param name=\"movie\" value='https:\/\/www.wwwagner.tv\/wp-content\/plugins\/wphtml5player\/inc\/flowplayer.swf' \/><param name=\"allowfullscreen\" value='false' \/><param name=\"cachebusting\" value='true' \/><param name=\"bgcolor\" value='#000000' \/><param name=\"flashvars\" value='config={\"plugins\":{\"controls\":{\"height\":30,\"autoHide\":false,\"fullscreen\":false}},\"clip\":{\"autoPlay\":false,\"url\":\"http:\\\/\\\/www.wwwagner.tv\\\/audio\\\/20141218_reim_dagmar_0720.mp3\"},\"playlist\":[{\"autoPlay\":false,\"url\":\"http:\\\/\\\/www.wwwagner.tv\\\/audio\\\/20141218_reim_dagmar_0720.mp3\"}],\"play\":{\"opacity\":0}}' \/>  No audio playback capabilities, please download the audio below<br \/><strong>Download Audio:<\/strong> Closed Format: <a href=\"http:\/\/www.wwwagner.tv\/audio\/20141218_reim_dagmar_0720.mp3\">MP3<\/a> <\/object> <!-- Generated by HTML5 Multimedia Framework (http:\/\/code.google.com\/p\/html5videoplayer) --> <\/audio>  \n<div style=\"height: 20px;\"><\/div>\n<div style=\"height: 10px;\"><\/div>\n<p><span style=\"color: #ffa500;\">Wer:<\/span> Dagmar Reim, Intendantin, Rundfunk Berlin-Brandenburg<br \/>\n<span style=\"color: #ffa500;\">Was:<\/span> Neujahrsgespr\u00e4ch<br \/>\n<span style=\"color: #ffa500;\">Wann:<\/span> ver\u00f6ffentlich am 03.01.2015, 18:11-18:19 Uhr im radioeins-Medienmagazin und in einer 4:30-Minutenfassung im rbb Inforadio vom 04.01.2015, 10:44\/15:44\/23:45\/01:45\/03:45 Uhr<br \/>\n<span style=\"color: #ffa500;\">Wo:<\/span> Berlin, Intendanz, Masurenallee<\/p>\n<div style=\"height: 20px;\"><\/div>\n<p>0:00<\/p>\n<p><span style=\"color: #ffa500;\">J\u00f6rg Wagner:<\/span> Dagmar Reim, traditionell die Einstiegsfrage immer r\u00fcckblickend auf das vergangene Jahr, was haben Sie als positives Gef\u00fchl, auch vielleicht als positive Fakten gut in Erinnerung und wor\u00fcber \u00e4rgern Sie sich vielleicht oder sagen, da lief es doch nicht so optimal?<\/p>\n<p>0:16<\/p>\n<p><span style=\"color: #ffa500;\">Dagmar Reim:<\/span> <span style=\"color: #c0c0c0;\"> 2014 hatte ein ganz, ganz gro\u00dfes Highlight einen H\u00f6hepunkt. Das war unser Programm \u201e25 Jahre Mauerfall\u201c im Fernsehen und alles, was sich in den Radioprogrammen und online rund um dieses Jubil\u00e4um gerankt hat. Wir werden 2015 \u201e25 Jahre Deutsche Einheit\u201c feiern, aber dieses, was wir 2014 hatten, war die Zeit, der Tag, das Jubil\u00e4um von Berlin. Das wird nicht zu toppen sein. Und ich denke, das war im rbb eine ganz, ganz gro\u00dfe Gemeinschaftsleistung, die auch wir nicht toppen k\u00f6nnen und wollen. Das war einmalig und das war faszinierend zu sehen, wie die Kolleginnen und Kollegen ein solches Programm aus Dokumentationen, Reportagen, Interviews gestemmt haben.<\/span><\/p>\n<p>1:08<\/p>\n<p><span style=\"color: #ffa500;\">J\u00f6rg Wagner:<\/span> 2015 wird wieder nicht das Jahr werden, wo der rbb den Umzug des Flughafens Tegel nach Sch\u00f6nefeld dokumentieren kann, aber worauf freuen Sie sich 2015?<\/span><\/p>\n<p>1:21 <\/p>\n<p><span style=\"color: #ffa500;\">Dagmar Reim:<\/span> <span style=\"color: #c0c0c0;\"> Es gibt allerhand, auf das ich mich freue. Das Land Brandenburg besteht 25 Jahre und wir haben wieder uns unserer dokumentarischen St\u00e4rken besonnen und werden einen Sommer in Brandenburg im Fernsehen zeigen. Nicht nur das Land Brandenburg wird 25, sondern auch Antenne. Der reichweitenst\u00e4rkste Sender unserer Region feiert schon 25 Jahre. Das muss man erstmal schaffen und mit einer so hohen Akzeptanz. Es gibt eine Menge, Menge im Programm, worauf ich mich freue zum Beispiel \u201eWorld Wide Berlin\u201c. Die Reporterinnen und Reporter haben auf allen Kontinenten Berlins besucht und es ist interessant zu sehen, was sich in den andern Berlins so tut. Wir haben aber auch wieder sehr viele interessante Dinge aus Land und Stadt. Zum Beispiel setzen wir fort die sehr erfolgreiche Serie \u00fcber das Unfallkrankenhaus Marzahn. Was sich dort so tut im Laufe von 24 Stunden, das ist faszinierend zu beobachten und das haben die Kolleginnen und Kollegen sehr gut gemacht. Keiner muss einen Flughafen er\u00f6ffnen.<\/span><\/p>\n<p>2:30<\/p>\n<p><span style=\"color: #ffa500;\">J\u00f6rg Wagner:<\/span> Die Beitragszahlerinnen und Beitragszahler werden dem rbb 434,6 Millionen an Geldern zugeben f\u00fcr dieses Jahr, aber der rbb gibt 434,8 Millionen aus. Jeder Normale im Privathaushalt denkt, das geht ja gar nicht. Man kann nur das ausgeben, was man eingenommen hat. Wie macht\u2019s der rbb?<\/span><\/p>\n<p>2:50<\/p>\n<p><span style=\"color: #ffa500;\">Dagmar Reim:<\/span> <span style=\"color: #c0c0c0;\"> Wir rechnen in Beitragsperioden. Und gegen Ende jeder Beitragsperiode haben wir ein Minus. Und am Anfang einer Beitragsperiode schlie\u00dfen wir das Jahr mit am relativ hohen Plus ab. Das ist reine Haushaltsarithmetik und es ist nichts, was irgendjemanden zur Besorgnis verleiten m\u00fcsste. Der rbb hat in den Jahren seines Bestehens noch nie Schulden gemacht und es werden wir auch k\u00fcnftig nicht tun. Ein gro\u00dfes Problem ist, dass man oberfl\u00e4chlich betrachtet, denken k\u00f6nnte wir seien ja reich, wir erhalten erheblich mehr Beitr\u00e4ge als zu Zeiten der Rundfunkgeb\u00fchr, die der Beitrag ja abgel\u00f6st hat. Der Punkt ist nur, wir d\u00fcrfen diese Beitr\u00e4ge nicht verwenden. Sie wandern alle in eine R\u00fccklage und erst nach Ablauf der Evaluation des neuen Rundfunkbeitrags werden die Ministerpr\u00e4sidentinnen und Ministerpr\u00e4sidenten entscheiden, was damit zu geschehen hat. Wir haben Geld, aber wir haben es nicht.<\/span><\/p>\n<p>3:51<\/p>\n<p><span style=\"color: #ffa500;\">J\u00f6rg Wagner:<\/span> Der rbb hat lange Zeit Investitionen nicht t\u00e4tigen k\u00f6nnen, weil die Haushaltslage so angespannt war, weil man auch immer nicht wusste, gibt es eine Beitragserh\u00f6hung oder nicht, wieviel Schwarzseher gibt es nach der Beitragsumstellung noch. Gibt es sie faktisch noch usw. Nun investiert der rbb 2015 mehr als noch 2014. Worin?<\/span> <\/p>\n<p>4:13<\/p>\n<p><span style=\"color: #ffa500;\">Dagmar Reim:<\/span> <span style=\"color: #c0c0c0;\"> Wir investieren selbstverst\u00e4ndlich in die Zukunftstechnologien, d.h. wir m\u00fcssen im ganzen Haus HD-f\u00e4hig sein und wir m\u00fcssen uns den neuen digitalen Speichermedien zuwenden, d.h. das Stichwort ist: \u201ebandlose Produktion\u201c. Und da gibt es eine Menge an Investitionsbedarf und das machen wir.<\/span><\/p>\n<p>4:33<\/p>\n<p><span style=\"color: #ffa500;\">J\u00f6rg Wagner:<\/span> Hatten Sie auch schon Geld f\u00fcr den Jugend-Kanal beiseite gelegt, der nun nicht kommt?<\/span><\/p>\n<p>4:37<\/p>\n<p><span style=\"color: #ffa500;\">Dagmar Reim:<\/span> <span style=\"color: #c0c0c0;\"> Wir hatten das Gef\u00fchl, dass er 2015 noch nicht kommen w\u00fcrde. Aber wir wissen, er kommt und er kommt in einer au\u00dferordentlich interessanten Form, n\u00e4mlich lediglich online. Wir halten das f\u00fcr eine gro\u00dfe Chance und werden uns gut darauf vorbereiten.<\/p>\n<p>4:53<\/p>\n<p><span style=\"color: #ffa500;\">J\u00f6rg Wagner:<\/span> Angesichts der Insolvenzanmeldung vom privaten Jugendsender \u201ejoiz\u201c, der jetzt auch 2015 nur noch im Internet zu sehen sein wird, ist das eine richtige Entscheidung gewesen der Ministerpr\u00e4sidentinnen und -pr\u00e4sidenten der ARD zu untersagen einen Fernsehkanal auch noch zu machen f\u00fcr Jugendliche? <\/span><\/p>\n<p>5:12<\/p>\n<p><span style=\"color: #ffa500;\">Dagmar Reim:<\/span> <span style=\"color: #c0c0c0;\"> Ich habe die Weisheit der Ministerpr\u00e4sidentinnen und Ministerpr\u00e4sidenten nicht zu kommentieren. Ich habe aber geh\u00f6rt, dass eine Beauftragung eines Fernsehkanals einfach dort nicht mehrheitsf\u00e4hig war. Dann bin ich pragmatisch und denke, wie sch\u00f6n, dass wir eine online-Beauftragung haben.<\/span><\/p>\n<p>5:29<\/p>\n<p><span style=\"color: #ffa500;\">J\u00f6rg Wagner:<\/span> Nun hat der rbb ja einen Fernsehsender und der SFB und auch der ORB hatten als Vorl\u00e4ufer vom Rundfunk Berlin-Brandenburg auch immer Jugendangebote. Es gab interessante Projekte auch mit Fritz z. B. im Fernsehen. Wird das weiter fortgesetzt? Ist die jugendliche Zielgruppe weiterhin im Blickfeld des rbb?<\/span><\/p>\n<p>5:51<\/p>\n<p><span style=\"color: #ffa500;\">Dagmar Reim:<\/span> <span style=\"color: #c0c0c0;\"> Wir werden sie immer im Blickfeld haben, denn wir haben ja Fritz. Und Fritz erreicht junge H\u00f6rerinnen und H\u00f6rer. Wir m\u00fcssen nur die Illusion vermeiden, zu denken, das rbb-Fernsehen k\u00f6nne ein junges Programm werden. Wir sind sehr zufrieden, wenn wir mit dem rbb-Fernsehen, mit bestimmten Formaten auch j\u00fcngere Menschen erreichen und j\u00fcngere Menschen sind bei uns Menschen rund um 40\/50. Das bedeutet, zu 20 ist da noch eine Riesendifferenz. Das wird uns aber nicht davon abhalten, Formate weiterhin auszuprobieren, die j\u00fcngere Menschen interessieren. <\/span><\/p>\n<p>6:29<\/p>\n<p><span style=\"color: #ffa500;\">J\u00f6rg Wagner:<\/span> Vielleicht noch ganz kurz was zum allgemeinen rbb-Fernsehprogramm. Im Ranking der ARD, wie zufrieden sind Sie mit der Akzeptanz? Sie sagten immer, das ist nicht entscheidend, welche Zahl hinter dem Komma steht. Wichtig ist, dass man Relevanz schafft. Schaffen Sie es 2015?<\/span><\/p>\n<p>6:45<\/p>\n<p><span style=\"color: #ffa500;\">Dagmar Reim:<\/span> <span style=\"color: #c0c0c0;\"> Die Kolleginnen und Kollegen arbeiten daran. Ich wei\u00df von Ihnen, dass sie selbst nicht zufrieden sind mit ihrem Abschneiden 2014. Aber es ist wichtig, darauf zu achten, dass selbstverst\u00e4ndlich die Akzeptanz eine sehr wichtige und bedeutende Messgr\u00f6\u00dfe ist. Die Akzeptanz ist nicht alles. Es kommt bei uns sehr, sehr wichtig auf Inhalte an. Aber ohne Akzeptanz ist eben auch alles nichts. Und das wei\u00df ich, dass die Kolleginnen und Kollegen sehr motiviert sind, da 2015 noch mehr Zustimmung zu ihrem Programm zu erwirtschaften.<\/span><\/p>\n<p><span style=\"color: #888888;\">(w\u00f6rtliches Transkript)<\/span><\/p>\n<div style=\"height: 50px;\"><\/div>\n<div style=\"height: 70px;\"><\/div>\n<p><span style=\"color: #888888;\">(\u00a9 Foto: rbb\/Oliver Ziebe)<\/span><\/p>\n<div style=\"height: 70px;\"><\/div>\n<p><script type=\"text\/javascript\" src=\"https:\/\/apis.google.com\/js\/plusone.js\">\n  {lang: 'de'}\n<\/script><g:plusone><\/g:plusone><br \/>\n<script type=\"text\/javascript\" src=\"http:\/\/twittercounter.com\/embed\/?username=medienmagazin&#038;style=avatar\"><\/script><noscript><a href=\"http:\/\/twittercounter.com\/medienmagazin\">medienmagazin on Twitter Counter<\/a><\/noscript><\/p>\n","protected":false},"excerpt":{"rendered":"<p>&#8222;Akzeptanz ist nicht alles. Aber ohne Akzeptanz ist eben auch alles nichts&#8220; No audio playback capabilities, please download the audio belowDownload Audio: Closed Format: MP3 Wer: Dagmar Reim, Intendantin, Rundfunk Berlin-Brandenburg Was: Neujahrsgespr\u00e4ch Wann: ver\u00f6ffentlich am 03.01.2015, 18:11-18:19 Uhr im radioeins-Medienmagazin und in einer 4:30-Minutenfassung im rbb Inforadio vom 04.01.2015, 10:44\/15:44\/23:45\/01:45\/03:45 Uhr Wo: Berlin, Intendanz, [&hellip;]<\/p>\n","protected":false},"author":2,"featured_media":0,"comment_status":"open","ping_status":"open","sticky":false,"template":"","format":"standard","meta":{"_monsterinsights_skip_tracking":false,"_monsterinsights_sitenote_active":false,"_monsterinsights_sitenote_note":"","_monsterinsights_sitenote_category":0,"footnotes":""},"categories":[17],"tags":[88],"class_list":["post-26359","post","type-post","status-publish","format-standard","hentry","category-aktuell","tag-rbb"],"_links":{"self":[{"href":"https:\/\/www.wwwagner.tv\/index.php?rest_route=\/wp\/v2\/posts\/26359","targetHints":{"allow":["GET"]}}],"collection":[{"href":"https:\/\/www.wwwagner.tv\/index.php?rest_route=\/wp\/v2\/posts"}],"about":[{"href":"https:\/\/www.wwwagner.tv\/index.php?rest_route=\/wp\/v2\/types\/post"}],"author":[{"embeddable":true,"href":"https:\/\/www.wwwagner.tv\/index.php?rest_route=\/wp\/v2\/users\/2"}],"replies":[{"embeddable":true,"href":"https:\/\/www.wwwagner.tv\/index.php?rest_route=%2Fwp%2Fv2%2Fcomments&post=26359"}],"version-history":[{"count":21,"href":"https:\/\/www.wwwagner.tv\/index.php?rest_route=\/wp\/v2\/posts\/26359\/revisions"}],"predecessor-version":[{"id":26375,"href":"https:\/\/www.wwwagner.tv\/index.php?rest_route=\/wp\/v2\/posts\/26359\/revisions\/26375"}],"wp:attachment":[{"href":"https:\/\/www.wwwagner.tv\/index.php?rest_route=%2Fwp%2Fv2%2Fmedia&parent=26359"}],"wp:term":[{"taxonomy":"category","embeddable":true,"href":"https:\/\/www.wwwagner.tv\/index.php?rest_route=%2Fwp%2Fv2%2Fcategories&post=26359"},{"taxonomy":"post_tag","embeddable":true,"href":"https:\/\/www.wwwagner.tv\/index.php?rest_route=%2Fwp%2Fv2%2Ftags&post=26359"}],"curies":[{"name":"wp","href":"https:\/\/api.w.org\/{rel}","templated":true}]}}