{"id":26654,"date":"2015-01-19T12:18:31","date_gmt":"2015-01-19T11:18:31","guid":{"rendered":"http:\/\/www.wwwagner.tv\/?p=26654"},"modified":"2020-07-30T02:48:04","modified_gmt":"2020-07-30T00:48:04","slug":"dld-2015-jeff-jarvis","status":"publish","type":"post","link":"https:\/\/www.wwwagner.tv\/?p=26654","title":{"rendered":"DLD 2015: Jeff Jarvis"},"content":{"rendered":"<div style=\"height: 10px;\"><\/div>\n<p><figure id=\"attachment_26655\" aria-describedby=\"caption-attachment-26655\" style=\"width: 600px\" class=\"wp-caption alignnone\"><img loading=\"lazy\" decoding=\"async\" src=\"https:\/\/www.wwwagner.tv\/wp-content\/uploads\/20150119_DSC0718_jarvis_jeff_600.jpg\" alt=\"Jeff Jarvis\" width=\"600\" height=\"399\" class=\"size-full wp-image-26655\" srcset=\"https:\/\/www.wwwagner.tv\/wp-content\/uploads\/20150119_DSC0718_jarvis_jeff_600.jpg 600w, https:\/\/www.wwwagner.tv\/wp-content\/uploads\/20150119_DSC0718_jarvis_jeff_600-300x200.jpg 300w\" sizes=\"auto, (max-width: 600px) 100vw, 600px\" \/><figcaption id=\"caption-attachment-26655\" class=\"wp-caption-text\">Jeff Jarvis | Foto: \u00a9 J\u00f6rg Wagner, 19.01.2015<\/figcaption><\/figure><br \/>\n<span style=\"font-size: 11pt; font-family: tahoma,arial,helvetica,sans-serif;\"><\/p>\n<div style=\"height: 20px;\"><\/div>\n<div style=\"height: 20px;\"><\/div>\n <audio   controls > <source src=\"http:\/\/www.wwwagner.tv\/audio\/20150119_jarvis_jeff_dld_128.mp3\" type='audio\/mpeg' \/> <object   type=\"application\/x-shockwave-flash\"  data=\"https:\/\/www.wwwagner.tv\/wp-content\/plugins\/wphtml5player\/inc\/flowplayer.swf\"  width=\"400\"  height=\"30\"> <param name=\"movie\" value='https:\/\/www.wwwagner.tv\/wp-content\/plugins\/wphtml5player\/inc\/flowplayer.swf' \/><param name=\"allowfullscreen\" value='false' \/><param name=\"cachebusting\" value='true' \/><param name=\"bgcolor\" value='#000000' \/><param name=\"flashvars\" value='config={\"plugins\":{\"controls\":{\"height\":30,\"autoHide\":false,\"fullscreen\":false}},\"clip\":{\"autoPlay\":false,\"url\":\"http:\\\/\\\/www.wwwagner.tv\\\/audio\\\/20150119_jarvis_jeff_dld_128.mp3\"},\"playlist\":[{\"autoPlay\":false,\"url\":\"http:\\\/\\\/www.wwwagner.tv\\\/audio\\\/20150119_jarvis_jeff_dld_128.mp3\"}],\"play\":{\"opacity\":0}}' \/>  No audio playback capabilities, please download the audio below<br \/><strong>Download Audio:<\/strong> Closed Format: <a href=\"http:\/\/www.wwwagner.tv\/audio\/20150119_jarvis_jeff_dld_128.mp3\">MP3<\/a> <\/object> <!-- Generated by HTML5 Multimedia Framework (http:\/\/code.google.com\/p\/html5videoplayer) --> <\/audio>  \n<div style=\"height: 20px;\"><\/div>\n<blockquote><p>&#8222;Wir m\u00fcssen daf\u00fcr sorgen, dass die Meinungsfreiheit erhalten bleibt&#8220;<\/p><\/blockquote>\n<div style=\"height: 10px;\"><\/div>\n<p><u>Wer<\/u>: <a href=\"http:\/\/de.wikipedia.org\/wiki\/Jeff_Jarvis\" target=\"_blank\" rel=\"noopener noreferrer\">Jeff Jarvis<\/a>, Journalist, Blogger, Professor<br \/>\n<u>Wo<\/u>: M\u00fcnchen, <a href=\"http:\/\/dld-conference.com\/\" target=\"_blank\" rel=\"noopener noreferrer\">DLD<\/a><br \/>\n<u>Was<\/u>: Interview zum Journalismus nach Paris, zur DLD 2015<br \/>\n<u>Wann<\/u>: rec.: 19.01.2015\/12:18 Uhr; ver\u00f6ffentlicht im <a href=\"http:\/\/bit.ly\/1yW50IH\" target=\"_blank\" rel=\"noopener noreferrer\">radioeins-Medienmagazin, rbb, 24.01.2015<\/a>\/18:25 Uhr<\/p>\n<p><u>Vgl<\/u>.:<br \/>\n* Interview mit <a href=\"http:\/\/bit.ly\/1JvAGrt\" target=\"_blank\" rel=\"noopener noreferrer\">Jochen Wegner<\/a>, Chefredakteur, zeit.de<\/p>\n<div style=\"height: 20px;\"><\/div>\n<hr \/>\n<div id='stb-container-5152' class='stb-container-css stb-custom-container stb-no-caption stb-image-none stb-ltr stb-border stb-side'><aside class='stb-icon'><img src='http:\/\/www.wwwagner.tv\/wp-content\/plugins\/wp-special-textboxes\/themes\/stb-dark\/heart.png'><\/aside><div id='stb-box-5152' class='stb-custom_box stb-box' ><\/p>\n<p>(w\u00f6rtliches Transkript, H\u00f6rverst\u00e4ndnisfehler vorbehalten)<\/p>\n<div style=\"height: 20px;\"><\/div>\n<blockquote><p>\n<u>J\u00f6rg Wagner<\/u>: <strong>Brauchen wir einen neuen Journalismus nach Paris?<\/strong><\/p>\n<p><u>Jeff Jarvis<\/u>: Nein, wir m\u00fcssen daf\u00fcr sorgen, dass die Meinungsfreiheit erhalten bleibt, ganz besonders jetzt nach Paris. Ich denke nicht, dass sich der Journalismus speziell nach Paris \u00e4ndern muss. Er muss sich insgesamt den neuen M\u00f6glichkeiten anpassen, die es gibt, um Journalismus zu machen. Aber, es ist mehr denn je wichtig zu vermitteln, dass Meinungsfreiheit von Bedeutung ist. Und es ist nicht nur eine Freiheit, es ist auch eine Verantwortung.<\/p>\n<p><u>J\u00f6rg Wagner<\/u>: <strong>K\u00f6nnen Sie das genauer beschreiben, wie Journalismus nach Paris sein sollte? K\u00f6nnen Sie mir einen Rat geben, f\u00fcr mich als Journalist?<\/strong><\/p>\n<p><u>Jeff Jarvis<\/u>: Ich habe die Bef\u00fcrchtung, dass der Journalismus in Gefahr ist. Wenn Sie allein sehen, wie viele Journalisten im vergangenen Jahr umgebracht oder bedroht worden sind und was mit den Journalisten von \u201eCharlie Hebdo\u201c geschehen ist. Oder was gerade einem Blogger in Saudi-Arabien widerf\u00e4hrt, der f\u00fcr das, was er geschrieben hat, ausgepeitscht wird \u2013 dann denke ich, dass dies alles leider ein Grund f\u00fcr Journalisten ist, vorsichtiger zu sein. Und zeitgleich hat der Chefredakteur von Zeit Online Jochen Wegner in einem sehr guten <a href=\"http:\/\/www.zeit.de\/politik\/deutschland\/2015-01\/charlie-hebdo-zeit-online-journalismus\" target=\"_blank\" rel=\"noopener noreferrer\">Artikel<\/a> seinen Newsroom in Berlin beschrieben, der von der Stra\u00dfe nur getrennt durch Fensterglas ist. Genau so sollte Journalismus sein. Er sollte direkt auf die Stra\u00dfe gehen und sich mit den Menschen verbinden. Gleichzeitig sind wir mehr gef\u00e4hrdet. Wir sollten vorsichtig sein und aber uns trotzdem mit der \u00d6ffentlichkeit verbinden. Wir Journalisten haben heute bessere M\u00f6glichkeiten, direkte Beziehungen mit unserem Publikum aufzubauen, dem wir dienen.<\/p>\n<p><u>J\u00f6rg Wagner<\/u>: <strong>Was ist Ihre Mission hier in M\u00fcnchen, wonach suchen Sie?<\/strong><\/p>\n<p><u>Jeff Jarvis<\/u>: Die DLD ist eine wunderbare Konferenz, denn Burda ist ein sehr gut vernetztes Unternehmen. Die kennen jeden. Wenn die <a href=\"http:\/\/dld-conference.com\/DLDNYCCocktail14\" target=\"_blank\" rel=\"noopener noreferrer\">DLD nach New York kommt<\/a>, begegne ich dort Leuten, von denen ich gar nicht wusste, dass sie New Yorker sind. Das tolle an der DLD ist, dass man \u2013 abgesehen vom Konferenzprogramm \u2013 rumlaufen und kluge Menschen treffen kann. Es macht immer Spa\u00df, das in M\u00fcnchen zu tun.<\/p>\n<\/blockquote>\n<p><\/div><\/div>\n<div style=\"height: 30px;\"><\/div>\n<hr \/>\n<div style=\"height: 5px;\"><\/div>\n<p><html><br \/>\n     <head><\/p>\n<style type=\"text\/css\">\n       body {\n                     background: #DADADA;\n       }\n      <\/style>\n<p>     <\/head><br \/>\n     <body><br \/>\n<\/body><br \/>\n    <\/html><br \/>\n<script src=\"https:\/\/apis.google.com\/js\/plusone.js\" type=\"text\/javascript\">\/\/ < ![CDATA[ {lang: 'de'} \/\/ ]]><\/script><br \/>\n<script src=\"http:\/\/twittercounter.com\/embed\/?username=medienmagazin&amp;style=avatar\" type=\"text\/javascript\"><\/script><\/p>\n<p><noscript><a href=\"http:\/\/twittercounter.com\/medienmagazin\">medienmagazin on Twitter Counter<\/a><\/noscript><\/p>\n<p><\/span><\/p>\n","protected":false},"excerpt":{"rendered":"<p>No audio playback capabilities, please download the audio belowDownload Audio: Closed Format: MP3 &#8222;Wir m\u00fcssen daf\u00fcr sorgen, dass die Meinungsfreiheit erhalten bleibt&#8220; Wer: Jeff Jarvis, Journalist, Blogger, Professor Wo: M\u00fcnchen, DLD Was: Interview zum Journalismus nach Paris, zur DLD 2015 Wann: rec.: 19.01.2015\/12:18 Uhr; ver\u00f6ffentlicht im radioeins-Medienmagazin, rbb, 24.01.2015\/18:25 Uhr Vgl.: * Interview mit Jochen [&hellip;]<\/p>\n","protected":false},"author":2,"featured_media":0,"comment_status":"open","ping_status":"open","sticky":false,"template":"","format":"standard","meta":{"_monsterinsights_skip_tracking":false,"_monsterinsights_sitenote_active":false,"_monsterinsights_sitenote_note":"","_monsterinsights_sitenote_category":0,"footnotes":""},"categories":[17],"tags":[35,222],"class_list":["post-26654","post","type-post","status-publish","format-standard","hentry","category-aktuell","tag-dld","tag-journalismus"],"_links":{"self":[{"href":"https:\/\/www.wwwagner.tv\/index.php?rest_route=\/wp\/v2\/posts\/26654","targetHints":{"allow":["GET"]}}],"collection":[{"href":"https:\/\/www.wwwagner.tv\/index.php?rest_route=\/wp\/v2\/posts"}],"about":[{"href":"https:\/\/www.wwwagner.tv\/index.php?rest_route=\/wp\/v2\/types\/post"}],"author":[{"embeddable":true,"href":"https:\/\/www.wwwagner.tv\/index.php?rest_route=\/wp\/v2\/users\/2"}],"replies":[{"embeddable":true,"href":"https:\/\/www.wwwagner.tv\/index.php?rest_route=%2Fwp%2Fv2%2Fcomments&post=26654"}],"version-history":[{"count":17,"href":"https:\/\/www.wwwagner.tv\/index.php?rest_route=\/wp\/v2\/posts\/26654\/revisions"}],"predecessor-version":[{"id":47736,"href":"https:\/\/www.wwwagner.tv\/index.php?rest_route=\/wp\/v2\/posts\/26654\/revisions\/47736"}],"wp:attachment":[{"href":"https:\/\/www.wwwagner.tv\/index.php?rest_route=%2Fwp%2Fv2%2Fmedia&parent=26654"}],"wp:term":[{"taxonomy":"category","embeddable":true,"href":"https:\/\/www.wwwagner.tv\/index.php?rest_route=%2Fwp%2Fv2%2Fcategories&post=26654"},{"taxonomy":"post_tag","embeddable":true,"href":"https:\/\/www.wwwagner.tv\/index.php?rest_route=%2Fwp%2Fv2%2Ftags&post=26654"}],"curies":[{"name":"wp","href":"https:\/\/api.w.org\/{rel}","templated":true}]}}