{"id":26760,"date":"2015-02-08T11:20:39","date_gmt":"2015-02-08T10:20:39","guid":{"rendered":"http:\/\/www.wwwagner.tv\/?p=26760"},"modified":"2017-10-09T03:19:53","modified_gmt":"2017-10-09T02:19:53","slug":"turi-peter","status":"publish","type":"post","link":"https:\/\/www.wwwagner.tv\/?p=26760","title":{"rendered":"Turi, Peter"},"content":{"rendered":"<figure id=\"attachment_37938\" aria-describedby=\"caption-attachment-37938\" style=\"width: 1100px\" class=\"wp-caption alignnone\"><a href=\"http:\/\/www.wwwagner.tv\/wp-content\/uploads\/20150119_DSC0773_turi_peter_1100-x-546.jpg\"><img loading=\"lazy\" decoding=\"async\" src=\"http:\/\/www.wwwagner.tv\/wp-content\/uploads\/20150119_DSC0773_turi_peter_1100-x-546.jpg\" alt=\"Peter Turi | Foto: \u00a9 J\u00f6rg Wagner\" width=\"1100\" height=\"546\" class=\"size-full wp-image-37938\" srcset=\"https:\/\/www.wwwagner.tv\/wp-content\/uploads\/20150119_DSC0773_turi_peter_1100-x-546.jpg 1100w, https:\/\/www.wwwagner.tv\/wp-content\/uploads\/20150119_DSC0773_turi_peter_1100-x-546-300x149.jpg 300w, https:\/\/www.wwwagner.tv\/wp-content\/uploads\/20150119_DSC0773_turi_peter_1100-x-546-768x381.jpg 768w, https:\/\/www.wwwagner.tv\/wp-content\/uploads\/20150119_DSC0773_turi_peter_1100-x-546-1024x508.jpg 1024w\" sizes=\"auto, (max-width: 1100px) 100vw, 1100px\" \/><\/a><figcaption id=\"caption-attachment-37938\" class=\"wp-caption-text\">Peter Turi | Foto: \u00a9 J\u00f6rg Wagner<\/figcaption><\/figure>\n<div style=\"height: 20px;\"><\/div>\n<blockquote><p><em>&#8222;Wer stehen bleibt, wird \u00fcberholt&#8220;<\/em><\/p><\/blockquote>\n<div style=\"height: 20px;\"><\/div>\n<p><span style=\"font-size: 11pt; font-family: tahoma,arial,helvetica,sans-serif;\">Peter Turi war der erste in Europa, der bereits 1996 einen Tagesdienst \u00fcber Medien im Internet produzierte und heute von \u201eturi4 auf Papier\u201c tr\u00e4umt. Noch 2015 soll es losgehen, wie <a href=\"http:\/\/www.turi2.de\/aktuell\/hoer-tipp-peter-turi-traeumt-von-turivier-auf-papier\/\" target=\"_blank\">turi2 am 10.02.2015<\/a> bekannt gibt.<\/span><\/p>\n<div style=\"height: 30px;\"><\/div>\n <audio   controls > <source src=\"http:\/\/www.wwwagner.tv\/audio\/20150119_turi_peter_64.mp3\" type='audio\/mpeg' \/> <object   type=\"application\/x-shockwave-flash\"  data=\"https:\/\/www.wwwagner.tv\/wp-content\/plugins\/wphtml5player\/inc\/flowplayer.swf\"  width=\"400\"  height=\"30\"> <param name=\"movie\" value='https:\/\/www.wwwagner.tv\/wp-content\/plugins\/wphtml5player\/inc\/flowplayer.swf' \/><param name=\"allowfullscreen\" value='false' \/><param name=\"cachebusting\" value='true' \/><param name=\"bgcolor\" value='#000000' \/><param name=\"flashvars\" value='config={\"plugins\":{\"controls\":{\"height\":30,\"autoHide\":false,\"fullscreen\":false}},\"clip\":{\"autoPlay\":false,\"url\":\"http:\\\/\\\/www.wwwagner.tv\\\/audio\\\/20150119_turi_peter_64.mp3\"},\"playlist\":[{\"autoPlay\":false,\"url\":\"http:\\\/\\\/www.wwwagner.tv\\\/audio\\\/20150119_turi_peter_64.mp3\"}],\"play\":{\"opacity\":0}}' \/>  No audio playback capabilities, please download the audio below<br \/><strong>Download Audio:<\/strong> Closed Format: <a href=\"http:\/\/www.wwwagner.tv\/audio\/20150119_turi_peter_64.mp3\">MP3<\/a> <\/object> <!-- Generated by HTML5 Multimedia Framework (http:\/\/code.google.com\/p\/html5videoplayer) --> <\/audio>  \n<div style=\"height: 10px;\"><\/div>\n<p><u>Was<\/u>: Interview zur Neuausrichtung von <a href=\"http:\/\/www.turi2.de\/\" target=\"_blank\">turi2<\/a><br \/>\n<u>Wer<\/u>: Peter Turi, Medienjournalist, Onlineverleger<br \/>\n<u>Wo<\/u>: M\u00fcnchen<br \/>\n<u>Wann<\/u>: 19.01.2015; ver\u00f6ffentlicht in einer 4-Minutenfassung 08.02.2015, 10:44\/15:24 Uhr, rbb-Medienmagazin, Inforadio<\/p>\n<div style=\"height: 20px;\"><\/div>\n<blockquote class=\"twitter-tweet tw-alignnone\" lang=\"de\">\n<p>J\u00f6rg Wagner (<a href=\"https:\/\/twitter.com\/medienmagazin\">@medienmagazin<\/a>) hat&#39;s rausbekommen: &quot;turi4 kommt auf Papier&quot;. Zusatzinfo: noch 2015. <a href=\"https:\/\/twitter.com\/hashtag\/printgewinnt?src=hash\">#printgewinnt<\/a> <a href=\"http:\/\/t.co\/LoyfDrzW5A\">http:\/\/t.co\/LoyfDrzW5A<\/a><\/p>\n<p>&mdash; turi2 (@turi2) <a href=\"https:\/\/twitter.com\/turi2\/status\/564996955731161088\">10. Februar 2015<\/a><\/p><\/blockquote>\n<p><script async src=\"\/\/platform.twitter.com\/widgets.js\" charset=\"utf-8\"><\/script><\/p>\n<p><a href=\"http:\/\/www.wwwagner.tv\/wp-content\/uploads\/20150210_12.22.08_turi2_600.jpg\"><img loading=\"lazy\" decoding=\"async\" class=\"alignnone size-full wp-image-26776\" src=\"http:\/\/www.wwwagner.tv\/wp-content\/uploads\/20150210_12.22.08_turi2_600.jpg\" alt=\"turi2, 10.02.2015\" width=\"600\" height=\"342\" srcset=\"https:\/\/www.wwwagner.tv\/wp-content\/uploads\/20150210_12.22.08_turi2_600.jpg 600w, https:\/\/www.wwwagner.tv\/wp-content\/uploads\/20150210_12.22.08_turi2_600-300x171.jpg 300w\" sizes=\"auto, (max-width: 600px) 100vw, 600px\" \/><\/a><\/p>\n<hr \/>\n<div id='stb-container-7055' class='stb-container-css stb-grey-container stb-no-caption stb-image-none stb-ltr stb-border stb-side'><aside class='stb-icon'><img src='http:\/\/www.wwwagner.tv\/wp-content\/plugins\/wp-special-textboxes\/themes\/stb-dark\/gears.png'><\/aside><div id='stb-box-7055' class='stb-grey_box stb-box' ><br \/>\n(w\u00f6rtliches Transkript)<\/p>\n<div style=\"height: 20px;\"><\/div>\n<p><a href=\"http:\/\/www.wwwagner.tv\/wp-content\/uploads\/20150119-_DSC0766_turi_peter_4001.jpg\"><img loading=\"lazy\" decoding=\"async\" class=\"alignleft size-full wp-image-26743\" src=\"http:\/\/www.wwwagner.tv\/wp-content\/uploads\/20150119-_DSC0766_turi_peter_4001.jpg\" alt=\"20150119-_DSC0766_turi_peter_400\" width=\"400\" height=\"252\" srcset=\"https:\/\/www.wwwagner.tv\/wp-content\/uploads\/20150119-_DSC0766_turi_peter_4001.jpg 400w, https:\/\/www.wwwagner.tv\/wp-content\/uploads\/20150119-_DSC0766_turi_peter_4001-300x189.jpg 300w\" sizes=\"auto, (max-width: 400px) 100vw, 400px\" \/><\/a> <\/p>\n<blockquote><p>00:00<br \/>\n<u>Peter Turi<\/u>: Ja, ich bin Peter Turi, Medienjournalist, Online-Verleger<\/p>\n<p><u>J\u00f6rg Wagner<\/u>: &#8230; bekannt durch turi2, einem Newsaggregator, der sehr meinungsstark ist, also nicht &#8222;nur&#8220; Medien screent, nur, um etwas zusammen zu fassen, sondern auch einzuordnen. Ich habe irgendwie den Verdacht, dass gerade so eine neue Phase eingetreten ist. Es poppte mal kurz das Stichwort turi3 auf. Vielleicht erkl\u00e4ren Sie kurz mal, was Sie vorhaben.<\/p>\n<p>00:27<br \/>\n<u>Peter Turi<\/u>: Es geht immer weiter in dem Mediengesch\u00e4ft. Das Internet treibt uns voran. Wer stehen bleibt, wird \u00fcberholt. Ich habe 1996 &#8230; war ich der erste in Europa, der einen Tagesdienst gemacht hat im Internet. Da war noch kaum jemand im Internet. Das war dann irgendwann nicht mehr genug. 2007 haben wir einen Dienst gemacht, wo wir morgens um 8 schon zusammentragen, was so in der Zeitung steht, was \u00fcber Nacht im Internet in den USA passiert ist und &#8230; nach dem Prinzip der B\u00e4cker steht drei Stunden vor dem Kunden auf, damit der seine Br\u00f6tchen zum Fr\u00fchst\u00fcck hat. Und jetzt haben wir gesagt, eigentlich im Zeitalter von Twitter und Facebook und Blogs ist es nicht genug nur morgens pr\u00e4sent zu sein, jetzt machen 24 Stunden am Tag. Einer sorgt immer daf\u00fcr, dass die neuesten News, die wir zusammentragen &#8211; im Internet ist ja alles leicht zu kriegen heutzutage &#8211; dass die immer auf unserer Plattform zugreifbar sind f\u00fcr Leute, die sich interessieren: Was passiert jetzt gerade in der Medienwelt?<\/p>\n<p>01:22<br \/>\n<u>J\u00f6rg Wagner<\/u>: Es gibt den Trend bei online-Medien, Leute nach Australien zu schicken, damit die in der Nacht bei Tageslicht jenseits der biologischen Uhr aktiv sein k\u00f6nnen, wenn in Deutschland alle schlafen und trotzdem man den Eindruck hat, z. B. bei Spiegel Online \u2013 ah, da ist ja jemand wach. Nun wei\u00df ich auch, dass in den USA jemand zuf\u00e4llig v\u00f6llig dort gearbeitet hat f\u00fcr Sie und dass sie auch immer wieder neue interessante Mitarbeiter gewinnen wollen, aber jetzt so ein bisschen auch konzeptionell b\u00fcndeln wollen, also dass da mehr Leistung und auch mehr Konzept dahinter steckt.<\/p>\n<p>01:55<br \/>\n<u>Peter Turi<\/u>: Also, wir haben in der Tat ab 2007 einen Menschen gehabt, der in Los Angeles eine tollen Job gemacht hat, wenn der Strom ausgefallen ist bei ihm da in der Wohnung, da ist zum n\u00e4chsten McDonald&#8217;s nach Santa Barbara gefahren. Der hat also \u00fcber Jahre jede Nacht bedient und ist nie ausgefallen und zwar fantastisch, aber der hat dann einen anderen Job gekriegt und seitdem machen wir es so, dass im Wechsel die vier, f\u00fcnf Redakteure, die bei uns arbeiten die Nachtschicht machen. Und Nachtschicht hei\u00dft von abends um acht bis nachts um drei, halt wach bleiben, Kaffeetrinken, starken Kaffee trinken und gucken, checken, was ist los im Internet? Was passiert in der Medienwelt?<\/p>\n<p>02:31<br \/>\n<u>J\u00f6rg Wagner<\/u>: Was treibt Sie eigentlich, au\u00dfer dass Ihr Name verbreitet wird als Marke und dass Sie kommend von Kress, einem anderen Dienst ja zeigen, wie man es auch machen kann oder besser machen kann sogar?<\/p>\n<p><u>Peter Turi<\/u>: Also, ich bin der Sohn eines Bauern. Und ein Bauer bearbeitet immer ganz gern seine eigene Scholle. Der ist nicht geeignet als Angestellter. Ich habe schon nach der Journalistenschule vor 30 Jahren schon ein eigenes kleines Journalistenb\u00fcro aufgemacht. Damals schon das Thema: Medien. Ich habe dann den kleinen kress-report gekauft mit einem Kollegen zusammen aus dem Journalistenb\u00fcro. Es ist vielleicht &#8230; man k\u00f6nnte sagen, ich bin sozial nicht kompatibel. Ich passe nicht in Redaktionen rein. Ich brauche immer mein eigenes Umfeld. Und das treibt mich an, dass ich die Welt nach meinen &#8230; die kleine Medienwelt nach meinen Ideen ordnen kann. <\/p>\n<p>03:15<br \/>\n<u>J\u00f6rg Wagner<\/u>: Aber Sie ordnen nicht nur, Sie sind auch meinungsstark. Man liest \u00f6fter in Ihrem Dienst, was <strong>Sie<\/strong> denken oder wen Sie interviewen.<\/p>\n<p>03:22<br \/>\n<u>Peter Turi<\/u>: Ich bin jetzt 53 Jahre alt. Und mache seit 30 Jahren Medien-Themen. Also, ich kann mir einfach anma\u00dfen, bei der einen oder anderen Thematik, eine Meinung zu haben. Und ich wei\u00df auch, dass der eine oder andere Leser das sch\u00e4tzt, dass es eine Einsch\u00e4tzung gibt und dass keine PR transportiert wird bei uns, sondern, dass wir versuchen zu sagen, nach dem alten Rudolf-Augstein-Motto &#8218;Sagen, was ist&#8216;, also unsere Meinung einbringen. Das sehen wir als legitim, ja. <\/p>\n<p>03:46<br \/>\n<u>J\u00f6rg Wagner<\/u>: Mit dem Leistungsschutzrecht wird ja so ein bisschen diffamiert, was Aggregatoren machen. Sie sind ja keine Maschine, sondern das wird ja journalistisch in einen Kontext gehoben, aber &#8230; aber dennoch, haben Sie Probleme gehabt, seitdem die eigentlich ja Google treffen sollende Leistungsschutzrecht-Gesetzgebung in Kraft trat?<\/p>\n<p>04:03<br \/>\n<u>Peter Turi<\/u>: Ja, das trifft uns gar nicht, weil wir keine einzige Zeile irgendwie \u00fcbernehmen, sondern wir schauen uns Nachrichten an und machen dann die Augen zu. Denken einmal nach, was w\u00fcrden wir jetzt einem guten Freund am Telefon erz\u00e4hlen \u00fcber das Thema. Dann sagen wir 2 bis 3 Sitze dazu, die kurz und knapp sein m\u00fcssen, aber es sind immer unsere eigenen S\u00e4tze. Und wenn wir was zitieren, dann machen wir Anf\u00fchrungszeichen hin. Und wir haben keine Problem damit, dass Leute von uns nicht aggregiert werden wollen, sondern wir haben h\u00f6chstens Anrufe, warum habt ihr uns nicht mitgenommen. Wir haben auch etwas dazu geschrieben. Also die Leute wollen auf dieser Plattform wahrgenommen werden. <\/p>\n<p>04:35<br \/>\n<u>J\u00f6rg Wagner<\/u>: Wenn ich das jetzt richtig mathematisch zur\u00fcckverfolge &#8217;96, 2007, 2014\/15 ist so alle sieben Jahre ein Zyklus bei Ihnen oder alle zehn Jahre ein Zyklus bei Ihnen, sich zu erneuern. Wo sind Sie in zehn Jahren, was &#8230; wovon tr\u00e4umen Sie?<\/p>\n<p>04:51<br \/>\n<u>Peter Turi<\/u>: Also, alle sieben Jahre gibt&#8217;s auch so eine Philosophie und sch\u00f6nes Lied, das wir immer gern im Chor singen: &#8218;Alle sieben Jahre \u00e4ndert sich dein Leben&#8216;. Das ist auch so, dass man alle paar Jahre mal neu auf sein Leben, auf seine Arbeit schaut und eine solche Phase hatten wir jetzt gerade, wo wir gesagt haben, wir brauchen keine Homepage mehr, weil es gibt keine Leute mehr, die Homepages besuchen, sondern alle Leute sind Streams drin. Sie haben ihren facebook-Stream, haben ihren twitter-Stream. Und deswegen haben wir gesagt, wir hauen unsere Homepage zusammen in einen Stream, die auf dem Handy genutzt werden kann und da ergeben sich neue Dinge. Was ich in sieben Jahren gerne h\u00e4tte, w\u00e4re Print. B\u00fccher. Ein Monatsmagazin turi2. Klar, ich komme von Print und ich brenne f\u00fcr Print und irgendwann gibt es turi2 gedruckt. Auf jeden Fall.<\/p>\n<p>05:36<br \/>\n<u>J\u00f6rg Wagner<\/u>: Aber, Sie verbreiten selbst, dass Print tot ist. Wieso glauben Sie , dass auf einmal Papier wieder interessant wird?<\/p>\n<p>05:41<br \/>\n<u>Peter Turi<\/u>: Also, ich habe nie gesagt, dass Print tot ist &#8230;<\/p>\n<p>05:43<br \/>\n<u>J\u00f6rg Wagner<\/u>: Nee, Sie verbreiten es ja, weil es andere sagen. Sie aggregieren es ja und &#8230; wenn man genau Ihren Dienst liest, wird man keine andere Meinung feststellen, au\u00dfer dass man &#8230; Springer spricht, also D\u00f6pfner spricht davon, dass &#8230; dass das Internet ein digitaler Speicher ist und Papier \u00e4hnlich usw. usf. aber &#8230; aber trotzdem glaubt doch keiner mehr an Papier wirklich.<\/p>\n<p>06:03<br \/>\n<u>Peter Turi<\/u>: Also, ich glaube absolut an Papier. Ich tu&#8216; mich auch jeden Tag eine Stunde, zwei Stunden lang ausst\u00f6pseln, mache alle Ger\u00e4te aus, nehme mir die sch\u00f6nen Zeitschriften, Zeitungen habe ich morgens f\u00fcnf, Zeitschriften habe ich fast alle, die wichtig sind, also 50, 60 Zeitschriften im Monat und ich nehme mir jeden Abend ein bis zwei Stunden, wo ich alle St\u00f6psel rausziehe, weil Zeitschriften, Gedrucktes hat eine andere Qualit\u00e4t in der Tiefe. Im Internet wartet immer der n\u00e4chste Klick auf mich, der n\u00e4chste Link. W\u00e4hrend ich im Internet lese, poppt eine Twitter-Meldung auf, kommt eine E-Mail rein. Wenn ich den Computer ausschalte und ein gedrucktes Magazin in die Hand nehme, dann wei\u00df ich schon physisch, sehe ich den Anfang und Ende. Deswegen kann ich in Ruhe dieses lesen. Deswegen glaube ich, dass es eine absolute Zukunft gibt f\u00fcr Print. Genauso, wie es ja weiterhin Pferde gibt, obwohl keiner mehr mit dem Pferd zur Arbeit reitet, aber es gibt heute in Deutschland mehr Pferde als vor 100 Jahren, als sie f\u00fcr Bauer noch wichtig waren. Sie sind Luxusg\u00fcter geworden. Und ich denke, ein gut gemachtes Printmagazin hat eine absolute Zukunft. Und ich habe schon mal Print gemacht. Ich habe mal den kress-report gedruckt gemacht und ich werde irgendwann ein gedrucktes Magazin wieder machen. Mit Sicherheit. <\/p>\n<p>07:14<br \/>\n<u>J\u00f6rg Wagner<\/u>: Turi4 dann auf Papier. Reimt sich sogar. Sch\u00f6nen Dank, Peter Turi. Und viel Erfolg dabei!<\/p>\n<p>07:19<br \/>\n<u>Peter Turi<\/u>: Turi4 auf Papier \u2013 das ist es! Genau.<\/p><\/blockquote>\n<p><\/div><\/div>\n<div style=\"height: 10px;\"><\/div>\n<hr \/>\n<p>(Fotos: \u00a9 J\u00f6rg Wagner; Screenshot: turi2)<\/p>\n<div style=\"height: 5px;\"><\/div>\n<p><html><br \/>\n     <head><\/p>\n<style type=\"text\/css\">\n       body {\n                     background: #DADADA;\n       }\n      <\/style>\n<p>     <\/head><br \/>\n     <body><br \/>\n<\/body><br \/>\n    <\/html><br \/>\n<script src=\"https:\/\/apis.google.com\/js\/plusone.js\" type=\"text\/javascript\">\/\/ < ![CDATA[ {lang: 'de'} \/\/ ]]><\/script><br \/>\n<script src=\"http:\/\/twittercounter.com\/embed\/?username=medienmagazin&amp;style=avatar\" type=\"text\/javascript\"><\/script><\/p>\n<p><noscript><a href=\"http:\/\/twittercounter.com\/medienmagazin\">medienmagazin on Twitter Counter<\/a><\/noscript><\/p>\n","protected":false},"excerpt":{"rendered":"<p>&#8222;Wer stehen bleibt, wird \u00fcberholt&#8220; Peter Turi war der erste in Europa, der bereits 1996 einen Tagesdienst \u00fcber Medien im Internet produzierte und heute von \u201eturi4 auf Papier\u201c tr\u00e4umt. Noch 2015 soll es losgehen, wie turi2 am 10.02.2015 bekannt gibt. No audio playback capabilities, please download the audio belowDownload Audio: Closed Format: MP3 Was: Interview [&hellip;]<\/p>\n","protected":false},"author":2,"featured_media":0,"comment_status":"open","ping_status":"open","sticky":false,"template":"","format":"standard","meta":{"_monsterinsights_skip_tracking":false,"_monsterinsights_sitenote_active":false,"_monsterinsights_sitenote_note":"","_monsterinsights_sitenote_category":0,"footnotes":""},"categories":[114,135],"tags":[568],"class_list":["post-26760","post","type-post","status-publish","format-standard","hentry","category-a-z","category-t","tag-turi2"],"_links":{"self":[{"href":"https:\/\/www.wwwagner.tv\/index.php?rest_route=\/wp\/v2\/posts\/26760","targetHints":{"allow":["GET"]}}],"collection":[{"href":"https:\/\/www.wwwagner.tv\/index.php?rest_route=\/wp\/v2\/posts"}],"about":[{"href":"https:\/\/www.wwwagner.tv\/index.php?rest_route=\/wp\/v2\/types\/post"}],"author":[{"embeddable":true,"href":"https:\/\/www.wwwagner.tv\/index.php?rest_route=\/wp\/v2\/users\/2"}],"replies":[{"embeddable":true,"href":"https:\/\/www.wwwagner.tv\/index.php?rest_route=%2Fwp%2Fv2%2Fcomments&post=26760"}],"version-history":[{"count":60,"href":"https:\/\/www.wwwagner.tv\/index.php?rest_route=\/wp\/v2\/posts\/26760\/revisions"}],"predecessor-version":[{"id":37939,"href":"https:\/\/www.wwwagner.tv\/index.php?rest_route=\/wp\/v2\/posts\/26760\/revisions\/37939"}],"wp:attachment":[{"href":"https:\/\/www.wwwagner.tv\/index.php?rest_route=%2Fwp%2Fv2%2Fmedia&parent=26760"}],"wp:term":[{"taxonomy":"category","embeddable":true,"href":"https:\/\/www.wwwagner.tv\/index.php?rest_route=%2Fwp%2Fv2%2Fcategories&post=26760"},{"taxonomy":"post_tag","embeddable":true,"href":"https:\/\/www.wwwagner.tv\/index.php?rest_route=%2Fwp%2Fv2%2Ftags&post=26760"}],"curies":[{"name":"wp","href":"https:\/\/api.w.org\/{rel}","templated":true}]}}