{"id":27372,"date":"2015-04-11T18:09:52","date_gmt":"2015-04-11T17:09:52","guid":{"rendered":"http:\/\/www.wwwagner.tv\/?p=27372"},"modified":"2015-04-14T18:07:49","modified_gmt":"2015-04-14T17:07:49","slug":"cyber-war-tv-sender-hacken","status":"publish","type":"post","link":"https:\/\/www.wwwagner.tv\/?p=27372","title":{"rendered":"Cyber-War: TV-Sender hacken"},"content":{"rendered":"<div style=\"height: 70px;\"><\/div>\n<p><span style=\"color: #ffa500;\"><span style=\"font-size: large;\"><em>&#8222;Wir sind eigentlich mittendrin in einem Cyber-War&#8220;<\/em><\/span><\/span><\/p>\n<div style=\"height: 10px;\"><\/div>\n<p><a href=\"http:\/\/www.wwwagner.tv\/wp-content\/uploads\/20150411_2010_thevessen_elmar_600.jpg\"><img loading=\"lazy\" decoding=\"async\" src=\"http:\/\/www.wwwagner.tv\/wp-content\/uploads\/20150411_2010_thevessen_elmar_600.jpg\" alt=\"20150411_2010_thevessen_elmar_600\" width=\"600\" height=\"333\" class=\"alignnone size-full wp-image-27373\" srcset=\"https:\/\/www.wwwagner.tv\/wp-content\/uploads\/20150411_2010_thevessen_elmar_600.jpg 600w, https:\/\/www.wwwagner.tv\/wp-content\/uploads\/20150411_2010_thevessen_elmar_600-300x167.jpg 300w\" sizes=\"auto, (max-width: 600px) 100vw, 600px\" \/><\/a><\/p>\n<div style=\"height: 20px;\"><\/div>\n<p>Sendest\u00f6rung beim franz\u00f6sischen Sender TV5 Monde &#8211; was ist technisch passiert?<br \/>\nSind Fernsehsender auf \u00e4u\u00dfere St\u00f6rungen vorbereitet?<\/p>\n<div style=\"height: 30px;\"><\/div>\n<p> <audio   controls > <source src=\"http:\/\/download.radioeins.de\/mp3\/medienmagazin\/mm20150411_0_1.mp3\" type='audio\/mpeg' \/> <object   type=\"application\/x-shockwave-flash\"  data=\"https:\/\/www.wwwagner.tv\/wp-content\/plugins\/wphtml5player\/inc\/flowplayer.swf\"  width=\"400\"  height=\"30\"> <param name=\"movie\" value='https:\/\/www.wwwagner.tv\/wp-content\/plugins\/wphtml5player\/inc\/flowplayer.swf' \/><param name=\"allowfullscreen\" value='false' \/><param name=\"cachebusting\" value='true' \/><param name=\"bgcolor\" value='#000000' \/><param name=\"flashvars\" value='config={\"plugins\":{\"controls\":{\"height\":30,\"autoHide\":false,\"fullscreen\":false}},\"clip\":{\"autoPlay\":false,\"url\":\"http:\\\/\\\/download.radioeins.de\\\/mp3\\\/medienmagazin\\\/mm20150411_0_1.mp3\"},\"playlist\":[{\"autoPlay\":false,\"url\":\"http:\\\/\\\/download.radioeins.de\\\/mp3\\\/medienmagazin\\\/mm20150411_0_1.mp3\"}],\"play\":{\"opacity\":0}}' \/>  No audio playback capabilities, please download the audio below<br \/><strong>Download Audio:<\/strong> Closed Format: <a href=\"http:\/\/download.radioeins.de\/mp3\/medienmagazin\/mm20150411_0_1.mp3\">MP3<\/a> <\/object> <!-- Generated by HTML5 Multimedia Framework (http:\/\/code.google.com\/p\/html5videoplayer) --> <\/audio>  <br \/>\n<a href=\"http:\/\/download.radioeins.de\/mp3\/medienmagazin\/mm20150411_0_1.mp3\" target=\"_blank\">Download<\/a><span style=\"color: #888888;\"> (verlinkte Audio-Quelle: rbb, radioeins)<\/span><\/p>\n<div style=\"height: 10px;\"><\/div>\n<p><span style=\"color: #FFA500;\">Wer:<\/span> Elmar Theve\u00dfen, Terrorismusexperte, Stellvertretender ZDF-Chefredakteur, Leiter der Hauptredaktion Aktuelles<br \/>\n<span style=\"color: #FFA500;\">Was:<\/span> Interview \u00fcber Hacking, Cyber-War und die Schwachstellen in IT-Systemen<br \/>\n<span style=\"color: #FFA500;\">Wann:<\/span> rec.: 11.04.2015, 10:00 Uhr; ver\u00f6ffentlicht im radioeins-Medienmagazin (rbb) vom 11.04.2015, 18:09 Uhr und in einer gek\u00fcrzten Fassung im rbb Inforadio, 12.04.2015, 10:44, 15:24 Uhr<\/p>\n<div style=\"height: 10px;\"><\/div>\n<div style=\"height: 10px;\"><\/div>\n<figure id=\"attachment_27387\" aria-describedby=\"caption-attachment-27387\" style=\"width: 400px\" class=\"wp-caption alignnone\"><a href=\"http:\/\/www.wwwagner.tv\/wp-content\/uploads\/20150410_tvmonde5_server1_400.jpg\"><img loading=\"lazy\" decoding=\"async\" src=\"http:\/\/www.wwwagner.tv\/wp-content\/uploads\/20150410_tvmonde5_server1_400.jpg\" alt=\"Betroffener TV5Monde-Server\" width=\"400\" height=\"225\" class=\"size-full wp-image-27387\" srcset=\"https:\/\/www.wwwagner.tv\/wp-content\/uploads\/20150410_tvmonde5_server1_400.jpg 400w, https:\/\/www.wwwagner.tv\/wp-content\/uploads\/20150410_tvmonde5_server1_400-300x169.jpg 300w\" sizes=\"auto, (max-width: 400px) 100vw, 400px\" \/><\/a><figcaption id=\"caption-attachment-27387\" class=\"wp-caption-text\">Betroffener TV5Monde-Server<\/figcaption><\/figure>\n<div style=\"height: 10px;\"><\/div>\n<figure id=\"attachment_27394\" aria-describedby=\"caption-attachment-27394\" style=\"width: 400px\" class=\"wp-caption alignnone\"><a href=\"http:\/\/www.wwwagner.tv\/wp-content\/uploads\/20150410_tvmonde5_400.jpg\"><img loading=\"lazy\" decoding=\"async\" src=\"http:\/\/www.wwwagner.tv\/wp-content\/uploads\/20150410_tvmonde5_400.jpg\" alt=\"Passw\u00f6rter und Telefonnummern bei TV5Monde\" width=\"400\" height=\"225\" class=\"size-full wp-image-27394\" srcset=\"https:\/\/www.wwwagner.tv\/wp-content\/uploads\/20150410_tvmonde5_400.jpg 400w, https:\/\/www.wwwagner.tv\/wp-content\/uploads\/20150410_tvmonde5_400-300x169.jpg 300w\" sizes=\"auto, (max-width: 400px) 100vw, 400px\" \/><\/a><figcaption id=\"caption-attachment-27394\" class=\"wp-caption-text\">Passw\u00f6rter und Telefonnummern bei TV5Monde<\/figcaption><\/figure>\n<div style=\"height: 10px;\"><\/div>\n<p><span style=\"color: #FFA500;\">Vgl.:<\/span><\/p>\n<p>* Nachricht von Yves Bigot, Generaldirektor von TV5 Monde nach einem Cyber-Angriff, 08.04.2015<br \/>\n<div class=\"BorlabsCookie\"><div class=\"_brlbs-content-blocker\"> <div class=\"_brlbs-embed _brlbs-video-youtube\"> <img class=\"_brlbs-thumbnail\" src=\"https:\/\/www.wwwagner.tv\/wp-content\/plugins\/borlabs-cookie\/images\/cb-no-thumbnail.png\" alt=\"YouTube\"> <div class=\"_brlbs-caption\"> <p>Mit dem Laden des Videos akzeptieren Sie die Datenschutzerkl\u00e4rung von YouTube.<br><a href=\"https:\/\/policies.google.com\/privacy\" target=\"_blank\" rel=\"nofollow noopener noreferrer\">Mehr erfahren<\/a><\/p> <p><a class=\"_brlbs-btn _brlbs-icon-play-white\" href=\"#\" data-borlabs-cookie-unblock role=\"button\">Video laden<\/a><\/p> <p><label><input type=\"checkbox\" name=\"unblockAll\" value=\"1\" checked> <small>YouTube immer entsperren<\/small><\/label><\/p> <\/div> <\/div> <\/div><div class=\"borlabs-hide\" data-borlabs-cookie-type=\"content-blocker\" data-borlabs-cookie-id=\"youtube\"><script type=\"text\/template\">PGlmcmFtZSBsb2FkaW5nPSJsYXp5IiB3aWR0aD0iNDAwIiBoZWlnaHQ9IjMwMCIgc3JjPSJodHRwczovL3d3dy55b3V0dWJlLW5vY29va2llLmNvbS9lbWJlZC8tWFhWTkZzY0YyNCIgZnJhbWVib3JkZXI9IjAiIGFsbG93ZnVsbHNjcmVlbj48L2lmcmFtZT48L3A+<\/script><\/div><\/div>\n<div style=\"height: 10px;\"><\/div>\n<p>* ARD Mittagsmagazin, 09.04.2015<br \/>\n<div class=\"BorlabsCookie\"><div class=\"_brlbs-content-blocker\"> <div class=\"_brlbs-embed _brlbs-video-youtube\"> <img class=\"_brlbs-thumbnail\" src=\"https:\/\/www.wwwagner.tv\/wp-content\/plugins\/borlabs-cookie\/images\/cb-no-thumbnail.png\" alt=\"YouTube\"> <div class=\"_brlbs-caption\"> <p>Mit dem Laden des Videos akzeptieren Sie die Datenschutzerkl\u00e4rung von YouTube.<br><a href=\"https:\/\/policies.google.com\/privacy\" target=\"_blank\" rel=\"nofollow noopener noreferrer\">Mehr erfahren<\/a><\/p> <p><a class=\"_brlbs-btn _brlbs-icon-play-white\" href=\"#\" data-borlabs-cookie-unblock role=\"button\">Video laden<\/a><\/p> <p><label><input type=\"checkbox\" name=\"unblockAll\" value=\"1\" checked> <small>YouTube immer entsperren<\/small><\/label><\/p> <\/div> <\/div> <\/div><div class=\"borlabs-hide\" data-borlabs-cookie-type=\"content-blocker\" data-borlabs-cookie-id=\"youtube\"><script type=\"text\/template\">PGlmcmFtZSBsb2FkaW5nPSJsYXp5IiB3aWR0aD0iNDAwIiBoZWlnaHQ9IjIyNSIgc3JjPSJodHRwczovL3d3dy55b3V0dWJlLW5vY29va2llLmNvbS9lbWJlZC9NMzgzcU1nMjdHTSIgZnJhbWVib3JkZXI9IjAiIGFsbG93ZnVsbHNjcmVlbj48L2lmcmFtZT48L3A+<\/script><\/div><\/div>\n<div style=\"height: 10px;\"><\/div>\n<p>* heute, ZDF, 09.04.2015<br \/>\n<div class=\"BorlabsCookie\"><div class=\"_brlbs-content-blocker\"> <div class=\"_brlbs-embed _brlbs-video-youtube\"> <img class=\"_brlbs-thumbnail\" src=\"https:\/\/www.wwwagner.tv\/wp-content\/plugins\/borlabs-cookie\/images\/cb-no-thumbnail.png\" alt=\"YouTube\"> <div class=\"_brlbs-caption\"> <p>Mit dem Laden des Videos akzeptieren Sie die Datenschutzerkl\u00e4rung von YouTube.<br><a href=\"https:\/\/policies.google.com\/privacy\" target=\"_blank\" rel=\"nofollow noopener noreferrer\">Mehr erfahren<\/a><\/p> <p><a class=\"_brlbs-btn _brlbs-icon-play-white\" href=\"#\" data-borlabs-cookie-unblock role=\"button\">Video laden<\/a><\/p> <p><label><input type=\"checkbox\" name=\"unblockAll\" value=\"1\" checked> <small>YouTube immer entsperren<\/small><\/label><\/p> <\/div> <\/div> <\/div><div class=\"borlabs-hide\" data-borlabs-cookie-type=\"content-blocker\" data-borlabs-cookie-id=\"youtube\"><script type=\"text\/template\">PGlmcmFtZSBsb2FkaW5nPSJsYXp5IiB3aWR0aD0iNDAwIiBoZWlnaHQ9IjIyNSIgc3JjPSJodHRwczovL3d3dy55b3V0dWJlLW5vY29va2llLmNvbS9lbWJlZC9ER2tlSXFlenNXUSIgZnJhbWVib3JkZXI9IjAiIGFsbG93ZnVsbHNjcmVlbj48L2lmcmFtZT48L3A+<\/script><\/div><\/div>\n<div style=\"height: 10px;\"><\/div>\n<blockquote class=\"twitter-tweet\" lang=\"de\">\n<p><a href=\"https:\/\/twitter.com\/medienmagazin\">@medienmagazin<\/a> Ich finde ja die Zettel an der Wand interessant&#10;<a href=\"https:\/\/t.co\/FgkwJkxrP0\">https:\/\/t.co\/FgkwJkxrP0<\/a><\/p>\n<p>&mdash; Mark Sackhaarberg (@Makakke) <a href=\"https:\/\/twitter.com\/Makakke\/status\/586924778210070528\">11. April 2015<\/a><\/p><\/blockquote>\n<p> <script async src=\"\/\/platform.twitter.com\/widgets.js\" charset=\"utf-8\"><\/script><\/p>\n<blockquote class=\"twitter-tweet\" lang=\"de\">\n<p><a href=\"https:\/\/twitter.com\/medienmagazin\">@medienmagazin<\/a> Die Ereignisse bei <a href=\"https:\/\/twitter.com\/hashtag\/TV5MONDE?src=hash\">#TV5MONDE<\/a> lassen den <a href=\"https:\/\/twitter.com\/hashtag\/Netzwerkausfall?src=hash\">#Netzwerkausfall<\/a> bei <a href=\"https:\/\/twitter.com\/hashtag\/Deutschlandradio?src=hash\">#Deutschlandradio<\/a> in einem ganz neuen Licht erscheinen<\/p>\n<p>&mdash; J\u00fcrgen-M. Edelmann (@DRadioLauscher) <a href=\"https:\/\/twitter.com\/DRadioLauscher\/status\/586925115314728960\">11. April 2015<\/a><\/p><\/blockquote>\n<p> <script async src=\"\/\/platform.twitter.com\/widgets.js\" charset=\"utf-8\"><\/script><\/p>\n<blockquote class=\"twitter-tweet\" lang=\"de\">\n<p>&#39;Die gr\u00f6\u00dfte Sicherheitsl\u00fccke sind immer die Mitarbeiter&#39;, sagt <a href=\"https:\/\/twitter.com\/ethevessen\">@ethevessen<\/a> im <a href=\"https:\/\/twitter.com\/medienmagazin\">@medienmagazin<\/a> zum <a href=\"https:\/\/twitter.com\/hashtag\/TV5Monde?src=hash\">#TV5Monde<\/a>-Hack<\/p>\n<p>&mdash; thomas_wiegold (@thomas_wiegold) <a href=\"https:\/\/twitter.com\/thomas_wiegold\/status\/586926437476790272\">11. April 2015<\/a><\/p><\/blockquote>\n<p> <script async src=\"\/\/platform.twitter.com\/widgets.js\" charset=\"utf-8\"><\/script><\/p>\n<div style=\"height: 100px;\"><\/div>\n<p><span style=\"color: #888888;\">(screenshot: \u00a9 ZDF; francetv.info)<\/span><\/p>\n<div style=\"height: 5px;\"><\/div>\n","protected":false},"excerpt":{"rendered":"<p>&#8222;Wir sind eigentlich mittendrin in einem Cyber-War&#8220; Sendest\u00f6rung beim franz\u00f6sischen Sender TV5 Monde &#8211; was ist technisch passiert? Sind Fernsehsender auf \u00e4u\u00dfere St\u00f6rungen vorbereitet? No audio playback capabilities, please download the audio belowDownload Audio: Closed Format: MP3 Download (verlinkte Audio-Quelle: rbb, radioeins) Wer: Elmar Theve\u00dfen, Terrorismusexperte, Stellvertretender ZDF-Chefredakteur, Leiter der Hauptredaktion Aktuelles Was: Interview \u00fcber [&hellip;]<\/p>\n","protected":false},"author":2,"featured_media":0,"comment_status":"open","ping_status":"open","sticky":false,"template":"","format":"standard","meta":{"_monsterinsights_skip_tracking":false,"_monsterinsights_sitenote_active":false,"_monsterinsights_sitenote_note":"","_monsterinsights_sitenote_category":0,"footnotes":""},"categories":[17],"tags":[150,580,50],"class_list":["post-27372","post","type-post","status-publish","format-standard","hentry","category-aktuell","tag-cyber-war","tag-tv5-monde","tag-zdf"],"_links":{"self":[{"href":"https:\/\/www.wwwagner.tv\/index.php?rest_route=\/wp\/v2\/posts\/27372","targetHints":{"allow":["GET"]}}],"collection":[{"href":"https:\/\/www.wwwagner.tv\/index.php?rest_route=\/wp\/v2\/posts"}],"about":[{"href":"https:\/\/www.wwwagner.tv\/index.php?rest_route=\/wp\/v2\/types\/post"}],"author":[{"embeddable":true,"href":"https:\/\/www.wwwagner.tv\/index.php?rest_route=\/wp\/v2\/users\/2"}],"replies":[{"embeddable":true,"href":"https:\/\/www.wwwagner.tv\/index.php?rest_route=%2Fwp%2Fv2%2Fcomments&post=27372"}],"version-history":[{"count":22,"href":"https:\/\/www.wwwagner.tv\/index.php?rest_route=\/wp\/v2\/posts\/27372\/revisions"}],"predecessor-version":[{"id":27402,"href":"https:\/\/www.wwwagner.tv\/index.php?rest_route=\/wp\/v2\/posts\/27372\/revisions\/27402"}],"wp:attachment":[{"href":"https:\/\/www.wwwagner.tv\/index.php?rest_route=%2Fwp%2Fv2%2Fmedia&parent=27372"}],"wp:term":[{"taxonomy":"category","embeddable":true,"href":"https:\/\/www.wwwagner.tv\/index.php?rest_route=%2Fwp%2Fv2%2Fcategories&post=27372"},{"taxonomy":"post_tag","embeddable":true,"href":"https:\/\/www.wwwagner.tv\/index.php?rest_route=%2Fwp%2Fv2%2Ftags&post=27372"}],"curies":[{"name":"wp","href":"https:\/\/api.w.org\/{rel}","templated":true}]}}