{"id":27814,"date":"2015-06-16T21:00:46","date_gmt":"2015-06-16T20:00:46","guid":{"rendered":"http:\/\/www.wwwagner.tv\/?p=27814"},"modified":"2017-03-04T03:37:18","modified_gmt":"2017-03-04T02:37:18","slug":"mainzermediendisput-die-macht-der-internet-konzerne-und-die-ohnmacht-der-politik","status":"publish","type":"post","link":"https:\/\/www.wwwagner.tv\/?p=27814","title":{"rendered":"MainzerMedienDisput: &#8222;Die Macht der Internet-Konzerne und die Ohnmacht der Politik&#8220;"},"content":{"rendered":"<h3><em>&#8222;Daten- und Informationskapitalismus&#8220;<\/em><\/h3>\n<figure id=\"attachment_34794\" aria-describedby=\"caption-attachment-34794\" style=\"width: 1100px\" class=\"wp-caption alignnone\"><a href=\"http:\/\/www.wwwagner.tv\/wp-content\/uploads\/20150616-_DSC3874_mmd_macht_ohnmacht_1100\u2006\u00d7\u2006574.jpg\"><img loading=\"lazy\" decoding=\"async\" style=\"border: 1px solid #000000;\" src=\"http:\/\/www.wwwagner.tv\/wp-content\/uploads\/20150616-_DSC3874_mmd_macht_ohnmacht_1100\u2006\u00d7\u2006574.jpg\" alt=\"Christopher Lauer - Mathias M\u00fcller von Blumencron - Constanze Kurz - Thomas Leif - Torsten Albig - Jan Kottmann - Frank A. Meyer\" width=\"1100\" height=\"574\" class=\"size-full wp-image-34794\" srcset=\"https:\/\/www.wwwagner.tv\/wp-content\/uploads\/20150616-_DSC3874_mmd_macht_ohnmacht_1100\u2006\u00d7\u2006574.jpg 1100w, https:\/\/www.wwwagner.tv\/wp-content\/uploads\/20150616-_DSC3874_mmd_macht_ohnmacht_1100\u2006\u00d7\u2006574-300x157.jpg 300w, https:\/\/www.wwwagner.tv\/wp-content\/uploads\/20150616-_DSC3874_mmd_macht_ohnmacht_1100\u2006\u00d7\u2006574-768x401.jpg 768w, https:\/\/www.wwwagner.tv\/wp-content\/uploads\/20150616-_DSC3874_mmd_macht_ohnmacht_1100\u2006\u00d7\u2006574-1024x534.jpg 1024w\" sizes=\"auto, (max-width: 1100px) 100vw, 1100px\" \/><\/a><figcaption id=\"caption-attachment-34794\" class=\"wp-caption-text\">Christopher Lauer &#8211; Mathias M\u00fcller von Blumencron &#8211; Constanze Kurz &#8211; Thomas Leif &#8211; Torsten Albig &#8211; Jan Kottmann &#8211; Frank A. Meyer<\/figcaption><\/figure>\n<div style=\"height: 20px;\"><\/div>\n<p><span style=\"font-size: 11pt; font-family: tahoma,arial,helvetica,sans-serif;\"><br \/>\nWelche Folgen hat die durch die Digitalisierung bef\u00f6rderte internationale Marktkonzentration auf wenige Internet-Konzerne f\u00fcr den Wettbewerb insgesamt und f\u00fcr die Nutzer der angebotenen Dienstleistungen? Welche Auswirkungen hat die Digitalisierung f\u00fcr unsere demokratischen Strukturen?<\/span><\/p>\n<div style=\"height: 10px;\"><\/div>\n <audio   controls > <source src=\"http:\/\/www.wwwagner.tv\/audio\/20150616_mmd_macht_ohnmacht_64.mp3\" type='audio\/mpeg' \/> <object   type=\"application\/x-shockwave-flash\"  data=\"https:\/\/www.wwwagner.tv\/wp-content\/plugins\/wphtml5player\/inc\/flowplayer.swf\"  width=\"400\"  height=\"30\"> <param name=\"movie\" value='https:\/\/www.wwwagner.tv\/wp-content\/plugins\/wphtml5player\/inc\/flowplayer.swf' \/><param name=\"allowfullscreen\" value='false' \/><param name=\"cachebusting\" value='true' \/><param name=\"bgcolor\" value='#000000' \/><param name=\"flashvars\" value='config={\"plugins\":{\"controls\":{\"height\":30,\"autoHide\":false,\"fullscreen\":false}},\"clip\":{\"autoPlay\":false,\"url\":\"http:\\\/\\\/www.wwwagner.tv\\\/audio\\\/20150616_mmd_macht_ohnmacht_64.mp3\"},\"playlist\":[{\"autoPlay\":false,\"url\":\"http:\\\/\\\/www.wwwagner.tv\\\/audio\\\/20150616_mmd_macht_ohnmacht_64.mp3\"}],\"play\":{\"opacity\":0}}' \/>  No audio playback capabilities, please download the audio below<br \/><strong>Download Audio:<\/strong> Closed Format: <a href=\"http:\/\/www.wwwagner.tv\/audio\/20150616_mmd_macht_ohnmacht_64.mp3\">MP3<\/a> <\/object> <!-- Generated by HTML5 Multimedia Framework (http:\/\/code.google.com\/p\/html5videoplayer) --> <\/audio>  \n<div style=\"height: 10px;\"><\/div>\n<p><u>Wer:<\/u> (v.l.n.r.)<br \/>\n* <a href=\"https:\/\/twitter.com\/schmidtlepp\" target=\"_blank\">Christopher Lauer<\/a>, Leiter Strategische Innovation Axel Springer SE<br \/>\n* <a href=\"https:\/\/twitter.com\/mtblumencron\" target=\"_blank\">Mathias M\u00fcller von Blumencron<\/a>, Chefredakteur \u201eDigitale Medien\u201c, FAZ<br \/>\n* Dr. <a href=\"https:\/\/de.wikipedia.org\/wiki\/Constanze_Kurz\" target=\"_blank\">Constanze Kurz<\/a>, Publizistin, Sprecherin Chaos Computer Club<br \/>\n* Prof. Dr. <a href=\"https:\/\/de.wikipedia.org\/wiki\/Thomas_Leif\">Thomas Leif<\/a>, Chefreporter SWR<br \/>\n* <a href=\"http:\/\/www.torsten-albig.de\/\" target=\"_blank\">Torsten Albig<\/a>, Ministerpr\u00e4sident von Schleswig-Holstein<br \/>\n* <a href=\"https:\/\/www.facebook.com\/jan.kottmann.50\" target=\"_blank\">Jan Kottmann<\/a>, Leiter Medienpolitik, Google Deutschland<br \/>\n* <a href=\"https:\/\/de.wikipedia.org\/wiki\/Frank_A._Meyer\" target=\"_blank\">Frank A. Meyer<\/a>, Journalist und publizistischer Berater Ringier-Verlag, Schweiz<br \/>\n<u>Was<\/u>: MainzerMedienDisput &#8211; Diskussion<br \/>\n<u>Wo<\/u>: Landesvertretung Rheinland-Pfalz beim Bund<br \/>\n<u>Wann<\/u>: 16.06.2015, 19:25-20:57 Uhr<\/p>\n<div style=\"height: 10px;\"><\/div>\n<p><u>Vgl<\/u>.:<br \/>\n* <a href=\"http:\/\/www.zeit.de\/2015\/10\/medien-regulierung-internet-information-monopol\" target=\"_blank\">Google ist nicht zu durchschauen<\/a>, Torsten Albig, zeit.de, 05.03.2015<\/p>\n<div style=\"height: 30px;\"><\/div>\n<figure id=\"attachment_27816\" aria-describedby=\"caption-attachment-27816\" style=\"width: 400px\" class=\"wp-caption alignnone\"><a href=\"http:\/\/www.wwwagner.tv\/wp-content\/uploads\/20150616_DSC3850_wagner_edgar_400.jpg\"><img loading=\"lazy\" decoding=\"async\" src=\"http:\/\/www.wwwagner.tv\/wp-content\/uploads\/20150616_DSC3850_wagner_edgar_400.jpg\" alt=\"Edgar Wagner\" width=\"400\" height=\"247\" class=\"size-full wp-image-27816\" srcset=\"https:\/\/www.wwwagner.tv\/wp-content\/uploads\/20150616_DSC3850_wagner_edgar_400.jpg 400w, https:\/\/www.wwwagner.tv\/wp-content\/uploads\/20150616_DSC3850_wagner_edgar_400-300x185.jpg 300w\" sizes=\"auto, (max-width: 400px) 100vw, 400px\" \/><\/a><figcaption id=\"caption-attachment-27816\" class=\"wp-caption-text\">Edgar Wagner<\/figcaption><\/figure>\n<blockquote><p>&#8222;Realit\u00e4t ist, dass unsere Daten zu einem ma\u00dfgeblichen Produktionsfaktor unserer Wirtschaft geworden sind und dass dies zu einem regelrechten Daten- und Informationskapitalismus gef\u00fchrt hat, der mit einer \u00d6konomisierung unserer Privatsph\u00e4re einher geht.&#8220;<\/p><\/blockquote>\n<div style=\"height: 20px;\"><\/div>\n <audio   controls > <source src=\"http:\/\/www.wwwagner.tv\/audio\/20150616_wagner_edgar_mmd_64.mp3\" type='audio\/mpeg' \/> <object   type=\"application\/x-shockwave-flash\"  data=\"https:\/\/www.wwwagner.tv\/wp-content\/plugins\/wphtml5player\/inc\/flowplayer.swf\"  width=\"400\"  height=\"30\"> <param name=\"movie\" value='https:\/\/www.wwwagner.tv\/wp-content\/plugins\/wphtml5player\/inc\/flowplayer.swf' \/><param name=\"allowfullscreen\" value='false' \/><param name=\"cachebusting\" value='true' \/><param name=\"bgcolor\" value='#000000' \/><param name=\"flashvars\" value='config={\"plugins\":{\"controls\":{\"height\":30,\"autoHide\":false,\"fullscreen\":false}},\"clip\":{\"autoPlay\":false,\"url\":\"http:\\\/\\\/www.wwwagner.tv\\\/audio\\\/20150616_wagner_edgar_mmd_64.mp3\"},\"playlist\":[{\"autoPlay\":false,\"url\":\"http:\\\/\\\/www.wwwagner.tv\\\/audio\\\/20150616_wagner_edgar_mmd_64.mp3\"}],\"play\":{\"opacity\":0}}' \/>  No audio playback capabilities, please download the audio below<br \/><strong>Download Audio:<\/strong> Closed Format: <a href=\"http:\/\/www.wwwagner.tv\/audio\/20150616_wagner_edgar_mmd_64.mp3\">MP3<\/a> <\/object> <!-- Generated by HTML5 Multimedia Framework (http:\/\/code.google.com\/p\/html5videoplayer) --> <\/audio>  \n<div style=\"height: 10px;\"><\/div>\n<p><u>Wer<\/u>: <a href=\"https:\/\/www.datenschutz.rlp.de\/de\/wirueberuns.php?submenu=lfd\" target=\"_blank\">Edgar Wagner<\/a>, Landesbeauftragter f\u00fcr den Datenschutz und die Informationsfreiheit Rheinland-Pfalz<br \/>\n<u>Was<\/u>: MainzerMedienDisput &#8211; Eingangsrede<br \/>\n<u>Wo<\/u>: Berlin, Landesvertretung Rheinland-Pfalz beim Bund<br \/>\n<u>Wann<\/u>: 16.06.2015, 19:06-19:25 Uhr<\/p>\n<div style=\"height: 30px;\"><\/div>\n<p><figure id=\"attachment_27834\" aria-describedby=\"caption-attachment-27834\" style=\"width: 400px\" class=\"wp-caption alignnone\"><a href=\"http:\/\/www.wwwagner.tv\/wp-content\/uploads\/20150616_DSC3897_lauer_christopher_400.jpg\"><img loading=\"lazy\" decoding=\"async\" src=\"http:\/\/www.wwwagner.tv\/wp-content\/uploads\/20150616_DSC3897_lauer_christopher_400.jpg\" alt=\"Christopher Lauer\" width=\"400\" height=\"266\" class=\"size-full wp-image-27834\" srcset=\"https:\/\/www.wwwagner.tv\/wp-content\/uploads\/20150616_DSC3897_lauer_christopher_400.jpg 400w, https:\/\/www.wwwagner.tv\/wp-content\/uploads\/20150616_DSC3897_lauer_christopher_400-300x200.jpg 300w\" sizes=\"auto, (max-width: 400px) 100vw, 400px\" \/><\/a><figcaption id=\"caption-attachment-27834\" class=\"wp-caption-text\">Christopher Lauer<\/figcaption><\/figure><br \/>\n <audio   controls > <source src=\"http:\/\/www.wwwagner.tv\/audio\/20150616_1246_lauer_christopher_56.mp3\" type='audio\/mpeg' \/> <object   type=\"application\/x-shockwave-flash\"  data=\"https:\/\/www.wwwagner.tv\/wp-content\/plugins\/wphtml5player\/inc\/flowplayer.swf\"  width=\"400\"  height=\"30\"> <param name=\"movie\" value='https:\/\/www.wwwagner.tv\/wp-content\/plugins\/wphtml5player\/inc\/flowplayer.swf' \/><param name=\"allowfullscreen\" value='false' \/><param name=\"cachebusting\" value='true' \/><param name=\"bgcolor\" value='#000000' \/><param name=\"flashvars\" value='config={\"plugins\":{\"controls\":{\"height\":30,\"autoHide\":false,\"fullscreen\":false}},\"clip\":{\"autoPlay\":false,\"url\":\"http:\\\/\\\/www.wwwagner.tv\\\/audio\\\/20150616_1246_lauer_christopher_56.mp3\"},\"playlist\":[{\"autoPlay\":false,\"url\":\"http:\\\/\\\/www.wwwagner.tv\\\/audio\\\/20150616_1246_lauer_christopher_56.mp3\"}],\"play\":{\"opacity\":0}}' \/>  No audio playback capabilities, please download the audio below<br \/><strong>Download Audio:<\/strong> Closed Format: <a href=\"http:\/\/www.wwwagner.tv\/audio\/20150616_1246_lauer_christopher_56.mp3\">MP3<\/a> <\/object> <!-- Generated by HTML5 Multimedia Framework (http:\/\/code.google.com\/p\/html5videoplayer) --> <\/audio>  <\/p>\n<div style=\"height: 10px;\"><\/div>\n<p><u>Wer<\/u>: <a href=\"https:\/\/twitter.com\/schmidtlepp\" target=\"_blank\">Christopher Lauer<\/a>, Leiter Strategische Innovation Axel Springer SE<br \/>\n<u>Was<\/u>: MainzerMedienDisput &#8211; Interview<br \/>\n<u>Wo<\/u>: Berlin, Landesvertretung Rheinland-Pfalz beim Bund<br \/>\n<u>Wann<\/u>: 16.06.2015, 21:03 Uhr<\/p>\n<div style=\"height: 10px;\"><\/div>\n<figure id=\"attachment_27818\" aria-describedby=\"caption-attachment-27818\" style=\"width: 600px\" class=\"wp-caption alignnone\"><a href=\"http:\/\/www.wwwagner.tv\/wp-content\/uploads\/20150616_DSC3902_Landesvertretung_600.jpg\"><img loading=\"lazy\" decoding=\"async\" src=\"http:\/\/www.wwwagner.tv\/wp-content\/uploads\/20150616_DSC3902_Landesvertretung_600.jpg\" alt=\"Austausch im Anschluss im Foyer der Landesvertretung\" width=\"600\" height=\"362\" class=\"size-full wp-image-27818\" srcset=\"https:\/\/www.wwwagner.tv\/wp-content\/uploads\/20150616_DSC3902_Landesvertretung_600.jpg 600w, https:\/\/www.wwwagner.tv\/wp-content\/uploads\/20150616_DSC3902_Landesvertretung_600-300x181.jpg 300w\" sizes=\"auto, (max-width: 600px) 100vw, 600px\" \/><\/a><figcaption id=\"caption-attachment-27818\" class=\"wp-caption-text\">Austausch im Anschluss im Foyer der Landesvertretung<\/figcaption><\/figure>\n<div style=\"height: 20px;\"><\/div>\n<hr \/>\n<p>(Fotos: \u00a9 J\u00f6rg Wagner)<\/p>\n<div style=\"height: 5px;\"><\/div>\n<p><html><br \/>\n     <head><\/p>\n<style type=\"text\/css\">\n       body {\n                     background: #DADADA;\n       }\n      <\/style>\n<p>     <\/head><br \/>\n     <body><br \/>\n<\/body><br \/>\n    <\/html><br \/>\n<script src=\"https:\/\/apis.google.com\/js\/plusone.js\" type=\"text\/javascript\">\/\/ < ![CDATA[ {lang: 'de'} \/\/ ]]><\/script><br \/>\n<script src=\"http:\/\/twittercounter.com\/embed\/?username=medienmagazin&amp;style=avatar\" type=\"text\/javascript\"><\/script><\/p>\n<p><noscript><a href=\"http:\/\/twittercounter.com\/medienmagazin\">medienmagazin on Twitter Counter<\/a><\/noscript><\/p>\n","protected":false},"excerpt":{"rendered":"<p>&#8222;Daten- und Informationskapitalismus&#8220; Welche Folgen hat die durch die Digitalisierung bef\u00f6rderte internationale Marktkonzentration auf wenige Internet-Konzerne f\u00fcr den Wettbewerb insgesamt und f\u00fcr die Nutzer der angebotenen Dienstleistungen? Welche Auswirkungen hat die Digitalisierung f\u00fcr unsere demokratischen Strukturen? No audio playback capabilities, please download the audio belowDownload Audio: Closed Format: MP3 Wer: (v.l.n.r.) * Christopher Lauer, Leiter [&hellip;]<\/p>\n","protected":false},"author":2,"featured_media":0,"comment_status":"open","ping_status":"open","sticky":false,"template":"","format":"standard","meta":{"_monsterinsights_skip_tracking":false,"_monsterinsights_sitenote_active":false,"_monsterinsights_sitenote_note":"","_monsterinsights_sitenote_category":0,"footnotes":""},"categories":[53],"tags":[56,360],"class_list":["post-27814","post","type-post","status-publish","format-standard","hentry","category-dokument","tag-google","tag-mainzer-mediendisput-berlin"],"_links":{"self":[{"href":"https:\/\/www.wwwagner.tv\/index.php?rest_route=\/wp\/v2\/posts\/27814","targetHints":{"allow":["GET"]}}],"collection":[{"href":"https:\/\/www.wwwagner.tv\/index.php?rest_route=\/wp\/v2\/posts"}],"about":[{"href":"https:\/\/www.wwwagner.tv\/index.php?rest_route=\/wp\/v2\/types\/post"}],"author":[{"embeddable":true,"href":"https:\/\/www.wwwagner.tv\/index.php?rest_route=\/wp\/v2\/users\/2"}],"replies":[{"embeddable":true,"href":"https:\/\/www.wwwagner.tv\/index.php?rest_route=%2Fwp%2Fv2%2Fcomments&post=27814"}],"version-history":[{"count":24,"href":"https:\/\/www.wwwagner.tv\/index.php?rest_route=\/wp\/v2\/posts\/27814\/revisions"}],"predecessor-version":[{"id":34797,"href":"https:\/\/www.wwwagner.tv\/index.php?rest_route=\/wp\/v2\/posts\/27814\/revisions\/34797"}],"wp:attachment":[{"href":"https:\/\/www.wwwagner.tv\/index.php?rest_route=%2Fwp%2Fv2%2Fmedia&parent=27814"}],"wp:term":[{"taxonomy":"category","embeddable":true,"href":"https:\/\/www.wwwagner.tv\/index.php?rest_route=%2Fwp%2Fv2%2Fcategories&post=27814"},{"taxonomy":"post_tag","embeddable":true,"href":"https:\/\/www.wwwagner.tv\/index.php?rest_route=%2Fwp%2Fv2%2Ftags&post=27814"}],"curies":[{"name":"wp","href":"https:\/\/api.w.org\/{rel}","templated":true}]}}