{"id":27874,"date":"2015-06-20T18:22:30","date_gmt":"2015-06-20T17:22:30","guid":{"rendered":"http:\/\/www.wwwagner.tv\/?p=27874"},"modified":"2019-07-09T01:20:47","modified_gmt":"2019-07-08T23:20:47","slug":"meldedatenabgleich-schwarzseher-und-mehreinnahmen","status":"publish","type":"post","link":"https:\/\/www.wwwagner.tv\/?p=27874","title":{"rendered":"Meldedatenabgleich, Schwarzseher und Mehreinnahmen"},"content":{"rendered":"<figure id=\"attachment_27923\" aria-describedby=\"caption-attachment-27923\" style=\"width: 600px\" class=\"wp-caption alignnone\"><a href=\"http:\/\/www.wwwagner.tv\/wp-content\/uploads\/20150615_wolf_stefan_mitschrift_600.jpg\"><img loading=\"lazy\" decoding=\"async\" src=\"http:\/\/www.wwwagner.tv\/wp-content\/uploads\/20150615_wolf_stefan_mitschrift_600.jpg\" alt=\"Dr. Stefan Wolf\" width=\"600\" height=\"300\" class=\"size-full wp-image-27923\" srcset=\"https:\/\/www.wwwagner.tv\/wp-content\/uploads\/20150615_wolf_stefan_mitschrift_600.jpg 600w, https:\/\/www.wwwagner.tv\/wp-content\/uploads\/20150615_wolf_stefan_mitschrift_600-300x150.jpg 300w\" sizes=\"auto, (max-width: 600px) 100vw, 600px\" \/><\/a><figcaption id=\"caption-attachment-27923\" class=\"wp-caption-text\">Dr. Stefan Wolf<\/figcaption><\/figure>\n<div style=\"height: 20px;\"><\/div>\n<p> <audio   controls > <source src=\"http:\/\/download.radioeins.de\/mp3\/medienmagazin\/mm20150620_2.mp3\" type='audio\/mpeg' \/> <object   type=\"application\/x-shockwave-flash\"  data=\"https:\/\/www.wwwagner.tv\/wp-content\/plugins\/wphtml5player\/inc\/flowplayer.swf\"  width=\"400\"  height=\"30\"> <param name=\"movie\" value='https:\/\/www.wwwagner.tv\/wp-content\/plugins\/wphtml5player\/inc\/flowplayer.swf' \/><param name=\"allowfullscreen\" value='false' \/><param name=\"cachebusting\" value='true' \/><param name=\"bgcolor\" value='#000000' \/><param name=\"flashvars\" value='config={\"plugins\":{\"controls\":{\"height\":30,\"autoHide\":false,\"fullscreen\":false}},\"clip\":{\"autoPlay\":false,\"url\":\"http:\\\/\\\/download.radioeins.de\\\/mp3\\\/medienmagazin\\\/mm20150620_2.mp3\"},\"playlist\":[{\"autoPlay\":false,\"url\":\"http:\\\/\\\/download.radioeins.de\\\/mp3\\\/medienmagazin\\\/mm20150620_2.mp3\"}],\"play\":{\"opacity\":0}}' \/>  No audio playback capabilities, please download the audio below<br \/><strong>Download Audio:<\/strong> Closed Format: <a href=\"http:\/\/download.radioeins.de\/mp3\/medienmagazin\/mm20150620_2.mp3\">MP3<\/a> <\/object> <!-- Generated by HTML5 Multimedia Framework (http:\/\/code.google.com\/p\/html5videoplayer) --> <\/audio>  <br \/>\n<a href=\"http:\/\/download.radioeins.de\/mp3\/medienmagazin\/mm20150620_2.mp3\" target=\"_blank\" rel=\"noopener noreferrer\">Download<\/a><span style=\"color: #888888;\"> (verlinkte Audio-Quelle: rbb, radioeins)<\/span><\/p>\n<div style=\"height: 20px;\"><\/div>\n<div style=\"height: 20px;\"><\/div>\n<p><u>Was<\/u>: Interview zur Arbeit vom ARD ZDF Deutschlandradio Beitragsservice<br \/>\n<u>Wer<\/u>: Dr. Stefan Wolf, Gesch\u00e4ftsf\u00fchrer ARD ZDF Deutschlandradio Beitragsservice<br \/>\n<u>Wann<\/u>: rec. 15.06.2015, 14:10 Uhr, K\u00f6ln; ver\u00f6ffentlicht 20.06.2015, 18:22 Uhr, radioeins-Medienmagazin (rbb) und in einer gek\u00fcrzten Fassung im rbb Inforadio, 21.06.2015, 10:44, 15:24 Uhr<\/p>\n<div style=\"height: 20px;\"><\/div>\n<p><u>Vgl<\/u>.:<br \/>\n* <a href=\"http:\/\/www.rundfunkbeitrag.de\/\" target=\"_blank\" rel=\"noopener noreferrer\">http:\/\/www.rundfunkbeitrag.de\/<\/a><br \/>\n* Rundfunkbeitragstaatsvertrag (RFBeitStV) Rechtsgrundlagen als <a href=\"http:\/\/bit.ly\/1NkUT4I\" target=\"_blank\" rel=\"noopener noreferrer\">PDF<\/a><br \/>\n* Gesch\u00e4ftsbericht 2014 als <a href=\"http:\/\/bit.ly\/1LHAFB4\" target=\"_blank\" rel=\"noopener noreferrer\">PDF<\/a>, ver\u00f6ffentlicht 18.06.2015<\/p>\n<div style=\"height: 20px;\"><\/div>\n<figure id=\"attachment_27929\" aria-describedby=\"caption-attachment-27929\" style=\"width: 600px\" class=\"wp-caption alignnone\"><a href=\"http:\/\/www.wwwagner.tv\/wp-content\/uploads\/20150615_DSC3816_Beitragsservice_600.jpg\"><img loading=\"lazy\" decoding=\"async\" src=\"http:\/\/www.wwwagner.tv\/wp-content\/uploads\/20150615_DSC3816_Beitragsservice_600.jpg\" alt=\"Poststelle Beitragsservice - 70.000 Sendungen und Nachrichten pro Tag\" width=\"600\" height=\"352\" class=\"size-full wp-image-27929\" srcset=\"https:\/\/www.wwwagner.tv\/wp-content\/uploads\/20150615_DSC3816_Beitragsservice_600.jpg 600w, https:\/\/www.wwwagner.tv\/wp-content\/uploads\/20150615_DSC3816_Beitragsservice_600-300x176.jpg 300w\" sizes=\"auto, (max-width: 600px) 100vw, 600px\" \/><\/a><figcaption id=\"caption-attachment-27929\" class=\"wp-caption-text\">Poststelle Beitragsservice &#8211; 70.000 Sendungen und Nachrichten pro Tag<\/figcaption><\/figure>\n<figure id=\"attachment_27930\" aria-describedby=\"caption-attachment-27930\" style=\"width: 600px\" class=\"wp-caption alignnone\"><a href=\"http:\/\/www.wwwagner.tv\/wp-content\/uploads\/20150615_DSC3819_Beitragsservice_600.jpg\"><img loading=\"lazy\" decoding=\"async\" src=\"http:\/\/www.wwwagner.tv\/wp-content\/uploads\/20150615_DSC3819_Beitragsservice_600.jpg\" alt=\"Poststelle Beitragsservice - Druckmaschine f\u00fcr Postsendungen\" width=\"600\" height=\"399\" class=\"size-full wp-image-27930\" srcset=\"https:\/\/www.wwwagner.tv\/wp-content\/uploads\/20150615_DSC3819_Beitragsservice_600.jpg 600w, https:\/\/www.wwwagner.tv\/wp-content\/uploads\/20150615_DSC3819_Beitragsservice_600-300x200.jpg 300w\" sizes=\"auto, (max-width: 600px) 100vw, 600px\" \/><\/a><figcaption id=\"caption-attachment-27930\" class=\"wp-caption-text\">Poststelle Beitragsservice &#8211; Druckmaschine f\u00fcr Postsendungen<\/figcaption><\/figure>\n<figure id=\"attachment_27931\" aria-describedby=\"caption-attachment-27931\" style=\"width: 600px\" class=\"wp-caption alignnone\"><a href=\"http:\/\/www.wwwagner.tv\/wp-content\/uploads\/20150615_DSC3814_Beitragsservice_600.jpg\"><img loading=\"lazy\" decoding=\"async\" src=\"http:\/\/www.wwwagner.tv\/wp-content\/uploads\/20150615_DSC3814_Beitragsservice_600.jpg\" alt=\"ARD ZDF Deutschlandradio Beitragsservice - Au\u00dfenansicht K\u00f6ln\" width=\"600\" height=\"356\" class=\"size-full wp-image-27931\" srcset=\"https:\/\/www.wwwagner.tv\/wp-content\/uploads\/20150615_DSC3814_Beitragsservice_600.jpg 600w, https:\/\/www.wwwagner.tv\/wp-content\/uploads\/20150615_DSC3814_Beitragsservice_600-300x178.jpg 300w\" sizes=\"auto, (max-width: 600px) 100vw, 600px\" \/><\/a><figcaption id=\"caption-attachment-27931\" class=\"wp-caption-text\">ARD ZDF Deutschlandradio Beitragsservice &#8211; Au\u00dfenansicht K\u00f6ln<\/figcaption><\/figure>\n<div style=\"height: 10px;\"><\/div>\n<p>(Fotos: \u00a9 J\u00f6rg Wagner)<\/p>\n<hr \/>\n<div style=\"height: 5px;\"><\/div>\n<p><html><br \/>\n     <head><\/p>\n<style type=\"text\/css\">\n       body {\n                     background: #DADADA;\n       }\n      <\/style>\n<p>     <\/head><br \/>\n     <body><br \/>\n<\/body><br \/>\n    <\/html><br \/>\n<script src=\"https:\/\/apis.google.com\/js\/plusone.js\" type=\"text\/javascript\">\/\/ < ![CDATA[ {lang: 'de'} \/\/ ]]><\/script><br \/>\n<script src=\"http:\/\/twittercounter.com\/embed\/?username=medienmagazin&amp;style=avatar\" type=\"text\/javascript\"><\/script><\/p>\n<p><noscript><a href=\"http:\/\/twittercounter.com\/medienmagazin\">medienmagazin on Twitter Counter<\/a><\/noscript><\/p>\n","protected":false},"excerpt":{"rendered":"<p>No audio playback capabilities, please download the audio belowDownload Audio: Closed Format: MP3 Download (verlinkte Audio-Quelle: rbb, radioeins) Was: Interview zur Arbeit vom ARD ZDF Deutschlandradio Beitragsservice Wer: Dr. Stefan Wolf, Gesch\u00e4ftsf\u00fchrer ARD ZDF Deutschlandradio Beitragsservice Wann: rec. 15.06.2015, 14:10 Uhr, K\u00f6ln; ver\u00f6ffentlicht 20.06.2015, 18:22 Uhr, radioeins-Medienmagazin (rbb) und in einer gek\u00fcrzten Fassung im rbb [&hellip;]<\/p>\n","protected":false},"author":2,"featured_media":0,"comment_status":"open","ping_status":"open","sticky":false,"template":"","format":"standard","meta":{"_monsterinsights_skip_tracking":false,"_monsterinsights_sitenote_active":false,"_monsterinsights_sitenote_note":"","_monsterinsights_sitenote_category":0,"footnotes":""},"categories":[17],"tags":[423],"class_list":["post-27874","post","type-post","status-publish","format-standard","hentry","category-aktuell","tag-rundfunkbeitrag"],"_links":{"self":[{"href":"https:\/\/www.wwwagner.tv\/index.php?rest_route=\/wp\/v2\/posts\/27874","targetHints":{"allow":["GET"]}}],"collection":[{"href":"https:\/\/www.wwwagner.tv\/index.php?rest_route=\/wp\/v2\/posts"}],"about":[{"href":"https:\/\/www.wwwagner.tv\/index.php?rest_route=\/wp\/v2\/types\/post"}],"author":[{"embeddable":true,"href":"https:\/\/www.wwwagner.tv\/index.php?rest_route=\/wp\/v2\/users\/2"}],"replies":[{"embeddable":true,"href":"https:\/\/www.wwwagner.tv\/index.php?rest_route=%2Fwp%2Fv2%2Fcomments&post=27874"}],"version-history":[{"count":13,"href":"https:\/\/www.wwwagner.tv\/index.php?rest_route=\/wp\/v2\/posts\/27874\/revisions"}],"predecessor-version":[{"id":43548,"href":"https:\/\/www.wwwagner.tv\/index.php?rest_route=\/wp\/v2\/posts\/27874\/revisions\/43548"}],"wp:attachment":[{"href":"https:\/\/www.wwwagner.tv\/index.php?rest_route=%2Fwp%2Fv2%2Fmedia&parent=27874"}],"wp:term":[{"taxonomy":"category","embeddable":true,"href":"https:\/\/www.wwwagner.tv\/index.php?rest_route=%2Fwp%2Fv2%2Fcategories&post=27874"},{"taxonomy":"post_tag","embeddable":true,"href":"https:\/\/www.wwwagner.tv\/index.php?rest_route=%2Fwp%2Fv2%2Ftags&post=27874"}],"curies":[{"name":"wp","href":"https:\/\/api.w.org\/{rel}","templated":true}]}}