{"id":28288,"date":"2015-08-08T18:37:13","date_gmt":"2015-08-08T17:37:13","guid":{"rendered":"http:\/\/www.wwwagner.tv\/?p=28288"},"modified":"2020-02-03T04:34:37","modified_gmt":"2020-02-03T02:34:37","slug":"oesterreich-pro-und-contra-dab","status":"publish","type":"post","link":"https:\/\/www.wwwagner.tv\/?p=28288","title":{"rendered":"\u00d6sterreich: pro und contra DAB+"},"content":{"rendered":"<figure id=\"attachment_45272\" aria-describedby=\"caption-attachment-45272\" style=\"width: 1100px\" class=\"wp-caption alignnone\"><a href=\"http:\/\/www.wwwagner.tv\/wp-content\/uploads\/20150808_malli_albert_1100x546.jpg\"><img loading=\"lazy\" decoding=\"async\" src=\"http:\/\/www.wwwagner.tv\/wp-content\/uploads\/20150808_malli_albert_1100x546.jpg\" alt=\"\" width=\"1100\" height=\"546\" class=\"size-full wp-image-45272\" srcset=\"https:\/\/www.wwwagner.tv\/wp-content\/uploads\/20150808_malli_albert_1100x546.jpg 1100w, https:\/\/www.wwwagner.tv\/wp-content\/uploads\/20150808_malli_albert_1100x546-300x149.jpg 300w, https:\/\/www.wwwagner.tv\/wp-content\/uploads\/20150808_malli_albert_1100x546-1024x508.jpg 1024w, https:\/\/www.wwwagner.tv\/wp-content\/uploads\/20150808_malli_albert_1100x546-768x381.jpg 768w\" sizes=\"auto, (max-width: 1100px) 100vw, 1100px\" \/><\/a><figcaption id=\"caption-attachment-45272\" class=\"wp-caption-text\">Albert Malli | Foto: \u00a9 J\u00f6rg Wagner<\/figcaption><\/figure>\n<p> <audio   controls > <source src=\"http:\/\/www.wwwagner.tv\/audio\/20150808_dabplus_malli_albert_lang_128.mp3\" type='audio\/mpeg' \/> <object   type=\"application\/x-shockwave-flash\"  data=\"https:\/\/www.wwwagner.tv\/wp-content\/plugins\/wphtml5player\/inc\/flowplayer.swf\"  width=\"400\"  height=\"30\"> <param name=\"movie\" value='https:\/\/www.wwwagner.tv\/wp-content\/plugins\/wphtml5player\/inc\/flowplayer.swf' \/><param name=\"allowfullscreen\" value='false' \/><param name=\"cachebusting\" value='true' \/><param name=\"bgcolor\" value='#000000' \/><param name=\"flashvars\" value='config={\"plugins\":{\"controls\":{\"height\":30,\"autoHide\":false,\"fullscreen\":false}},\"clip\":{\"autoPlay\":false,\"url\":\"http:\\\/\\\/www.wwwagner.tv\\\/audio\\\/20150808_dabplus_malli_albert_lang_128.mp3\"},\"playlist\":[{\"autoPlay\":false,\"url\":\"http:\\\/\\\/www.wwwagner.tv\\\/audio\\\/20150808_dabplus_malli_albert_lang_128.mp3\"}],\"play\":{\"opacity\":0}}' \/>  No audio playback capabilities, please download the audio below<br \/><strong>Download Audio:<\/strong> Closed Format: <a href=\"http:\/\/www.wwwagner.tv\/audio\/20150808_dabplus_malli_albert_lang_128.mp3\">MP3<\/a> <\/object> <!-- Generated by HTML5 Multimedia Framework (http:\/\/code.google.com\/p\/html5videoplayer) --> <\/audio>  <br \/>\n<a href=\"http:\/\/www.wwwagner.tv\/audio\/20150808_dabplus_malli_albert_lang_128.mp3\" target=\"_blank\" rel=\"noopener noreferrer\">Download<\/a><\/p>\n<div style=\"height:10px;\"><\/div>\n<p><u>Wer<\/u>: Albert Malli, stellvertretender Senderchef <a href=\"http:\/\/oe3.orf.at\/\" target=\"_blank\" rel=\"noopener noreferrer\">Hitradio \u00d63<\/a><br \/>\n<u>Was<\/u>: Interview \u00fcber pro und contra DAB+ in \u00d6sterreich<br \/>\n<u>Wo<\/u>: Berlin<br \/>\n<u>Wann<\/u>: rec.: 15.07.2015, ca. 14:30 Uhr; ver\u00f6ffentlicht: 08.08.2015, 18:37 Uhr im radioeins-Medienmagazin und in einer gek\u00fcrzten Fassung im rbb Inforadio, 09.08.2015, 10:44, 15:24 Uhr<\/p>\n<div style=\"height:10px;\"><\/div>\n<p><u>Vgl<\/u>.:<br \/>\n* Visual Radio bei Radio 538 (Zusammenschnitt)<br \/>\n<div class=\"BorlabsCookie\"><div class=\"_brlbs-content-blocker\"> <div class=\"_brlbs-embed _brlbs-video-youtube\"> <img class=\"_brlbs-thumbnail\" src=\"https:\/\/www.wwwagner.tv\/wp-content\/plugins\/borlabs-cookie\/images\/cb-no-thumbnail.png\" alt=\"YouTube\"> <div class=\"_brlbs-caption\"> <p>Mit dem Laden des Videos akzeptieren Sie die Datenschutzerkl\u00e4rung von YouTube.<br><a href=\"https:\/\/policies.google.com\/privacy\" target=\"_blank\" rel=\"nofollow noopener noreferrer\">Mehr erfahren<\/a><\/p> <p><a class=\"_brlbs-btn _brlbs-icon-play-white\" href=\"#\" data-borlabs-cookie-unblock role=\"button\">Video laden<\/a><\/p> <p><label><input type=\"checkbox\" name=\"unblockAll\" value=\"1\" checked> <small>YouTube immer entsperren<\/small><\/label><\/p> <\/div> <\/div> <\/div><div class=\"borlabs-hide\" data-borlabs-cookie-type=\"content-blocker\" data-borlabs-cookie-id=\"youtube\"><script type=\"text\/template\">PGlmcmFtZSBsb2FkaW5nPSJsYXp5IiB3aWR0aD0iNDAwIiBoZWlnaHQ9IjIyNSIgc3JjPSJodHRwczovL3d3dy55b3V0dWJlLW5vY29va2llLmNvbS9lbWJlZC9TcmpSejJEWENfTT9yZWw9MCIgZnJhbWVib3JkZXI9IjAiIGFsbG93ZnVsbHNjcmVlbj48L2lmcmFtZT48L3A+<\/script><\/div><\/div>\n<div style=\"height:20px;\"><\/div>\n<p>* Visual Radio bei <a href=\"https:\/\/www.youtube.com\/user\/oe3hitradio\/featured\" target=\"_blank\" rel=\"noopener noreferrer\">Hitradio \u00d63<\/a> (Zusammenschnitt)<br \/>\n<div class=\"BorlabsCookie\"><div class=\"_brlbs-content-blocker\"> <div class=\"_brlbs-embed _brlbs-video-youtube\"> <img class=\"_brlbs-thumbnail\" src=\"https:\/\/www.wwwagner.tv\/wp-content\/plugins\/borlabs-cookie\/images\/cb-no-thumbnail.png\" alt=\"YouTube\"> <div class=\"_brlbs-caption\"> <p>Mit dem Laden des Videos akzeptieren Sie die Datenschutzerkl\u00e4rung von YouTube.<br><a href=\"https:\/\/policies.google.com\/privacy\" target=\"_blank\" rel=\"nofollow noopener noreferrer\">Mehr erfahren<\/a><\/p> <p><a class=\"_brlbs-btn _brlbs-icon-play-white\" href=\"#\" data-borlabs-cookie-unblock role=\"button\">Video laden<\/a><\/p> <p><label><input type=\"checkbox\" name=\"unblockAll\" value=\"1\" checked> <small>YouTube immer entsperren<\/small><\/label><\/p> <\/div> <\/div> <\/div><div class=\"borlabs-hide\" data-borlabs-cookie-type=\"content-blocker\" data-borlabs-cookie-id=\"youtube\"><script type=\"text\/template\">PGlmcmFtZSBsb2FkaW5nPSJsYXp5IiB3aWR0aD0iNDAwIiBoZWlnaHQ9IjIyNSIgc3JjPSJodHRwczovL3d3dy55b3V0dWJlLW5vY29va2llLmNvbS9lbWJlZC80YmgzbWRRNGdWaz9yZWw9MCIgZnJhbWVib3JkZXI9IjAiIGFsbG93ZnVsbHNjcmVlbj48L2lmcmFtZT48L3A+<\/script><\/div><\/div>\n<div style=\"height:10px;\"><\/div>\n<hr \/>\n<div style=\"height: 5px;\"><\/div>\n<p><html><br \/>\n     <head><\/p>\n<style type=\"text\/css\">\n       body {\n                     background: #DADADA;\n       }\n      <\/style>\n<p>     <\/head><br \/>\n     <body><br \/>\n<\/body><br \/>\n    <\/html><br \/>\n<script src=\"https:\/\/apis.google.com\/js\/plusone.js\" type=\"text\/javascript\">\/\/ < ![CDATA[ {lang: 'de'} \/\/ ]]><\/script><br \/>\n<script src=\"http:\/\/twittercounter.com\/embed\/?username=medienmagazin&amp;style=avatar\" type=\"text\/javascript\"><\/script><\/p>\n<p><noscript><a href=\"http:\/\/twittercounter.com\/medienmagazin\">medienmagazin on Twitter Counter<\/a><\/noscript><\/p>\n","protected":false},"excerpt":{"rendered":"<p>No audio playback capabilities, please download the audio belowDownload Audio: Closed Format: MP3 Download Wer: Albert Malli, stellvertretender Senderchef Hitradio \u00d63 Was: Interview \u00fcber pro und contra DAB+ in \u00d6sterreich Wo: Berlin Wann: rec.: 15.07.2015, ca. 14:30 Uhr; ver\u00f6ffentlicht: 08.08.2015, 18:37 Uhr im radioeins-Medienmagazin und in einer gek\u00fcrzten Fassung im rbb Inforadio, 09.08.2015, 10:44, 15:24 [&hellip;]<\/p>\n","protected":false},"author":2,"featured_media":0,"comment_status":"open","ping_status":"open","sticky":false,"template":"","format":"standard","meta":{"_monsterinsights_skip_tracking":false,"_monsterinsights_sitenote_active":false,"_monsterinsights_sitenote_note":"","_monsterinsights_sitenote_category":0,"footnotes":""},"categories":[17],"tags":[238,602,601],"class_list":["post-28288","post","type-post","status-publish","format-standard","hentry","category-aktuell","tag-dabplus","tag-oe3","tag-oesterreich"],"_links":{"self":[{"href":"https:\/\/www.wwwagner.tv\/index.php?rest_route=\/wp\/v2\/posts\/28288","targetHints":{"allow":["GET"]}}],"collection":[{"href":"https:\/\/www.wwwagner.tv\/index.php?rest_route=\/wp\/v2\/posts"}],"about":[{"href":"https:\/\/www.wwwagner.tv\/index.php?rest_route=\/wp\/v2\/types\/post"}],"author":[{"embeddable":true,"href":"https:\/\/www.wwwagner.tv\/index.php?rest_route=\/wp\/v2\/users\/2"}],"replies":[{"embeddable":true,"href":"https:\/\/www.wwwagner.tv\/index.php?rest_route=%2Fwp%2Fv2%2Fcomments&post=28288"}],"version-history":[{"count":15,"href":"https:\/\/www.wwwagner.tv\/index.php?rest_route=\/wp\/v2\/posts\/28288\/revisions"}],"predecessor-version":[{"id":45281,"href":"https:\/\/www.wwwagner.tv\/index.php?rest_route=\/wp\/v2\/posts\/28288\/revisions\/45281"}],"wp:attachment":[{"href":"https:\/\/www.wwwagner.tv\/index.php?rest_route=%2Fwp%2Fv2%2Fmedia&parent=28288"}],"wp:term":[{"taxonomy":"category","embeddable":true,"href":"https:\/\/www.wwwagner.tv\/index.php?rest_route=%2Fwp%2Fv2%2Fcategories&post=28288"},{"taxonomy":"post_tag","embeddable":true,"href":"https:\/\/www.wwwagner.tv\/index.php?rest_route=%2Fwp%2Fv2%2Ftags&post=28288"}],"curies":[{"name":"wp","href":"https:\/\/api.w.org\/{rel}","templated":true}]}}