{"id":28305,"date":"2015-08-08T18:05:26","date_gmt":"2015-08-08T17:05:26","guid":{"rendered":"http:\/\/www.wwwagner.tv\/?p=28305"},"modified":"2015-08-31T20:55:26","modified_gmt":"2015-08-31T19:55:26","slug":"medienmagazin-vom-08-08-2015","status":"publish","type":"post","link":"https:\/\/www.wwwagner.tv\/?p=28305","title":{"rendered":"Medienmagazin vom 08.08.2015"},"content":{"rendered":"<div style=\"height: 70px;\"><\/div>\n<figure id=\"attachment_26355\" aria-describedby=\"caption-attachment-26355\" style=\"width: 600px\" class=\"wp-caption alignnone\"><a href=\"http:\/\/www.wwwagner.tv\/wp-content\/uploads\/DSC_0376_radioeins_studio_600.jpg\"><img loading=\"lazy\" decoding=\"async\" class=\"size-full wp-image-26355\" src=\"http:\/\/www.wwwagner.tv\/wp-content\/uploads\/DSC_0376_radioeins_studio_600.jpg\" alt=\"radioeins-Studio\" width=\"600\" height=\"399\" srcset=\"https:\/\/www.wwwagner.tv\/wp-content\/uploads\/DSC_0376_radioeins_studio_600.jpg 600w, https:\/\/www.wwwagner.tv\/wp-content\/uploads\/DSC_0376_radioeins_studio_600-300x199.jpg 300w\" sizes=\"auto, (max-width: 600px) 100vw, 600px\" \/><\/a><figcaption id=\"caption-attachment-26355\" class=\"wp-caption-text\">radioeins-Studio<\/figcaption><\/figure>\n<div style=\"height: 30px;\"><\/div>\n<p>Gesamt-PodCast<\/p>\n<p> <audio   controls > <source src=\"http:\/\/download.radioeins.de\/mp3\/medienmagazin\/mm20150808.mp3\" type='audio\/mpeg' \/> <object   type=\"application\/x-shockwave-flash\"  data=\"https:\/\/www.wwwagner.tv\/wp-content\/plugins\/wphtml5player\/inc\/flowplayer.swf\"  width=\"400\"  height=\"30\"> <param name=\"movie\" value='https:\/\/www.wwwagner.tv\/wp-content\/plugins\/wphtml5player\/inc\/flowplayer.swf' \/><param name=\"allowfullscreen\" value='false' \/><param name=\"cachebusting\" value='true' \/><param name=\"bgcolor\" value='#000000' \/><param name=\"flashvars\" value='config={\"plugins\":{\"controls\":{\"height\":30,\"autoHide\":false,\"fullscreen\":false}},\"clip\":{\"autoPlay\":false,\"url\":\"http:\\\/\\\/download.radioeins.de\\\/mp3\\\/medienmagazin\\\/mm20150808.mp3\"},\"playlist\":[{\"autoPlay\":false,\"url\":\"http:\\\/\\\/download.radioeins.de\\\/mp3\\\/medienmagazin\\\/mm20150808.mp3\"}],\"play\":{\"opacity\":0}}' \/>  No audio playback capabilities, please download the audio below<br \/><strong>Download Audio:<\/strong> Closed Format: <a href=\"http:\/\/download.radioeins.de\/mp3\/medienmagazin\/mm20150808.mp3\">MP3<\/a> <\/object> <!-- Generated by HTML5 Multimedia Framework (http:\/\/code.google.com\/p\/html5videoplayer) --> <\/audio>  <br \/>\n<a href=\"http:\/\/download.radioeins.de\/mp3\/medienmagazin\/mm20150808.mp3\" target=\"_blank\">Download<\/a><span style=\"color: #888888;\"> (verlinkte Audio-Quelle: rbb, radioeins)<\/span><\/p>\n<div style=\"height: 20px;\"><\/div>\n<p>[00:00] INTRO: Reaktionen auf tt-Kommentar | [02:23] <a href=\"http:\/\/bit.ly\/1fRR2jT\" target=\"_blank\">Timster im Kika<\/a> | [12:50] <a href=\"http:\/\/bit.ly\/1Q4o1P8\" target=\"_blank\">ZDF sucht Intendanten<\/a> [20:00] <a href=\"http:\/\/bit.ly\/1T6OWze\" target=\"_blank\">Oesterreich: pro und cntra DAB+<\/a> | [39:02] Bonus: DAB 1999 #r1MM 05.09.1999<\/p>\n<div style=\"height: 30px;\"><\/div>\n<div style=\"height: 30px;\"><\/div>\n<hr \/>\n<p><strong><span style=\"color: #ffa500;\">INTRO: Reaktionen auf tt-Kommentar<\/span><\/strong><br \/>\nO-Ton: Anja Reschke, NDR<br \/>\nQuelle: Medienmagazin ZAPP, <a href=\"https:\/\/youtu.be\/USf6Zyx0lc4\" target=\"_blank\">YouTube 07.08.2015<\/a><br \/>\n<div class=\"BorlabsCookie\"><div class=\"_brlbs-content-blocker\"> <div class=\"_brlbs-embed _brlbs-video-youtube\"> <img class=\"_brlbs-thumbnail\" src=\"https:\/\/www.wwwagner.tv\/wp-content\/plugins\/borlabs-cookie\/images\/cb-no-thumbnail.png\" alt=\"YouTube\"> <div class=\"_brlbs-caption\"> <p>Mit dem Laden des Videos akzeptieren Sie die Datenschutzerkl\u00e4rung von YouTube.<br><a href=\"https:\/\/policies.google.com\/privacy\" target=\"_blank\" rel=\"nofollow noopener noreferrer\">Mehr erfahren<\/a><\/p> <p><a class=\"_brlbs-btn _brlbs-icon-play-white\" href=\"#\" data-borlabs-cookie-unblock role=\"button\">Video laden<\/a><\/p> <p><label><input type=\"checkbox\" name=\"unblockAll\" value=\"1\" checked> <small>YouTube immer entsperren<\/small><\/label><\/p> <\/div> <\/div> <\/div><div class=\"borlabs-hide\" data-borlabs-cookie-type=\"content-blocker\" data-borlabs-cookie-id=\"youtube\"><script type=\"text\/template\">PGlmcmFtZSBsb2FkaW5nPSJsYXp5IiB3aWR0aD0iNDAwIiBoZWlnaHQ9IjIyNSIgc3JjPSJodHRwczovL3d3dy55b3V0dWJlLW5vY29va2llLmNvbS9lbWJlZC9VU2Y2Wnl4MGxjND9yZWw9MCIgZnJhbWVib3JkZXI9IjAiIGFsbG93ZnVsbHNjcmVlbj48L2lmcmFtZT48L3A+<\/script><\/div><\/div>\n<div style=\"height: 10px;\"><\/div>\n<p><strong><span style=\"color: #ffa500;\">1. KiKa etabliert Medienmagazin f\u00fcr Kinder und Jungendliche \u201eTimster\u201c<\/span><\/strong><br \/>\nO-Ton: \u201eTimster\u201c, kika, 08.08.2015, 17:45 Uhr<br \/>\nSkype-Interview mit dem Pr\u00e4sentator Tim Gailus<br \/>\nVgl.: <a href=\"http:\/\/www.kika.de\/timster\/index.html\" target=\"_blank\">http:\/\/www.kika.de\/timster\/index.html<\/a><\/p>\n<div style=\"height: 10px;\"><\/div>\n<p><strong><span style=\"color: #ffa500;\">2. ZDF sucht neuen Intendanten<\/span><\/strong><br \/>\nObwohl der aktuelle ZDF-Fernsehrat nach h\u00f6chstrichterlicher Entscheidung nicht verfassungsgem\u00e4\u00df zusammengesetzt ist und daher vor einer Neuwahl steht, sucht das alte Gremium bereits einen neuen Intendanten.<br \/>\nTelefoninterview mit Ruprecht Polenz, ZDF-Fernsehratsvorsitzender<\/p>\n<div style=\"height: 10px;\"><\/div>\n<p><strong><span style=\"color: #ffa500;\">3. \u00d6sterreich: pro und cntra DAB+<\/span><\/strong><br \/>\nInterview mit Albert Malli, stellvertretender Senderchef Hitradio \u00d63<\/p>\n<div style=\"height: 10px;\"><\/div>\n<p><strong><span style=\"color: #ffa500;\">PodCast-Bonus:<\/span><\/strong><br \/>\n\u00b0 Digitalradio 1999<br \/>\nAus dem radioeins-Bus von der IFA 99<br \/>\nGespr\u00e4ch mit den Technikexperten:<br \/>\n* Ralf Hohn<br \/>\n* Manfred B\u00f6hm<br \/>\n* Markus Weidner<br \/>\n\u00b0 Stell Dir vor, der H\u00f6rfunk wird digital und keiner will es h\u00f6ren!<br \/>\nDAB vor dem Ende?<br \/>\nAutor: Christoph Heinzle<br \/>\nQuelle: Medienmagazin vom 05.09.1999<\/p>\n<div style=\"height: 10px;\"><\/div>\n<div style=\"height: 10px;\"><\/div>\n<div style=\"height: 10px;\"><\/div>\n<div style=\"height: 100px;\"><\/div>\n<p><span style=\"color: #888888;\">(Foto: \u00a9 J\u00f6rg Wagner)<\/span><\/p>\n<div style=\"height: 5px;\"><\/div>\n<p><script src=\"https:\/\/apis.google.com\/js\/plusone.js\" type=\"text\/javascript\">\/\/ <![CDATA[\n{lang: 'de'}\n\/\/ ]]><\/script><br \/>\n<script src=\"http:\/\/twittercounter.com\/embed\/?username=medienmagazin&amp;style=avatar\" type=\"text\/javascript\"><\/script><\/p>\n<p><noscript><a href=\"http:\/\/twittercounter.com\/medienmagazin\">medienmagazin on Twitter Counter<\/a><\/noscript><\/p>\n","protected":false},"excerpt":{"rendered":"<p>Gesamt-PodCast No audio playback capabilities, please download the audio belowDownload Audio: Closed Format: MP3 Download (verlinkte Audio-Quelle: rbb, radioeins) [00:00] INTRO: Reaktionen auf tt-Kommentar | [02:23] Timster im Kika | [12:50] ZDF sucht Intendanten [20:00] Oesterreich: pro und cntra DAB+ | [39:02] Bonus: DAB 1999 #r1MM 05.09.1999 INTRO: Reaktionen auf tt-Kommentar O-Ton: Anja Reschke, NDR [&hellip;]<\/p>\n","protected":false},"author":2,"featured_media":0,"comment_status":"open","ping_status":"open","sticky":false,"template":"","format":"standard","meta":{"_monsterinsights_skip_tracking":false,"_monsterinsights_sitenote_active":false,"_monsterinsights_sitenote_note":"","_monsterinsights_sitenote_category":0,"footnotes":""},"categories":[4],"tags":[238,154,50],"class_list":["post-28305","post","type-post","status-publish","format-standard","hentry","category-medienmagazin","tag-dabplus","tag-kika","tag-zdf"],"_links":{"self":[{"href":"https:\/\/www.wwwagner.tv\/index.php?rest_route=\/wp\/v2\/posts\/28305","targetHints":{"allow":["GET"]}}],"collection":[{"href":"https:\/\/www.wwwagner.tv\/index.php?rest_route=\/wp\/v2\/posts"}],"about":[{"href":"https:\/\/www.wwwagner.tv\/index.php?rest_route=\/wp\/v2\/types\/post"}],"author":[{"embeddable":true,"href":"https:\/\/www.wwwagner.tv\/index.php?rest_route=\/wp\/v2\/users\/2"}],"replies":[{"embeddable":true,"href":"https:\/\/www.wwwagner.tv\/index.php?rest_route=%2Fwp%2Fv2%2Fcomments&post=28305"}],"version-history":[{"count":4,"href":"https:\/\/www.wwwagner.tv\/index.php?rest_route=\/wp\/v2\/posts\/28305\/revisions"}],"predecessor-version":[{"id":28349,"href":"https:\/\/www.wwwagner.tv\/index.php?rest_route=\/wp\/v2\/posts\/28305\/revisions\/28349"}],"wp:attachment":[{"href":"https:\/\/www.wwwagner.tv\/index.php?rest_route=%2Fwp%2Fv2%2Fmedia&parent=28305"}],"wp:term":[{"taxonomy":"category","embeddable":true,"href":"https:\/\/www.wwwagner.tv\/index.php?rest_route=%2Fwp%2Fv2%2Fcategories&post=28305"},{"taxonomy":"post_tag","embeddable":true,"href":"https:\/\/www.wwwagner.tv\/index.php?rest_route=%2Fwp%2Fv2%2Ftags&post=28305"}],"curies":[{"name":"wp","href":"https:\/\/api.w.org\/{rel}","templated":true}]}}