{"id":28822,"date":"2015-10-15T16:00:29","date_gmt":"2015-10-15T15:00:29","guid":{"rendered":"http:\/\/www.wwwagner.tv\/?p=28822"},"modified":"2015-10-20T00:00:39","modified_gmt":"2015-10-19T23:00:39","slug":"digital-total","status":"publish","type":"post","link":"https:\/\/www.wwwagner.tv\/?p=28822","title":{"rendered":"Digital total"},"content":{"rendered":"<div style=\"height: 30px;\"><\/div>\n<p><span style=\"color: #ffa500;\"><span style=\"font-size: large;\"><em>&#8222;Rundfunk grenzenlos &#8211; Politik machtlos?&#8220;<\/em><\/span><\/span><\/p>\n<div style=\"height: 20px;\"><\/div>\n<figure id=\"attachment_28875\" aria-describedby=\"caption-attachment-28875\" style=\"width: 600px\" class=\"wp-caption alignnone\"><a href=\"http:\/\/www.wwwagner.tv\/wp-content\/uploads\/20151015_DSC6759_raab_heike_600.jpg\"><img loading=\"lazy\" decoding=\"async\" src=\"http:\/\/www.wwwagner.tv\/wp-content\/uploads\/20151015_DSC6759_raab_heike_600.jpg\" alt=\"Heike Raab\" width=\"600\" height=\"399\" class=\"size-full wp-image-28875\" srcset=\"https:\/\/www.wwwagner.tv\/wp-content\/uploads\/20151015_DSC6759_raab_heike_600.jpg 600w, https:\/\/www.wwwagner.tv\/wp-content\/uploads\/20151015_DSC6759_raab_heike_600-300x200.jpg 300w\" sizes=\"auto, (max-width: 600px) 100vw, 600px\" \/><\/a><figcaption id=\"caption-attachment-28875\" class=\"wp-caption-text\">Heike Raab<\/figcaption><\/figure>\n<div style=\"height: 10px;\"><\/div>\n<div style=\"height: 30px;\"><\/div>\n <audio   controls > <source src=\"http:\/\/www.wwwagner.tv\/audio\/20151015_raab_heike_verdi_64.mp3\" type='audio\/mpeg' \/> <object   type=\"application\/x-shockwave-flash\"  data=\"https:\/\/www.wwwagner.tv\/wp-content\/plugins\/wphtml5player\/inc\/flowplayer.swf\"  width=\"400\"  height=\"30\"> <param name=\"movie\" value='https:\/\/www.wwwagner.tv\/wp-content\/plugins\/wphtml5player\/inc\/flowplayer.swf' \/><param name=\"allowfullscreen\" value='false' \/><param name=\"cachebusting\" value='true' \/><param name=\"bgcolor\" value='#000000' \/><param name=\"flashvars\" value='config={\"plugins\":{\"controls\":{\"height\":30,\"autoHide\":false,\"fullscreen\":false}},\"clip\":{\"autoPlay\":false,\"url\":\"http:\\\/\\\/www.wwwagner.tv\\\/audio\\\/20151015_raab_heike_verdi_64.mp3\"},\"playlist\":[{\"autoPlay\":false,\"url\":\"http:\\\/\\\/www.wwwagner.tv\\\/audio\\\/20151015_raab_heike_verdi_64.mp3\"}],\"play\":{\"opacity\":0}}' \/>  No audio playback capabilities, please download the audio below<br \/><strong>Download Audio:<\/strong> Closed Format: <a href=\"http:\/\/www.wwwagner.tv\/audio\/20151015_raab_heike_verdi_64.mp3\">MP3<\/a> <\/object> <!-- Generated by HTML5 Multimedia Framework (http:\/\/code.google.com\/p\/html5videoplayer) --> <\/audio>  \n<div style=\"height: 10px;\"><\/div>\n<p><span style=\"color: #ffa500;\">Wer:<\/span><br \/>\n* Heike Raab, Staatssekret\u00e4rin, Bevollm\u00e4chtigte des Landes Rheinland-Pfalz beim Bund und f\u00fcr Europa, f\u00fcr Medien und Digitales<br \/>\n* Uli R\u00f6hm, Organisator ver.di Arbeitskreis Medienpolitik<br \/>\n<span style=\"color: #ffa500;\">Was:<\/span> Vortrag &#8222;Rundfunk grenzenlos &#8211; Politik machtlos?\u201c und Gespr\u00e4ch<br \/>\nw\u00e4hrend der Medienpolitischen Tagung von ver.di und DGB &#8222;Digital total?<br \/>\nDie Zukunft des \u00f6ffentlich-rechtlichen Rundfunks in der Internetgesellschaft&#8220;<br \/>\n<span style=\"color: #ffa500;\">Wann:<\/span> 15.10.2015, 16:03 Uhr<br \/>\n<span style=\"color: #ffa500;\">Wo:<\/span> Leipzig, mdr<\/p>\n<div style=\"height: 10px;\"><\/div>\n<div style=\"height: 10px;\"><\/div>\n<p><span style=\"color: #ffa500;\">Vgl.:<\/span><br \/>\n* <a href=\"http:\/\/rundfunk.verdi.de\/ueber-uns\/rundfunkpolitik\/++co++c7b81362-7260-11e5-bedb-525400248a66\" target=\"_blank\">Tagungsseite<\/a> von ver.di<\/p>\n<div style=\"height: 10px;\"><\/div>\n<hr \/>\n<p>(&#8230;)<\/p>\n<div style=\"height: 10px;\"><\/div>\n<p>20:36<br \/>\n<span style=\"color: #ffa500;\">Uli R\u00f6hm:<\/span><br \/>\nEs gibt nicht nur den medienpolitischen Herbst, den aktuellen, sondern einen ganz aktuellen Tag. Hier in der heutigen Leipziger Volkszeitung noch einmal eine ganze Seite, Th\u00fcringen will raus aus dieser Dreil\u00e4nderanstalt mdr und weggehen. Frage mal an die Staatssekret\u00e4rin, kann eigentlich ein Land so einfach alles verlassen oder m\u00fcssen dann alle Bundesl\u00e4nder zusammen einen neuen Staatsvertrag dar\u00fcber machen?<\/p>\n<p>21:03<br \/>\n<span style=\"color: #ffa500;\">Heike Raab:<\/span><br \/>\n<span style=\"color: #bfbfbf;\">In den Mehrl\u00e4nder&#8230; also ich m\u00f6chte mir jetzt kein Urteil \u00fcber den mdr erlauben &#8230; also aber in den Mehrl\u00e4nderanstalten und &#8211; Rheinland-Pfalz und Baden-W\u00fcrttemberg haben ja auch eine Mehrl\u00e4nderanstalt durch Fusion gegr\u00fcndet. Das liegt nun mehr als 15 Jahre oder ungef\u00e4hr zur\u00fcck. Da haben wir den S\u00fcdwestrundfunk gegr\u00fcndet. Wir kooperieren auch mit dem Saarl\u00e4ndischen Rundfunk und das hat sich bew\u00e4hrt. Das ist effizienter. Wir k\u00f6nnen auch dem Kostendruck standhalten. Wir k\u00f6nnen trotzdem die beiden L\u00e4nder und auch das Saarland sehr gut abbilden. Das ist mittlerweile wirklich gut zusammengewachsen und ich erfahre auch von den Kollegen beim mdr, dass das dort auch gut funktioniert und dass die Strukturen in den Mehrl\u00e4nderanstalten kosteng\u00fcnstiger sind, effizienter sind und trotzdem gutes Programm gemacht wird. Wenn nun ein Land aus einer Mehrl\u00e4nderanstalt ausscheren will &#8211; und es ist v\u00f6llig egal, ob das Th\u00fcringen oder Schleswig-Holstein w\u00e4re, die da \u00fcberhaupt nicht dr\u00fcber nachdenken, nur dass ich jetzt einfach mal ein anderes Land nenne, dann m\u00fcssten die einen solchen Vertrag k\u00fcndigen und dann m\u00fcssen sie ja, glaube ich, auch den Zuschauerinnen und Zuschauern, den B\u00fcrgern ihres Landes eben sagen, was machen Sie denn stattdessen? Gar kein Fernsehen mehr oder eine neue eigene Anstalt oder kooperieren Sie mit einer anderen Sendeanstalt? Und dann muss man auch die Frage stellen, was verbessert sich dann anschlie\u00dfend und was w\u00fcrde das kosten? Was geschieht hier mit den Rundfunkbeitr\u00e4gen? Wie werden sie verwendet und was f\u00fcr Programm kommt am Ende raus? So und ich glaube, da sind viele wichtige Fragen, die hier sicherlich zun\u00e4chst mal gepr\u00fcft werden m\u00fcssen, die ich pr\u00fcfen w\u00fcrde, bevor ich mich zu so einer Entscheidung durchringe.<\/span><\/p>\n<div style=\"height: 10px;\"><\/div>\n<p>(&#8230;)<\/p>\n<div style=\"height: 70px;\"><\/div>\n<p><span style=\"color: #888888;\">(Foto: \u00a9 J\u00f6rg Wagner)<\/span><\/p>\n<div style=\"height: 20px;\"><\/div>\n<p><script src=\"https:\/\/apis.google.com\/js\/plusone.js\" type=\"text\/javascript\">\/\/ <![CDATA[\n{lang: 'de'}\n\/\/ ]]><\/script><br \/>\n<script src=\"http:\/\/twittercounter.com\/embed\/?username=medienmagazin&amp;style=avatar\" type=\"text\/javascript\"><\/script><\/p>\n<p><noscript><a href=\"http:\/\/twittercounter.com\/medienmagazin\">medienmagazin on Twitter Counter<\/a><\/noscript><\/p>\n","protected":false},"excerpt":{"rendered":"<p>&#8222;Rundfunk grenzenlos &#8211; Politik machtlos?&#8220; No audio playback capabilities, please download the audio belowDownload Audio: Closed Format: MP3 Wer: * Heike Raab, Staatssekret\u00e4rin, Bevollm\u00e4chtigte des Landes Rheinland-Pfalz beim Bund und f\u00fcr Europa, f\u00fcr Medien und Digitales * Uli R\u00f6hm, Organisator ver.di Arbeitskreis Medienpolitik Was: Vortrag &#8222;Rundfunk grenzenlos &#8211; Politik machtlos?\u201c und Gespr\u00e4ch w\u00e4hrend der Medienpolitischen [&hellip;]<\/p>\n","protected":false},"author":2,"featured_media":0,"comment_status":"open","ping_status":"open","sticky":false,"template":"","format":"standard","meta":{"_monsterinsights_skip_tracking":false,"_monsterinsights_sitenote_active":false,"_monsterinsights_sitenote_note":"","_monsterinsights_sitenote_category":0,"footnotes":""},"categories":[17,53],"tags":[],"class_list":["post-28822","post","type-post","status-publish","format-standard","hentry","category-aktuell","category-dokument"],"_links":{"self":[{"href":"https:\/\/www.wwwagner.tv\/index.php?rest_route=\/wp\/v2\/posts\/28822","targetHints":{"allow":["GET"]}}],"collection":[{"href":"https:\/\/www.wwwagner.tv\/index.php?rest_route=\/wp\/v2\/posts"}],"about":[{"href":"https:\/\/www.wwwagner.tv\/index.php?rest_route=\/wp\/v2\/types\/post"}],"author":[{"embeddable":true,"href":"https:\/\/www.wwwagner.tv\/index.php?rest_route=\/wp\/v2\/users\/2"}],"replies":[{"embeddable":true,"href":"https:\/\/www.wwwagner.tv\/index.php?rest_route=%2Fwp%2Fv2%2Fcomments&post=28822"}],"version-history":[{"count":14,"href":"https:\/\/www.wwwagner.tv\/index.php?rest_route=\/wp\/v2\/posts\/28822\/revisions"}],"predecessor-version":[{"id":28877,"href":"https:\/\/www.wwwagner.tv\/index.php?rest_route=\/wp\/v2\/posts\/28822\/revisions\/28877"}],"wp:attachment":[{"href":"https:\/\/www.wwwagner.tv\/index.php?rest_route=%2Fwp%2Fv2%2Fmedia&parent=28822"}],"wp:term":[{"taxonomy":"category","embeddable":true,"href":"https:\/\/www.wwwagner.tv\/index.php?rest_route=%2Fwp%2Fv2%2Fcategories&post=28822"},{"taxonomy":"post_tag","embeddable":true,"href":"https:\/\/www.wwwagner.tv\/index.php?rest_route=%2Fwp%2Fv2%2Ftags&post=28822"}],"curies":[{"name":"wp","href":"https:\/\/api.w.org\/{rel}","templated":true}]}}