{"id":29347,"date":"2015-12-05T18:24:24","date_gmt":"2015-12-05T17:24:24","guid":{"rendered":"http:\/\/www.wwwagner.tv\/?p=29347"},"modified":"2015-12-06T17:36:45","modified_gmt":"2015-12-06T16:36:45","slug":"medienkritik-zwischen-satirischer-mileustudie-und-politthriller","status":"publish","type":"post","link":"https:\/\/www.wwwagner.tv\/?p=29347","title":{"rendered":"Medienkritik zwischen satirischer Milieustudie und Politthriller"},"content":{"rendered":"<div style=\"height: 30px;\"><\/div>\n<p><span style=\"color: #ffa500;\"><span style=\"font-size: large;\"><em>Der Roman &#8222;Nullnummer&#8220; von Umberto Eco <\/em><\/span><\/span><\/p>\n<div style=\"height: 20px;\"><\/div>\n<p><a href=\"http:\/\/www.wwwagner.tv\/wp-content\/uploads\/20151205_linss_vera_eco_600.jpg\"><img loading=\"lazy\" decoding=\"async\" src=\"http:\/\/www.wwwagner.tv\/wp-content\/uploads\/20151205_linss_vera_eco_600.jpg\" alt=\"20151205_linss_vera_eco_600\" width=\"600\" height=\"300\" class=\"alignnone size-full wp-image-29348\" srcset=\"https:\/\/www.wwwagner.tv\/wp-content\/uploads\/20151205_linss_vera_eco_600.jpg 600w, https:\/\/www.wwwagner.tv\/wp-content\/uploads\/20151205_linss_vera_eco_600-300x150.jpg 300w\" sizes=\"auto, (max-width: 600px) 100vw, 600px\" \/><\/a><\/p>\n<div style=\"height: 30px;\"><\/div>\n<p> <audio   controls > <source src=\"http:\/\/download.radioeins.de\/mp3\/medienmagazin\/mm20151205_2.mp3\" type='audio\/mpeg' \/> <object   type=\"application\/x-shockwave-flash\"  data=\"https:\/\/www.wwwagner.tv\/wp-content\/plugins\/wphtml5player\/inc\/flowplayer.swf\"  width=\"400\"  height=\"30\"> <param name=\"movie\" value='https:\/\/www.wwwagner.tv\/wp-content\/plugins\/wphtml5player\/inc\/flowplayer.swf' \/><param name=\"allowfullscreen\" value='false' \/><param name=\"cachebusting\" value='true' \/><param name=\"bgcolor\" value='#000000' \/><param name=\"flashvars\" value='config={\"plugins\":{\"controls\":{\"height\":30,\"autoHide\":false,\"fullscreen\":false}},\"clip\":{\"autoPlay\":false,\"url\":\"http:\\\/\\\/download.radioeins.de\\\/mp3\\\/medienmagazin\\\/mm20151205_2.mp3\"},\"playlist\":[{\"autoPlay\":false,\"url\":\"http:\\\/\\\/download.radioeins.de\\\/mp3\\\/medienmagazin\\\/mm20151205_2.mp3\"}],\"play\":{\"opacity\":0}}' \/>  No audio playback capabilities, please download the audio below<br \/><strong>Download Audio:<\/strong> Closed Format: <a href=\"http:\/\/download.radioeins.de\/mp3\/medienmagazin\/mm20151205_2.mp3\">MP3<\/a> <\/object> <!-- Generated by HTML5 Multimedia Framework (http:\/\/code.google.com\/p\/html5videoplayer) --> <\/audio>  <br \/>\n<a href=\"http:\/\/download.radioeins.de\/mp3\/medienmagazin\/mm20151205_2.mp3\" target=\"_blank\">Download<\/a><span style=\"color: #888888;\"> (verlinkte Audio-Quelle: rbb, radioeins)<\/span><\/p>\n<div style=\"height: 10px;\"><\/div>\n<p><span style=\"color: #ffa500;\">Wer:<\/span> <a href=\"http:\/\/www.vera-linss.de\" target=\"_blank\">Vera Lin\u00df<\/a>, Freie Medienjournalistin<br \/>\nO-T\u00f6ne von:<br \/>\n* Umberto Eco w\u00e4hrend der Buchvorstellung am 30.11.2015 im Gro\u00dfen Sendesaal des rbb, auf Einladung von radioeins<br \/>\n<span style=\"color: #ffa500;\">Was:<\/span> Studiogespr\u00e4ch zum neuen Roman von Umberto Eco <a href=\"http:\/\/www.hanser-literaturverlage.de\/buch\/nullnummer\/978-3-446-24939-4\/\" target=\"_blank\">&#8222;Nullnummer&#8220;<\/a><br \/>\n<span style=\"color: #ffa500;\">Wo:<\/span> Senderegie 1, radioeins, Medienstadt Potsdam-Babelsberg<br \/>\n<span style=\"color: #ffa500;\">Wann:<\/span> 05.12.2015, ab 18:24 Uhr im radioeins-Medienmagazin und in einer gek\u00fcrzten Fassung im rbb Inforadio, 06.12.2015, 10:44, 15:24 Uhr<\/p>\n<div style=\"height: 10px;\"><\/div>\n<div style=\"height: 10px;\"><\/div>\n<div style=\"height: 20px;\"><\/div>\n<div style=\"height: 10px;\"><\/div>\n<div style=\"height: 10px;\"><\/div>\n<div style=\"height: 70px;\"><\/div>\n<div style=\"height: 10px;\"><\/div>\n<p><span style=\"color: #888888;\">(Foto: \u00a9 J\u00f6rg Wagner)<\/span><\/p>\n<div style=\"height: 20px;\"><\/div>\n<p><script src=\"https:\/\/apis.google.com\/js\/plusone.js\" type=\"text\/javascript\">\/\/ <![CDATA[\n{lang: 'de'}\n\/\/ ]]><\/script><br \/>\n<script src=\"http:\/\/twittercounter.com\/embed\/?username=medienmagazin&amp;style=avatar\" type=\"text\/javascript\"><\/script><\/p>\n<p><noscript><a href=\"http:\/\/twittercounter.com\/medienmagazin\">medienmagazin on Twitter Counter<\/a><\/noscript><\/p>\n","protected":false},"excerpt":{"rendered":"<p>Der Roman &#8222;Nullnummer&#8220; von Umberto Eco No audio playback capabilities, please download the audio belowDownload Audio: Closed Format: MP3 Download (verlinkte Audio-Quelle: rbb, radioeins) Wer: Vera Lin\u00df, Freie Medienjournalistin O-T\u00f6ne von: * Umberto Eco w\u00e4hrend der Buchvorstellung am 30.11.2015 im Gro\u00dfen Sendesaal des rbb, auf Einladung von radioeins Was: Studiogespr\u00e4ch zum neuen Roman von Umberto [&hellip;]<\/p>\n","protected":false},"author":2,"featured_media":0,"comment_status":"open","ping_status":"open","sticky":false,"template":"","format":"standard","meta":{"_monsterinsights_skip_tracking":false,"_monsterinsights_sitenote_active":false,"_monsterinsights_sitenote_note":"","_monsterinsights_sitenote_category":0,"footnotes":""},"categories":[17],"tags":[632,631],"class_list":["post-29347","post","type-post","status-publish","format-standard","hentry","category-aktuell","tag-italien","tag-medienbuch"],"_links":{"self":[{"href":"https:\/\/www.wwwagner.tv\/index.php?rest_route=\/wp\/v2\/posts\/29347","targetHints":{"allow":["GET"]}}],"collection":[{"href":"https:\/\/www.wwwagner.tv\/index.php?rest_route=\/wp\/v2\/posts"}],"about":[{"href":"https:\/\/www.wwwagner.tv\/index.php?rest_route=\/wp\/v2\/types\/post"}],"author":[{"embeddable":true,"href":"https:\/\/www.wwwagner.tv\/index.php?rest_route=\/wp\/v2\/users\/2"}],"replies":[{"embeddable":true,"href":"https:\/\/www.wwwagner.tv\/index.php?rest_route=%2Fwp%2Fv2%2Fcomments&post=29347"}],"version-history":[{"count":5,"href":"https:\/\/www.wwwagner.tv\/index.php?rest_route=\/wp\/v2\/posts\/29347\/revisions"}],"predecessor-version":[{"id":29353,"href":"https:\/\/www.wwwagner.tv\/index.php?rest_route=\/wp\/v2\/posts\/29347\/revisions\/29353"}],"wp:attachment":[{"href":"https:\/\/www.wwwagner.tv\/index.php?rest_route=%2Fwp%2Fv2%2Fmedia&parent=29347"}],"wp:term":[{"taxonomy":"category","embeddable":true,"href":"https:\/\/www.wwwagner.tv\/index.php?rest_route=%2Fwp%2Fv2%2Fcategories&post=29347"},{"taxonomy":"post_tag","embeddable":true,"href":"https:\/\/www.wwwagner.tv\/index.php?rest_route=%2Fwp%2Fv2%2Ftags&post=29347"}],"curies":[{"name":"wp","href":"https:\/\/api.w.org\/{rel}","templated":true}]}}