{"id":29725,"date":"2016-02-05T12:30:01","date_gmt":"2016-02-05T11:30:01","guid":{"rendered":"http:\/\/www.wwwagner.tv\/?p=29725"},"modified":"2016-02-09T01:00:05","modified_gmt":"2016-02-09T00:00:05","slug":"rbb-rundfunkrat-waehlt-findungskommission","status":"publish","type":"post","link":"https:\/\/www.wwwagner.tv\/?p=29725","title":{"rendered":"rbb-Rundfunkrat w\u00e4hlte Findungskommission"},"content":{"rendered":"<div style=\"height: 30px;\"><\/div>\n<p><span style=\"color: #ffa500;\"><span style=\"font-size: large;\"><em><\/em><\/span><\/p>\n<div style=\"height: 20px;\"><\/div>\n<p><a href=\"http:\/\/www.wwwagner.tv\/wp-content\/uploads\/20160205_von_kirchbach_friederike_600.jpg\" rel=\"attachment wp-att-29733\"><img loading=\"lazy\" decoding=\"async\" src=\"http:\/\/www.wwwagner.tv\/wp-content\/uploads\/20160205_von_kirchbach_friederike_600.jpg\" alt=\"20160205_von_kirchbach_friederike_600\" width=\"600\" height=\"300\" class=\"alignnone size-full wp-image-29733\" srcset=\"https:\/\/www.wwwagner.tv\/wp-content\/uploads\/20160205_von_kirchbach_friederike_600.jpg 600w, https:\/\/www.wwwagner.tv\/wp-content\/uploads\/20160205_von_kirchbach_friederike_600-300x150.jpg 300w\" sizes=\"auto, (max-width: 600px) 100vw, 600px\" \/><\/a><\/p>\n<div style=\"height: 20px;\"><\/div>\n<p> <audio   controls > <source src=\"http:\/\/www.wwwagner.tv\/audio\/20160205_von_kirchbach_friedrike_64.mp3\" type='audio\/mpeg' \/> <object   type=\"application\/x-shockwave-flash\"  data=\"https:\/\/www.wwwagner.tv\/wp-content\/plugins\/wphtml5player\/inc\/flowplayer.swf\"  width=\"400\"  height=\"30\"> <param name=\"movie\" value='https:\/\/www.wwwagner.tv\/wp-content\/plugins\/wphtml5player\/inc\/flowplayer.swf' \/><param name=\"allowfullscreen\" value='false' \/><param name=\"cachebusting\" value='true' \/><param name=\"bgcolor\" value='#000000' \/><param name=\"flashvars\" value='config={\"plugins\":{\"controls\":{\"height\":30,\"autoHide\":false,\"fullscreen\":false}},\"clip\":{\"autoPlay\":false,\"url\":\"http:\\\/\\\/www.wwwagner.tv\\\/audio\\\/20160205_von_kirchbach_friedrike_64.mp3\"},\"playlist\":[{\"autoPlay\":false,\"url\":\"http:\\\/\\\/www.wwwagner.tv\\\/audio\\\/20160205_von_kirchbach_friedrike_64.mp3\"}],\"play\":{\"opacity\":0}}' \/>  No audio playback capabilities, please download the audio below<br \/><strong>Download Audio:<\/strong> Closed Format: <a href=\"http:\/\/www.wwwagner.tv\/audio\/20160205_von_kirchbach_friedrike_64.mp3\">MP3<\/a> <\/object> <!-- Generated by HTML5 Multimedia Framework (http:\/\/code.google.com\/p\/html5videoplayer) --> <\/audio>  <br \/>\n<a href=\"http:\/\/www.wwwagner.tv\/audio\/20160205_von_kirchbach_friedrike_64.mp3\" target=\"_blank\">Download<\/a><\/p>\n<div style=\"height: 20px;\"><\/div>\n<p><span style=\"color: #ffa500;\">Wer:<\/span> Friederike von Kirchbach, rbb-Rundfunkratsvorsitzende<br \/>\n<span style=\"color: #ffa500;\">Was:<\/span> Interview im Anschluss einer Au\u00dferordentlichen Rundfunkratssitzung, in der eine Intendantin\/en-Findungskommission gew\u00e4hlt wurde<br \/>\n<span style=\"color: #ffa500;\">Wann:<\/span> rec.: 05.02.2016, 13:12 Uhr; ver\u00f6ffentlicht: <a href=\"http:\/\/bit.ly\/1PKYahl\" target=\"_blank\">06.02.2016<\/a>, 18:25 Uhr im radioeins-Medienmagazin und in einer gek\u00fcrzten Fassung im rbb Inforadio 07.02.2016, 10:44\/15:24 Uhr<\/p>\n<div style=\"height: 10px;\"><\/div>\n<hr>\n<\/hr>\n<div style=\"height: 10px;\"><\/di\n\n\n\n\n\n\n\n\n<div style=\"height: 70px;\"><\/div>\n<div style=\"height: 10px;\"><\/div>\n<div style=\"height: 10px;\"><\/div>\n<p><span style=\"color: #888888;\">(Foto: \u00a9 J\u00f6rg Wagner)<\/span><\/p>\n<div style=\"height: 20px;\"><\/div>\n<p><script src=\"https:\/\/apis.google.com\/js\/plusone.js\" type=\"text\/javascript\">\/\/ <![CDATA[\n{lang: 'de'}\n\/\/ ]]><\/script><br \/>\n<script src=\"http:\/\/twittercounter.com\/embed\/?username=medienmagazin&amp;style=avatar\" type=\"text\/javascript\"><\/script><\/p>\n<p><noscript><a href=\"http:\/\/twittercounter.com\/medienmagazin\">medienmagazin on Twitter Counter<\/a><\/noscript><\/p>\n","protected":false},"excerpt":{"rendered":"<p>No audio playback capabilities, please download the audio belowDownload Audio: Closed Format: MP3 Download Wer: Friederike von Kirchbach, rbb-Rundfunkratsvorsitzende Was: Interview im Anschluss einer Au\u00dferordentlichen Rundfunkratssitzung, in der eine Intendantin\/en-Findungskommission gew\u00e4hlt wurde Wann: rec.: 05.02.2016, 13:12 Uhr; ver\u00f6ffentlicht: 06.02.2016, 18:25 Uhr im radioeins-Medienmagazin und in einer gek\u00fcrzten Fassung im rbb Inforadio 07.02.2016, 10:44\/15:24 Uhr<\/p>\n","protected":false},"author":2,"featured_media":0,"comment_status":"open","ping_status":"open","sticky":false,"template":"","format":"standard","meta":{"_monsterinsights_skip_tracking":false,"_monsterinsights_sitenote_active":false,"_monsterinsights_sitenote_note":"","_monsterinsights_sitenote_category":0,"footnotes":""},"categories":[17],"tags":[88],"class_list":["post-29725","post","type-post","status-publish","format-standard","hentry","category-aktuell","tag-rbb"],"_links":{"self":[{"href":"https:\/\/www.wwwagner.tv\/index.php?rest_route=\/wp\/v2\/posts\/29725","targetHints":{"allow":["GET"]}}],"collection":[{"href":"https:\/\/www.wwwagner.tv\/index.php?rest_route=\/wp\/v2\/posts"}],"about":[{"href":"https:\/\/www.wwwagner.tv\/index.php?rest_route=\/wp\/v2\/types\/post"}],"author":[{"embeddable":true,"href":"https:\/\/www.wwwagner.tv\/index.php?rest_route=\/wp\/v2\/users\/2"}],"replies":[{"embeddable":true,"href":"https:\/\/www.wwwagner.tv\/index.php?rest_route=%2Fwp%2Fv2%2Fcomments&post=29725"}],"version-history":[{"count":8,"href":"https:\/\/www.wwwagner.tv\/index.php?rest_route=\/wp\/v2\/posts\/29725\/revisions"}],"predecessor-version":[{"id":29760,"href":"https:\/\/www.wwwagner.tv\/index.php?rest_route=\/wp\/v2\/posts\/29725\/revisions\/29760"}],"wp:attachment":[{"href":"https:\/\/www.wwwagner.tv\/index.php?rest_route=%2Fwp%2Fv2%2Fmedia&parent=29725"}],"wp:term":[{"taxonomy":"category","embeddable":true,"href":"https:\/\/www.wwwagner.tv\/index.php?rest_route=%2Fwp%2Fv2%2Fcategories&post=29725"},{"taxonomy":"post_tag","embeddable":true,"href":"https:\/\/www.wwwagner.tv\/index.php?rest_route=%2Fwp%2Fv2%2Ftags&post=29725"}],"curies":[{"name":"wp","href":"https:\/\/api.w.org\/{rel}","templated":true}]}}