{"id":29841,"date":"2016-02-15T19:50:06","date_gmt":"2016-02-15T18:50:06","guid":{"rendered":"http:\/\/www.wwwagner.tv\/?p=29841"},"modified":"2016-02-19T14:21:43","modified_gmt":"2016-02-19T13:21:43","slug":"medium-magazin-preis-fuer-das-lebenswerk-hans-leyendecker","status":"publish","type":"post","link":"https:\/\/www.wwwagner.tv\/?p=29841","title":{"rendered":"medium magazin: Preis f\u00fcr das Lebenswerk &#8211; Hans Leyendecker"},"content":{"rendered":"<div style=\"height: 30px;\"><\/div>\n<p><span style=\"color: #ffa500;\"><span style=\"font-size: large;\"><em><\/em><\/span><\/p>\n<div style=\"height: 20px;\"><\/div>\n<p><a href=\"http:\/\/www.wwwagner.tv\/wp-content\/uploads\/20160215_leyendecker_hans_600.jpg\" rel=\"attachment wp-att-29842\"><img loading=\"lazy\" decoding=\"async\" src=\"http:\/\/www.wwwagner.tv\/wp-content\/uploads\/20160215_leyendecker_hans_600.jpg\" alt=\"20160215_leyendecker_hans_600\" width=\"600\" height=\"378\" class=\"alignnone size-full wp-image-29842\" srcset=\"https:\/\/www.wwwagner.tv\/wp-content\/uploads\/20160215_leyendecker_hans_600.jpg 600w, https:\/\/www.wwwagner.tv\/wp-content\/uploads\/20160215_leyendecker_hans_600-300x189.jpg 300w\" sizes=\"auto, (max-width: 600px) 100vw, 600px\" \/><\/a><\/p>\n<div style=\"height: 20px;\"><\/div>\n<p>Hans Leyendecker, Leiter des Investigativressorts der S\u00fcddeutschen Zeitung ist von der Fachzeitschrift &#8222;medium magazin&#8220; und einer unabh\u00e4ngigen Jury zum &#8222;Journalisten des Jahres 2015&#8220; in der Kategorie &#8222;Lebenswerk&#8220; gek\u00fcrt worden. <\/p>\n<p>In der Begr\u00fcndung der Jury hei\u00dft es:<br \/>\n<span style=\"color: #c0c0c0;\">&#8222;Es gibt keinen Enth\u00fcllungsjournalisten, der mit einer solchen Schlagzahl investigative Geschichten in den unterschiedlichsten Feldern publiziert. Nach 18 rechercheintensiven Jahren beim Nachrichtenmagazin &#8218;Der Spiegel&#8216; \u2013 u. a. mit der Aufdeckung der Flick-Aff\u00e4re \u2013 arbeitet Hans Leyendecker (66) seit 2007 als leitender politischer Redakteur f\u00fcr die &#8218;S\u00fcddeutsche Zeitung&#8216;. Dort hat er ein Rechercheressort aufgebaut und wiederholt mit gro\u00dfen Geschichten (wie \u00fcber den CDU-Spendenskandal oder die Siemens-Aff\u00e4re) die politische Debatte in Deutschland bestimmt, sich aber auch mit eigenen Fehlern selbstkritisch auseinandergesetzt. Hans Leyendecker hat sich nicht zuletzt als Mitbegr\u00fcnder und Vorstandsmitglied des Netzwerks Recherche e. V. stets auch f\u00fcr den journalistischen Nachwuchs eingesetzt. Seine Lebensleistung im Dienste eines unbestechlichen, aufkl\u00e4rerischen Journalismus verdient hohe Anerkennung.&#8220;<\/span><\/p>\n<p>Das Video dokumentiert seine Dankesrede.<\/p>\n<div style=\"height: 20px;\"><\/div>\n<div class=\"BorlabsCookie\"><div class=\"_brlbs-content-blocker\"> <div class=\"_brlbs-embed _brlbs-video-youtube\"> <img class=\"_brlbs-thumbnail\" src=\"https:\/\/www.wwwagner.tv\/wp-content\/plugins\/borlabs-cookie\/images\/cb-no-thumbnail.png\" alt=\"YouTube\"> <div class=\"_brlbs-caption\"> <p>Mit dem Laden des Videos akzeptieren Sie die Datenschutzerkl\u00e4rung von YouTube.<br><a href=\"https:\/\/policies.google.com\/privacy\" target=\"_blank\" rel=\"nofollow noopener noreferrer\">Mehr erfahren<\/a><\/p> <p><a class=\"_brlbs-btn _brlbs-icon-play-white\" href=\"#\" data-borlabs-cookie-unblock role=\"button\">Video laden<\/a><\/p> <p><label><input type=\"checkbox\" name=\"unblockAll\" value=\"1\" checked> <small>YouTube immer entsperren<\/small><\/label><\/p> <\/div> <\/div> <\/div><div class=\"borlabs-hide\" data-borlabs-cookie-type=\"content-blocker\" data-borlabs-cookie-id=\"youtube\"><script type=\"text\/template\">PHA+PGlmcmFtZSBsb2FkaW5nPSJsYXp5IiB3aWR0aD0iNTAwIiBoZWlnaHQ9IjI4MSIgc3JjPSJodHRwczovL3d3dy55b3V0dWJlLW5vY29va2llLmNvbS9lbWJlZC9mUUtLQ3JQN1VnYz9yZWw9MCZhbXA7c2hvd2luZm89MCIgZnJhbWVib3JkZXI9IjAiIGFsbG93ZnVsbHNjcmVlbj48L2lmcmFtZT48L3A+<\/script><\/div><\/div>\n<div style=\"height: 20px;\"><\/div>\n<p><span style=\"color: #ffa500;\">Wer:<\/span> Hans Leyendecker, Leiter des Investigativ-Ressorts, S\u00fcddeutsche Zeitung<br \/>\n<span style=\"color: #ffa500;\">Was:<\/span> Dankesrede zur Verleihung des Preises <a href=\"http:\/\/52.58.6.8\/?preise=2015\" target=\"_blank\">&#8222;Journalistin des Jahres 2015&#8220;<\/a> f\u00fcr das Lebenswerk<br \/>\ndurch das <a href=\"http:\/\/www.mediummagazin.de\/\" target=\"_blank\">medium magazin<\/a><br \/>\n<span style=\"color: #ffa500;\">Wo:<\/span> Berlin, Deutsches Historisches Museum<br \/>\n<span style=\"color: #ffa500;\">Wann:<\/span> 15.02.2016, 19:50 Uhr<\/p>\n<div style=\"height: 10px;\"><\/div>\n<hr>\n<\/hr>\n<div style=\"height: 10px;\"><\/div>\n<p><span style=\"color: #ffa500;\">Vgl.:<\/span><\/p>\n<div class=\"BorlabsCookie\"><div class=\"_brlbs-content-blocker\"> <div class=\"_brlbs-embed _brlbs-video-youtube\"> <img class=\"_brlbs-thumbnail\" src=\"https:\/\/www.wwwagner.tv\/wp-content\/plugins\/borlabs-cookie\/images\/cb-no-thumbnail.png\" alt=\"YouTube\"> <div class=\"_brlbs-caption\"> <p>Mit dem Laden des Videos akzeptieren Sie die Datenschutzerkl\u00e4rung von YouTube.<br><a href=\"https:\/\/policies.google.com\/privacy\" target=\"_blank\" rel=\"nofollow noopener noreferrer\">Mehr erfahren<\/a><\/p> <p><a class=\"_brlbs-btn _brlbs-icon-play-white\" href=\"#\" data-borlabs-cookie-unblock role=\"button\">Video laden<\/a><\/p> <p><label><input type=\"checkbox\" name=\"unblockAll\" value=\"1\" checked> <small>YouTube immer entsperren<\/small><\/label><\/p> <\/div> <\/div> <\/div><div class=\"borlabs-hide\" data-borlabs-cookie-type=\"content-blocker\" data-borlabs-cookie-id=\"youtube\"><script type=\"text\/template\">PHA+PGlmcmFtZSBsb2FkaW5nPSJsYXp5IiB3aWR0aD0iNDAwIiBoZWlnaHQ9IjIyNSIgc3JjPSJodHRwczovL3d3dy55b3V0dWJlLW5vY29va2llLmNvbS9lbWJlZC9nS29uXzNiN0lRZz9yZWw9MCZhbXA7c2hvd2luZm89MCIgZnJhbWVib3JkZXI9IjAiIGFsbG93ZnVsbHNjcmVlbj48L2lmcmFtZT48L3A+<\/script><\/div><\/div>\n<div style=\"height: 10px;\"><\/div>\n<p><span style=\"color: #ffa500;\">Wer:<\/span> Georg Mascolo, Leiter Rechercheverbund NDR, WDR und S\u00fcddeutsche Zeitung<br \/>\n<span style=\"color: #ffa500;\">Was:<\/span> Laudatio auf Hans Leyendecker<br \/>\ndurch das <a href=\"http:\/\/www.mediummagazin.de\/\" target=\"_blank\">medium magazin<\/a><br \/>\n<span style=\"color: #ffa500;\">Wo:<\/span> Berlin, Deutsches Historisches Museum<br \/>\n<span style=\"color: #ffa500;\">Wann:<\/span> 15.02.2016, 19:43 Uhr<\/p>\n<div style=\"height: 70px;\"><\/div>\n<div style=\"height: 10px;\"><\/div>\n<div style=\"height: 10px;\"><\/div>\n<p><span style=\"color: #888888;\">(Foto+Videos: \u00a9 J\u00f6rg Wagner)<\/span><\/p>\n<div style=\"height: 20px;\"><\/div>\n<p><script src=\"https:\/\/apis.google.com\/js\/plusone.js\" type=\"text\/javascript\">\/\/ <![CDATA[\n{lang: 'de'}\n\/\/ ]]><\/script><br \/>\n<script src=\"http:\/\/twittercounter.com\/embed\/?username=medienmagazin&amp;style=avatar\" type=\"text\/javascript\"><\/script><\/p>\n<p><noscript><a href=\"http:\/\/twittercounter.com\/medienmagazin\">medienmagazin on Twitter Counter<\/a><\/noscript><\/p>\n","protected":false},"excerpt":{"rendered":"<p>Hans Leyendecker, Leiter des Investigativressorts der S\u00fcddeutschen Zeitung ist von der Fachzeitschrift &#8222;medium magazin&#8220; und einer unabh\u00e4ngigen Jury zum &#8222;Journalisten des Jahres 2015&#8220; in der Kategorie &#8222;Lebenswerk&#8220; gek\u00fcrt worden. In der Begr\u00fcndung der Jury hei\u00dft es: &#8222;Es gibt keinen Enth\u00fcllungsjournalisten, der mit einer solchen Schlagzahl investigative Geschichten in den unterschiedlichsten Feldern publiziert. Nach 18 rechercheintensiven [&hellip;]<\/p>\n","protected":false},"author":2,"featured_media":0,"comment_status":"open","ping_status":"open","sticky":false,"template":"","format":"standard","meta":{"_monsterinsights_skip_tracking":false,"footnotes":""},"categories":[17,53],"tags":[165,346],"class_list":["post-29841","post","type-post","status-publish","format-standard","hentry","category-aktuell","category-dokument","tag-journalistenpreis","tag-mediummagazin"],"_links":{"self":[{"href":"https:\/\/www.wwwagner.tv\/index.php?rest_route=\/wp\/v2\/posts\/29841","targetHints":{"allow":["GET"]}}],"collection":[{"href":"https:\/\/www.wwwagner.tv\/index.php?rest_route=\/wp\/v2\/posts"}],"about":[{"href":"https:\/\/www.wwwagner.tv\/index.php?rest_route=\/wp\/v2\/types\/post"}],"author":[{"embeddable":true,"href":"https:\/\/www.wwwagner.tv\/index.php?rest_route=\/wp\/v2\/users\/2"}],"replies":[{"embeddable":true,"href":"https:\/\/www.wwwagner.tv\/index.php?rest_route=%2Fwp%2Fv2%2Fcomments&post=29841"}],"version-history":[{"count":3,"href":"https:\/\/www.wwwagner.tv\/index.php?rest_route=\/wp\/v2\/posts\/29841\/revisions"}],"predecessor-version":[{"id":29845,"href":"https:\/\/www.wwwagner.tv\/index.php?rest_route=\/wp\/v2\/posts\/29841\/revisions\/29845"}],"wp:attachment":[{"href":"https:\/\/www.wwwagner.tv\/index.php?rest_route=%2Fwp%2Fv2%2Fmedia&parent=29841"}],"wp:term":[{"taxonomy":"category","embeddable":true,"href":"https:\/\/www.wwwagner.tv\/index.php?rest_route=%2Fwp%2Fv2%2Fcategories&post=29841"},{"taxonomy":"post_tag","embeddable":true,"href":"https:\/\/www.wwwagner.tv\/index.php?rest_route=%2Fwp%2Fv2%2Ftags&post=29841"}],"curies":[{"name":"wp","href":"https:\/\/api.w.org\/{rel}","templated":true}]}}