{"id":30112,"date":"2016-03-30T16:45:02","date_gmt":"2016-03-30T15:45:02","guid":{"rendered":"http:\/\/www.wwwagner.tv\/?p=30112"},"modified":"2018-07-16T22:05:42","modified_gmt":"2018-07-16T21:05:42","slug":"die-mordserie-des-nsu-und-die-rolle-des-staates-diskussion-zum-tv-dreiler-der-ard","status":"publish","type":"post","link":"https:\/\/www.wwwagner.tv\/?p=30112","title":{"rendered":"\u201eDie Mordserie des NSU und die Rolle des Staates\u201c &#8211; Diskussion zum TV-Dreiler der ARD"},"content":{"rendered":"<p><a href=\"http:\/\/www.wwwagner.tv\/wp-content\/uploads\/20160330_20160330_diskussion_600mS.jpg\" rel=\"attachment wp-att-30115\"><img loading=\"lazy\" decoding=\"async\" src=\"http:\/\/www.wwwagner.tv\/wp-content\/uploads\/20160330_20160330_diskussion_600mS.jpg\" alt=\"20160330_20160330_diskussion_600mS\" width=\"600\" height=\"261\" class=\"alignnone size-full wp-image-30115\" srcset=\"https:\/\/www.wwwagner.tv\/wp-content\/uploads\/20160330_20160330_diskussion_600mS.jpg 600w, https:\/\/www.wwwagner.tv\/wp-content\/uploads\/20160330_20160330_diskussion_600mS-300x131.jpg 300w\" sizes=\"auto, (max-width: 600px) 100vw, 600px\" \/><\/a><\/p>\n<div style=\"height: 20px;\"><\/div>\n<div style=\"height: 30px;\"><\/div>\n<p> <audio   controls > <source src=\"http:\/\/www.wwwagner.tv\/audio\/20160330_nsu-diskussion_56.mp3\" type='audio\/mpeg' \/> <object   type=\"application\/x-shockwave-flash\"  data=\"https:\/\/www.wwwagner.tv\/wp-content\/plugins\/wphtml5player\/inc\/flowplayer.swf\"  width=\"400\"  height=\"30\"> <param name=\"movie\" value='https:\/\/www.wwwagner.tv\/wp-content\/plugins\/wphtml5player\/inc\/flowplayer.swf' \/><param name=\"allowfullscreen\" value='false' \/><param name=\"cachebusting\" value='true' \/><param name=\"bgcolor\" value='#000000' \/><param name=\"flashvars\" value='config={\"plugins\":{\"controls\":{\"height\":30,\"autoHide\":false,\"fullscreen\":false}},\"clip\":{\"autoPlay\":false,\"url\":\"http:\\\/\\\/www.wwwagner.tv\\\/audio\\\/20160330_nsu-diskussion_56.mp3\"},\"playlist\":[{\"autoPlay\":false,\"url\":\"http:\\\/\\\/www.wwwagner.tv\\\/audio\\\/20160330_nsu-diskussion_56.mp3\"}],\"play\":{\"opacity\":0}}' \/>  No audio playback capabilities, please download the audio below<br \/><strong>Download Audio:<\/strong> Closed Format: <a href=\"http:\/\/www.wwwagner.tv\/audio\/20160330_nsu-diskussion_56.mp3\">MP3<\/a> <\/object> <!-- Generated by HTML5 Multimedia Framework (http:\/\/code.google.com\/p\/html5videoplayer) --> <\/audio>  <br \/>\n<a href=\"http:\/\/www.wwwagner.tv\/audio\/20160330_nsu-diskussion_56.mp3\" target=\"_blank\">Download<\/a><\/p>\n<div style=\"height: 10px;\"><\/div>\n<p><u>Was<\/u>: Podiumsdiskussion vor der TV-Ausstrahlung &#8222;Mitten in Deutschland: NSU&#8220;<br \/>\n<u>Wer<\/u>: (v.l.n.r.)<br \/>\n* Dr. Mehmet Daimag\u00fcler, Rechtsanwalt, Kolumnist, Buchautor, seit 2011 Opferanwalt und Vertreter der Nebenklage beim NSU-Prozess<br \/>\n* Gabriela Sperl, Produzentin der ARD\u2010Trilogie &#8222;Mitten in Deutschland: NSU&#8220;<br \/>\n* Dorothea Marx, SPD-Politikerin und Vorsitzende beider Th\u00fcringer NSU-Untersuchungsaussch\u00fcsse<br \/>\n* Hans-Ulrich J\u00f6rges, Chefredakteur f\u00fcr Sonderaufgaben Gruner+Jahr, Mitglied der Chefredaktion des Stern (Moderation)<br \/>\n* Petra Pau, Vize-Pr\u00e4sidentin des Bundestages, Die Linke, Mitglied im 3. NSU-Untersuchungsausschuss des Bundestags<br \/>\n* Stephan J. Kramer, Pr\u00e4sident des Amtes f\u00fcr Verfassungsschutz beim Th\u00fcringer Ministerium f\u00fcr Inneres und Kommunales<br \/>\n* Yavuz Narin, Rechtsanwalt, seit 2011 Opferanwalt und Vertreter der Nebenklage beim NSU\u2010Prozess am OLG M\u00fcnchen<br \/>\n<u>Wo<\/u>: Berlin, Kino Babylon<br \/>\n<u>Wann<\/u>: 30.03.2016, 16:45-17:50 Uhr<\/p>\n<div style=\"height: 10px;\"><\/div>\n<p>Veranstaltung von <a href=\"http:\/\/www.w-b-television.de\/\" target=\"_blank\">Wiedemann &#038; Berg Television<\/a><\/p>\n<hr \/>\n<p><figure id=\"attachment_30125\" aria-describedby=\"caption-attachment-30125\" style=\"width: 300px\" class=\"wp-caption alignnone\"><a href=\"http:\/\/www.wwwagner.tv\/wp-content\/uploads\/20160330_20160330_joerges_hans-ulrich_300x300.jpg\" rel=\"attachment wp-att-30125\"><img loading=\"lazy\" decoding=\"async\" src=\"http:\/\/www.wwwagner.tv\/wp-content\/uploads\/20160330_20160330_joerges_hans-ulrich_300x300.jpg\" alt=\"Hans-Ulrich J\u00f6rges: &quot;Ich halte das f\u00fcr eine Staatsaff\u00e4re.&quot;\" width=\"300\" height=\"300\" class=\"size-full wp-image-30125\" srcset=\"https:\/\/www.wwwagner.tv\/wp-content\/uploads\/20160330_20160330_joerges_hans-ulrich_300x300.jpg 300w, https:\/\/www.wwwagner.tv\/wp-content\/uploads\/20160330_20160330_joerges_hans-ulrich_300x300-150x150.jpg 150w\" sizes=\"auto, (max-width: 300px) 100vw, 300px\" \/><\/a><figcaption id=\"caption-attachment-30125\" class=\"wp-caption-text\">Hans-Ulrich J\u00f6rges: &#8222;Ich halte das f\u00fcr eine Staatsaff\u00e4re.&#8220;<\/figcaption><\/figure><figure id=\"attachment_30127\" aria-describedby=\"caption-attachment-30127\" style=\"width: 300px\" class=\"wp-caption alignnone\"><a href=\"http:\/\/www.wwwagner.tv\/wp-content\/uploads\/20160330_sperl_gabriela_300x300.jpg\" rel=\"attachment wp-att-30127\"><img loading=\"lazy\" decoding=\"async\" src=\"http:\/\/www.wwwagner.tv\/wp-content\/uploads\/20160330_sperl_gabriela_300x300.jpg\" alt=\"Gabriela Sperl: &quot;Wie kann es sein, dass n einem Land wie Deutschland, 10 Morde, 15 Bank\u00fcberf\u00e4lle ... und zwei Bombenanschl\u00e4ge in einem so gut organisierten Staat, der eine Aufkl\u00e4rungsquote von 95 bis 98 Prozent hat, 27 F\u00e4lle nicht gel\u00f6st sind?&quot;\" width=\"300\" height=\"300\" class=\"size-full wp-image-30127\" srcset=\"https:\/\/www.wwwagner.tv\/wp-content\/uploads\/20160330_sperl_gabriela_300x300.jpg 300w, https:\/\/www.wwwagner.tv\/wp-content\/uploads\/20160330_sperl_gabriela_300x300-150x150.jpg 150w\" sizes=\"auto, (max-width: 300px) 100vw, 300px\" \/><\/a><figcaption id=\"caption-attachment-30127\" class=\"wp-caption-text\">Gabriela Sperl: &#8222;Wie kann es sein, dass in einem Land wie Deutschland, 10 Morde, 15 Bank\u00fcberf\u00e4lle &#8230; und zwei Bombenanschl\u00e4ge in einem so gut organisierten Staat, der eine Aufkl\u00e4rungsquote von 95 bis 98 Prozent hat, 27 F\u00e4lle nicht gel\u00f6st sind?&#8220;<\/figcaption><\/figure><br \/>\n<figure id=\"attachment_30130\" aria-describedby=\"caption-attachment-30130\" style=\"width: 300px\" class=\"wp-caption alignnone\"><a href=\"http:\/\/www.wwwagner.tv\/wp-content\/uploads\/20160330_pau_petra_300x300.jpg\" rel=\"attachment wp-att-30130\"><img loading=\"lazy\" decoding=\"async\" src=\"http:\/\/www.wwwagner.tv\/wp-content\/uploads\/20160330_pau_petra_300x300.jpg\" alt=\"Petra Pau: &quot;Es sind die dr\u00e4ngendsten Fragen nicht beantwortet&quot;\" width=\"300\" height=\"300\" class=\"size-full wp-image-30130\" srcset=\"https:\/\/www.wwwagner.tv\/wp-content\/uploads\/20160330_pau_petra_300x300.jpg 300w, https:\/\/www.wwwagner.tv\/wp-content\/uploads\/20160330_pau_petra_300x300-150x150.jpg 150w\" sizes=\"auto, (max-width: 300px) 100vw, 300px\" \/><\/a><figcaption id=\"caption-attachment-30130\" class=\"wp-caption-text\">Petra Pau: &#8222;Es sind die dr\u00e4ngendsten Fragen nicht beantwortet&#8220;<\/figcaption><\/figure><br \/>\n<figure id=\"attachment_30132\" aria-describedby=\"caption-attachment-30132\" style=\"width: 300px\" class=\"wp-caption alignnone\"><a href=\"http:\/\/www.wwwagner.tv\/wp-content\/uploads\/20160330_marx_gabriela_300x300.jpg\" rel=\"attachment wp-att-30132\"><img loading=\"lazy\" decoding=\"async\" src=\"http:\/\/www.wwwagner.tv\/wp-content\/uploads\/20160330_marx_gabriela_300x300.jpg\" alt=\"Dorothea Marx &quot;Gezielte Sabotage&quot;\" width=\"300\" height=\"300\" class=\"size-full wp-image-30132\" srcset=\"https:\/\/www.wwwagner.tv\/wp-content\/uploads\/20160330_marx_gabriela_300x300.jpg 300w, https:\/\/www.wwwagner.tv\/wp-content\/uploads\/20160330_marx_gabriela_300x300-150x150.jpg 150w\" sizes=\"auto, (max-width: 300px) 100vw, 300px\" \/><\/a><figcaption id=\"caption-attachment-30132\" class=\"wp-caption-text\">Dorothea Marx &#8222;Gezielte Sabotage&#8220;<\/figcaption><\/figure><br \/>\n<figure id=\"attachment_30142\" aria-describedby=\"caption-attachment-30142\" style=\"width: 300px\" class=\"wp-caption alignnone\"><a href=\"http:\/\/www.wwwagner.tv\/wp-content\/uploads\/20160330_kramer_stephan_j_300x300.jpg\" rel=\"attachment wp-att-30142\"><img loading=\"lazy\" decoding=\"async\" src=\"http:\/\/www.wwwagner.tv\/wp-content\/uploads\/20160330_kramer_stephan_j_300x300.jpg\" alt=\"Stephan J. Kramer: &quot;Die Grundlagen f\u00fcr eine Reform, f\u00fcr den Willen zu einer Reform sind gelegt und die m\u00fcssen mit Leben erf\u00fcllt werden.&quot;\" width=\"300\" height=\"300\" class=\"size-full wp-image-30142\" srcset=\"https:\/\/www.wwwagner.tv\/wp-content\/uploads\/20160330_kramer_stephan_j_300x300.jpg 300w, https:\/\/www.wwwagner.tv\/wp-content\/uploads\/20160330_kramer_stephan_j_300x300-150x150.jpg 150w\" sizes=\"auto, (max-width: 300px) 100vw, 300px\" \/><\/a><figcaption id=\"caption-attachment-30142\" class=\"wp-caption-text\">Stephan J. Kramer: &#8222;Die Grundlagen f\u00fcr eine Reform, f\u00fcr den Willen zu einer Reform sind gelegt und die m\u00fcssen mit Leben erf\u00fcllt werden.&#8220;<\/figcaption><\/figure><br \/>\n<figure id=\"attachment_30198\" aria-describedby=\"caption-attachment-30198\" style=\"width: 300px\" class=\"wp-caption alignnone\"><a href=\"http:\/\/www.wwwagner.tv\/wp-content\/uploads\/20160330_daimagu\u0308ler_mehmet_300x300.jpg\" rel=\"attachment wp-att-30198\"><img loading=\"lazy\" decoding=\"async\" src=\"http:\/\/www.wwwagner.tv\/wp-content\/uploads\/20160330_daimagu\u0308ler_mehmet_300x300.jpg\" alt=\"Dr. Mehmet Daimag\u00fcler: &quot;F\u00fcr diejenigen, die mich fragen, k\u00f6nnte der NSU noch einmal passieren, kann ich nur gegenfragen: woher wisst ihr denn, dass es nicht jetzt in diesem Moment passiert?&quot;\" width=\"300\" height=\"300\" class=\"size-full wp-image-30198\" srcset=\"https:\/\/www.wwwagner.tv\/wp-content\/uploads\/20160330_daimagu\u0308ler_mehmet_300x300.jpg 300w, https:\/\/www.wwwagner.tv\/wp-content\/uploads\/20160330_daimagu\u0308ler_mehmet_300x300-150x150.jpg 150w\" sizes=\"auto, (max-width: 300px) 100vw, 300px\" \/><\/a><figcaption id=\"caption-attachment-30198\" class=\"wp-caption-text\">Dr. Mehmet Daimag\u00fcler: &#8222;F\u00fcr diejenigen, die mich fragen, k\u00f6nnte der NSU noch einmal passieren, kann ich nur gegenfragen: woher wisst ihr denn, dass es nicht jetzt in diesem Moment passiert?&#8220;<\/figcaption><\/figure><br \/>\n<figure id=\"attachment_30139\" aria-describedby=\"caption-attachment-30139\" style=\"width: 300px\" class=\"wp-caption alignnone\"><a href=\"http:\/\/www.wwwagner.tv\/wp-content\/uploads\/20160330_narin_yavuz_300x300.jpg\" rel=\"attachment wp-att-30139\"><img loading=\"lazy\" decoding=\"async\" src=\"http:\/\/www.wwwagner.tv\/wp-content\/uploads\/20160330_narin_yavuz_300x300.jpg\" alt=\"Yavuz Narin: &quot;Wir haben es definitiv NICHT mit einem Trio zu tun. Wir haben im Prozess nachweisen k\u00f6nnen, dass zahlreiche Personen dieses sogenannte NSU-Trio im Untergrund unterst\u00fctzt haben.&quot;\" width=\"300\" height=\"300\" class=\"size-full wp-image-30139\" srcset=\"https:\/\/www.wwwagner.tv\/wp-content\/uploads\/20160330_narin_yavuz_300x300.jpg 300w, https:\/\/www.wwwagner.tv\/wp-content\/uploads\/20160330_narin_yavuz_300x300-150x150.jpg 150w\" sizes=\"auto, (max-width: 300px) 100vw, 300px\" \/><\/a><figcaption id=\"caption-attachment-30139\" class=\"wp-caption-text\">Yavuz Narin: &#8222;Wir haben es definitiv NICHT mit einem Trio zu tun. Wir haben im Prozess nachweisen k\u00f6nnen, dass zahlreiche Personen dieses sogenannte NSU-Trio im Untergrund unterst\u00fctzt haben.&#8220;<\/figcaption><\/figure><\/p>\n<div style=\"height: 10px;\"><\/div>\n<p>(Fotos: \u00a9 J\u00f6rg Wagner)<\/p>\n<hr \/>\n<div style=\"height: 5px;\"><\/div>\n<p><html><br \/>\n     <head><\/p>\n<style type=\"text\/css\">\n       body {\n                     background: #DADADA;\n       }\n      <\/style>\n<p>     <\/head><br \/>\n     <body><br \/>\n<\/body><br \/>\n    <\/html><br \/>\n<script src=\"https:\/\/apis.google.com\/js\/plusone.js\" type=\"text\/javascript\">\/\/ < ![CDATA[ {lang: 'de'} \/\/ ]]><\/script><br \/>\n<script src=\"http:\/\/twittercounter.com\/embed\/?username=medienmagazin&amp;style=avatar\" type=\"text\/javascript\"><\/script><\/p>\n<p><noscript><a href=\"http:\/\/twittercounter.com\/medienmagazin\">medienmagazin on Twitter Counter<\/a><\/noscript><\/p>\n","protected":false},"excerpt":{"rendered":"<p>No audio playback capabilities, please download the audio belowDownload Audio: Closed Format: MP3 Download Was: Podiumsdiskussion vor der TV-Ausstrahlung &#8222;Mitten in Deutschland: NSU&#8220; Wer: (v.l.n.r.) * Dr. Mehmet Daimag\u00fcler, Rechtsanwalt, Kolumnist, Buchautor, seit 2011 Opferanwalt und Vertreter der Nebenklage beim NSU-Prozess * Gabriela Sperl, Produzentin der ARD\u2010Trilogie &#8222;Mitten in Deutschland: NSU&#8220; * Dorothea Marx, SPD-Politikerin [&hellip;]<\/p>\n","protected":false},"author":2,"featured_media":0,"comment_status":"open","ping_status":"open","sticky":false,"template":"","format":"standard","meta":{"_monsterinsights_skip_tracking":false,"_monsterinsights_sitenote_active":false,"_monsterinsights_sitenote_note":"","_monsterinsights_sitenote_category":0,"footnotes":""},"categories":[53],"tags":[30,635],"class_list":["post-30112","post","type-post","status-publish","format-standard","hentry","category-dokument","tag-ard","tag-nsu"],"_links":{"self":[{"href":"https:\/\/www.wwwagner.tv\/index.php?rest_route=\/wp\/v2\/posts\/30112","targetHints":{"allow":["GET"]}}],"collection":[{"href":"https:\/\/www.wwwagner.tv\/index.php?rest_route=\/wp\/v2\/posts"}],"about":[{"href":"https:\/\/www.wwwagner.tv\/index.php?rest_route=\/wp\/v2\/types\/post"}],"author":[{"embeddable":true,"href":"https:\/\/www.wwwagner.tv\/index.php?rest_route=\/wp\/v2\/users\/2"}],"replies":[{"embeddable":true,"href":"https:\/\/www.wwwagner.tv\/index.php?rest_route=%2Fwp%2Fv2%2Fcomments&post=30112"}],"version-history":[{"count":36,"href":"https:\/\/www.wwwagner.tv\/index.php?rest_route=\/wp\/v2\/posts\/30112\/revisions"}],"predecessor-version":[{"id":40366,"href":"https:\/\/www.wwwagner.tv\/index.php?rest_route=\/wp\/v2\/posts\/30112\/revisions\/40366"}],"wp:attachment":[{"href":"https:\/\/www.wwwagner.tv\/index.php?rest_route=%2Fwp%2Fv2%2Fmedia&parent=30112"}],"wp:term":[{"taxonomy":"category","embeddable":true,"href":"https:\/\/www.wwwagner.tv\/index.php?rest_route=%2Fwp%2Fv2%2Fcategories&post=30112"},{"taxonomy":"post_tag","embeddable":true,"href":"https:\/\/www.wwwagner.tv\/index.php?rest_route=%2Fwp%2Fv2%2Ftags&post=30112"}],"curies":[{"name":"wp","href":"https:\/\/api.w.org\/{rel}","templated":true}]}}